{"id":29913,"date":"2023-02-07T16:49:03","date_gmt":"2023-02-07T19:49:03","guid":{"rendered":"https:\/\/pcb.org.br\/portal2\/?p=29913"},"modified":"2023-02-07T16:49:03","modified_gmt":"2023-02-07T19:49:03","slug":"um-salve-para-espedito-de-oliveira-rocha","status":"publish","type":"post","link":"https:\/\/pcb.org.br\/portal2\/29913","title":{"rendered":"Um Salve para Espedito de Oliveira Rocha"},"content":{"rendered":"<p><img data-recalc-dims=\"1\" decoding=\"async\" class=\"imagem\" title=\"imagem\" src=\"https:\/\/coletivominervinocom.files.wordpress.com\/2022\/12\/espedito.png?w=747\" alt=\"imagem\" \/><!--more--><\/p>\n<p><strong>S\u00c9RIE PRETOS E VERMELHOS, via<a href=\"http:\/\/coletivominervino.com\/\"> Coletivo Negro Minervino de Oliveira<\/a><\/strong><\/p>\n<p><strong>Por Teylor Lourival (UJC Curitiba)<\/strong><\/p>\n<p>Conhe\u00e7a a hist\u00f3ria desse hist\u00f3rico militante do PCB no Paran\u00e1<\/p>\n<p>Espedito de Oliveira Rocha nasceu em 1\u00ba de janeiro de 1921, em Santa Clara, ent\u00e3o um distrito do munic\u00edpio de Bu\u00edque, hoje Tupanatinga, em Pernambuco. Foi o filho ca\u00e7ula de nove irm\u00e3os, e teve seu primeiro contato com a pol\u00edtica aos sete anos de idade, quando viu seu pai sair armado com mais algumas pessoas em dire\u00e7\u00e3o \u00e0 cidade em um dia de elei\u00e7\u00e3o.<\/p>\n<p>Espedito decide se organizar no PCB em 1938 na cidade de Garanhuns \u2013 PE, engajando-se na luta de resist\u00eancia ao regime ditatorial de Get\u00falio Vargas, e, militando na cidade de Santa Clara, conseguiu angariar 120 votos na cidade para o at\u00e9 ent\u00e3o desconhecido candidato a Deputado Federal do PCB nas elei\u00e7\u00f5es legais de 1945.<\/p>\n<p>Lavrador, funileiro, pedreiro, torneiro mec\u00e2nico, sapateiro, trabalhador dos transportes e das ind\u00fastrias qu\u00edmicas e, por fim, escultor e artista pl\u00e1stico, Espedito chega em Curitiba \u2013 PR em 1953, onde faz contato com o Partido e tem os primeiros contatos com atividades sindicais em primeiro de maio daquele ano. Espedito inicia sua jornada na milit\u00e2ncia sindical e passa pelos sindicatos de constru\u00e7\u00e3o civil, de metalurgia e de trabalhadores da ind\u00fastria qu\u00edmica, neste \u00faltimo onde exerceu os cargos de tesoureiro e presidente.<\/p>\n<p>Destacado dirigente comunista do movimento sindical, girado para atuar no interior do estado do Paran\u00e1, Espedito atuou diretamente na funda\u00e7\u00e3o de pelo menos dezoito sindicatos ligados a associa\u00e7\u00f5es camponesas e trabalhadores rurais, ficando amplamente conhecido entre a classe trabalhadora e entre os \u00f3rg\u00e3os de repress\u00e3o, como agitador, organizador e tamb\u00e9m formulador de propaganda nos jornais populares. Neste per\u00edodo, foi eleito primeiro suplente a vereador pelo PTB, sob a chancela e dirig\u00eancia do PCB, que estava na clandestinidade.<\/p>\n<p>(Panfleto volante da candidatura de Espedito, pelo PTB, para as elei\u00e7\u00f5es de 1962)<\/p>\n<p>Em 1962, candidata-se pela primeira vez ao cargo de vereador em Curitiba e se elege como primeiro suplente at\u00e9 o golpe de 1964, quando \u00e9 cassado. Entre o in\u00edcio da ditadura e a instaura\u00e7\u00e3o do Inqu\u00e9rito Policial Militar 709, em 1967, Espedito \u00e9 o \u00fanico dirigente do Partido no Paran\u00e1 a n\u00e3o ser preso, conseguindo fugir para o a Alagoas e posteriormente para o Mato Grosso, estado onde recebeu tarefas para administrar uma fazenda do PCB que era utilizada para ex\u00edlio interno de militantes em fuga da ditadura e para angariar finan\u00e7as para o Partido, onde usou os pseud\u00f4nimos de Tib\u00farcio Melo e Tadeu Silva, na condi\u00e7\u00e3o de membro do Comit\u00ea Central durante todo o regime militar.<\/p>\n<p>Muito experiente na luta camponesa pelos ac\u00famulos que construiu nos sindicatos rurais paranaenses, tocou a tarefa durante a d\u00e9cada de 70, uma das mais sombrias do Partido, at\u00e9 ser preso no estado do Mato Grosso. Levado para o DOI-CODI em S\u00e3o Paulo, Espedito foi duramente torturado por 120 dias, chegando a pesar 38 quilos. A pr\u00f3pria pol\u00edcia pol\u00edtica do Mato Grosso o leva de volta, com receio de que ele falecesse no DOI-CODI em S\u00e3o Paulo, e, levado de volta para a carceragem-hospitalar mato-grossense, se recupera e foge com a ajuda de mais camaradas do PCB.<\/p>\n<p>Foragido e clandestino, recebe o convite para ficar entocado na casa de camaradas que estavam fazendo o doutorado na Fran\u00e7a. Nesta casa havia um ateli\u00ea, e sem poder pisar na rua para n\u00e3o ser preso, se apropria dos materiais naquele espa\u00e7o e inicia sua carreira de escultor, o que fez com que ele se mostrasse futuramente um artista de renome em todo o pa\u00eds, n\u00e3o sem antes ser anistiado em 1979.<\/p>\n<p>(Espedito Rocha talhando e esculpindo madeira. Foto tirada em 2000, quando o camarada j\u00e1 estava anistiado e morando fixamente em Curitiba \u2013 PR)<br \/>\nNos anos 80, ap\u00f3s retornar da clandestinidade, busca organizar as tarefas de reconstru\u00e7\u00e3o do Partido no Paran\u00e1, criando cerca de cinquenta diret\u00f3rios municipais do PCB no estado. Nesta \u00e9poca, tocou as tarefas de Secret\u00e1rio Sindical do Comit\u00ea Municipal de Curitiba e Secret\u00e1rio Sindical da Dire\u00e7\u00e3o Estadual do Paran\u00e1, fundando nesta oportunidade 78 sindicatos urbanos e rurais, al\u00e9m de uma federa\u00e7\u00e3o dos trabalhadores da constru\u00e7\u00e3o civil, bem como cerca de dezesseis sindicatos de trabalhadores do com\u00e9rcio e da ind\u00fastria, e uma federa\u00e7\u00e3o de trabalhadores agr\u00edcolas.<\/p>\n<p>Espedito esteve na URSS por um per\u00edodo de quarenta dias em 1986, quando ganhou a viagem como pr\u00eamio por ter vendido a maior quantidade de jornais do partido em todo o pa\u00eds. Esteve ainda em Cuba no ano de 1988, junto com o ex-combatente da guerra civil espanhola e militante hist\u00f3rico do PCB no Paran\u00e1, Hon\u00f3rio Delgado R\u00fabio, que organizou dezenas de viagens de solidariedade \u00e0 ilha.<\/p>\n<p>Dirigente do PCB em Curitiba at\u00e9 os anos 90, permaneceu firme na linha revolucion\u00e1ria quando os liquidacionistas tentaram acabar com o Partido. Fiel n\u00e3o apenas \u00e0 reconstru\u00e7\u00e3o revolucion\u00e1ria do PCB, Espedito de Oliveira Rocha dedicou toda sua vida \u00e0s lutas de sua classe e \u00e0 constru\u00e7\u00e3o do operador pol\u00edtico da revolu\u00e7\u00e3o socialista no Brasil. J\u00e1 com idade avan\u00e7ada, foi nomeado como Presidente de Honra do PCB no Paran\u00e1, tocando algumas tarefas espor\u00e1dicas que o corpo lhe permitia, sendo tamb\u00e9m uma refer\u00eancia hist\u00f3rica e de ac\u00famulo para todes que militavam no estado.<\/p>\n<p>Espedito faleceu no dia 18 de novembro de 2010, aos 89 anos, recebendo homenagens de todo o pa\u00eds, de diversos sindicatos pelo estado e pelo pa\u00eds, de artistas, de v\u00e1rios partidos e figuras pol\u00edticas da esquerda. Espedito deixou 7 filhos, 13 netos e 2 bisnetos, seu vel\u00f3rio ocorreu com honras na Assembleia Legislativa do Estado do Paran\u00e1 e desde sua morte foram escritos sobre ele livros, poemas e diversas homenagens de comunistas que dividiram as trincheiras com o camarada, quem consideravam um exemplo e um her\u00f3i.<\/p>\n<p>\u201cEspedito de Oliveira Rocha \u00e9 um desses homens que desafiam as injun\u00e7\u00f5es pr\u00f3prias de quem \u00e9 ligado ao mundo do trabalho. Na cartilha mais dif\u00edcil, aprendeu a vida por ela pr\u00f3pria. Transformou em poema de aroeira, peroba e cedro tudo o que viu e viveu.\u201d<\/p>\n<p>Espedito esculpiu em madeira at\u00e9 15 dias antes de sua morte, e compareceu a uma atividade do PCB no m\u00eas de outubro, cerca de um m\u00eas antes de falecer. Homem negro, retirante e oper\u00e1rio, o camarada Espedito de Oliveira Rocha \u00e9 um dos maiores quadros desconhecidos da hist\u00f3ria do Partido Comunista Brasileiro, uma s\u00edntese da classe trabalhadora e um dirigente hist\u00f3rico, uma dessas figuras que precisamos, por obriga\u00e7\u00e3o revolucion\u00e1ria, conhecer melhor.<\/p>\n<p>REFER\u00caNCIAS:<\/p>\n<p>Um ano sem o camarada Espedito Rocha\u2026 Camarada Espedito, Presente! \u2013 PCB \u2013 Partido Comunista Brasileiro<\/p>\n<p>Espedito Rocha, um comunista exemplar \u2013 PCB \u2013 Partido Comunista Brasileiro<\/p>\n<p>Sindijus PR \u2013 Noticias \u2013 Faleceu Espedito Rocha<\/p>\n<p>Assembleia Legislativa do Paran\u00e1 | Not\u00edcias &gt; L\u00edder Comunista \u00e9 Velado Na Assembleia Legislativa<\/p>\n<p>Ele foi do \u2018Partid\u00e3o\u2019 \u2013 Aroldo Mur\u00e1Aroldo Mur\u00e1 (aroldomura.com.br)<\/p>\n<p>Morre o dirigente e artista pl\u00e1stico Espedito Rocha | Not\u00edcias, Paran\u00e1 | Tribuna do Paran\u00e1 (uol.com.br)<\/p>\n<p>Paran\u00e1 vermelho (gazetadopovo.com.br)<\/p>\n<p>Mem\u00f3ria paranaense, entrevista com Espedito Rocha, ex-digigente sindical e Ex-Presidente do PCB (ufpr.br)<\/p>\n<p>C\u00e2mara Municipal de Paranavai (cmparanavai.pr.gov.br)<\/p>\n<p>Conhe\u00e7a o Livro &#8220;Este Espedito: Escultura e Esperan\u00e7a&#8221;, \u00e0 venda pela Vitrine Comunista:<\/p>\n<p>https:\/\/vitrinecomunista.com.br\/produtos\/livro-este-espedito-escultura-e-esperanca\/<\/p>\n","protected":false},"excerpt":{"rendered":"<a class=\"moretag\" href=\"https:\/\/pcb.org.br\/portal2\/29913\"> <\/a>","protected":false},"author":1,"featured_media":0,"comment_status":"closed","ping_status":"closed","sticky":false,"template":"","format":"standard","meta":{"jetpack_post_was_ever_published":false,"_jetpack_newsletter_access":"","_jetpack_dont_email_post_to_subs":false,"_jetpack_newsletter_tier_id":0,"_jetpack_memberships_contains_paywalled_content":false,"_jetpack_memberships_contains_paid_content":false,"footnotes":"","jetpack_publicize_message":"","jetpack_publicize_feature_enabled":true,"jetpack_social_post_already_shared":true,"jetpack_social_options":{"image_generator_settings":{"template":"highway","default_image_id":0,"font":"","enabled":false},"version":2}},"categories":[1],"tags":[224],"class_list":["post-29913","post","type-post","status-publish","format-standard","hentry","category-geral","tag-3b"],"jetpack_publicize_connections":[],"jetpack_featured_media_url":"","jetpack_shortlink":"https:\/\/wp.me\/p659gw-7Mt","jetpack-related-posts":[],"jetpack_likes_enabled":true,"jetpack_sharing_enabled":true,"_links":{"self":[{"href":"https:\/\/pcb.org.br\/portal2\/wp-json\/wp\/v2\/posts\/29913","targetHints":{"allow":["GET"]}}],"collection":[{"href":"https:\/\/pcb.org.br\/portal2\/wp-json\/wp\/v2\/posts"}],"about":[{"href":"https:\/\/pcb.org.br\/portal2\/wp-json\/wp\/v2\/types\/post"}],"author":[{"embeddable":true,"href":"https:\/\/pcb.org.br\/portal2\/wp-json\/wp\/v2\/users\/1"}],"replies":[{"embeddable":true,"href":"https:\/\/pcb.org.br\/portal2\/wp-json\/wp\/v2\/comments?post=29913"}],"version-history":[{"count":0,"href":"https:\/\/pcb.org.br\/portal2\/wp-json\/wp\/v2\/posts\/29913\/revisions"}],"wp:attachment":[{"href":"https:\/\/pcb.org.br\/portal2\/wp-json\/wp\/v2\/media?parent=29913"}],"wp:term":[{"taxonomy":"category","embeddable":true,"href":"https:\/\/pcb.org.br\/portal2\/wp-json\/wp\/v2\/categories?post=29913"},{"taxonomy":"post_tag","embeddable":true,"href":"https:\/\/pcb.org.br\/portal2\/wp-json\/wp\/v2\/tags?post=29913"}],"curies":[{"name":"wp","href":"https:\/\/api.w.org\/{rel}","templated":true}]}}