{"id":29987,"date":"2023-02-20T16:27:31","date_gmt":"2023-02-20T19:27:31","guid":{"rendered":"https:\/\/pcb.org.br\/portal2\/?p=29987"},"modified":"2023-02-20T16:27:31","modified_gmt":"2023-02-20T19:27:31","slug":"pc-paraguaio-celebra-95-anos-com-ato-politico-cultural","status":"publish","type":"post","link":"https:\/\/pcb.org.br\/portal2\/29987","title":{"rendered":"PC Paraguaio celebra 95 anos com ato pol\u00edtico-cultural"},"content":{"rendered":"<p><img data-recalc-dims=\"1\" loading=\"lazy\" decoding=\"async\" data-attachment-id=\"29988\" data-permalink=\"https:\/\/pcb.org.br\/portal2\/29987\/unnamed-6\" data-orig-file=\"https:\/\/i0.wp.com\/pcb.org.br\/portal2\/wp-content\/uploads\/2023\/02\/unnamed.jpg?fit=1128%2C750&amp;ssl=1\" data-orig-size=\"1128,750\" data-comments-opened=\"0\" data-image-meta=\"{&quot;aperture&quot;:&quot;0&quot;,&quot;credit&quot;:&quot;&quot;,&quot;camera&quot;:&quot;&quot;,&quot;caption&quot;:&quot;&quot;,&quot;created_timestamp&quot;:&quot;0&quot;,&quot;copyright&quot;:&quot;&quot;,&quot;focal_length&quot;:&quot;0&quot;,&quot;iso&quot;:&quot;0&quot;,&quot;shutter_speed&quot;:&quot;0&quot;,&quot;title&quot;:&quot;&quot;,&quot;orientation&quot;:&quot;0&quot;}\" data-image-title=\"unnamed\" data-image-description=\"\" data-image-caption=\"\" data-large-file=\"https:\/\/i0.wp.com\/pcb.org.br\/portal2\/wp-content\/uploads\/2023\/02\/unnamed.jpg?fit=747%2C496&amp;ssl=1\" class=\"alignnone size-large wp-image-29988\" src=\"https:\/\/i0.wp.com\/pcb.org.br\/portal2\/wp-content\/uploads\/2023\/02\/unnamed.jpg?resize=747%2C496&#038;ssl=1\" alt=\"\" width=\"747\" height=\"496\" srcset=\"https:\/\/i0.wp.com\/pcb.org.br\/portal2\/wp-content\/uploads\/2023\/02\/unnamed.jpg?resize=900%2C598&amp;ssl=1 900w, https:\/\/i0.wp.com\/pcb.org.br\/portal2\/wp-content\/uploads\/2023\/02\/unnamed.jpg?resize=300%2C199&amp;ssl=1 300w, https:\/\/i0.wp.com\/pcb.org.br\/portal2\/wp-content\/uploads\/2023\/02\/unnamed.jpg?resize=768%2C511&amp;ssl=1 768w, https:\/\/i0.wp.com\/pcb.org.br\/portal2\/wp-content\/uploads\/2023\/02\/unnamed.jpg?w=1128&amp;ssl=1 1128w\" sizes=\"auto, (max-width: 747px) 100vw, 747px\" \/><!--more--><\/p>\n<p>Adelante! &#8211; \u00f3rg\u00e3o oficial do Partido Comunista Paraguaio<\/p>\n<p>O Partido Comunista Paraguaio comemorou seus 95 anos de exist\u00eancia com um ato pol\u00edtico-cultural neste s\u00e1bado, dia 18 de fevereiro, em frente ao seu escrit\u00f3rio central (Brasil 228 c\/ Jos\u00e9 Berges) na cidade de Assun\u00e7\u00e3o. Durante o evento, foi inaugurada a exposi\u00e7\u00e3o &#8220;Mem\u00f3ria do Futuro&#8221;, composta por 60 obras do artista pl\u00e1stico e militante comunista Alberto Barrett, falecido em Buenos Aires em 2018.<\/p>\n<p>Tamb\u00e9m foi realizada uma homenagem ao rec\u00e9m-falecido camarada Luis Mar\u00eda Mart\u00ednez, prol\u00edfico escritor da milit\u00e2ncia comunista, v\u00e1rias vezes diretor do jornal Adelante! e membro da Sociedade de Escritores do Paraguai. Houve um ato de doa\u00e7\u00e3o, por herdeiros, de um lote de livros de Mauricio Schvartman, que tamb\u00e9m foi um proeminente l\u00edder comunista.<\/p>\n<p>A &#8220;Canci\u00f3n a Flores&#8221;, interpretada por Ariel Prieto e N\u00e9stor Amarilla Ojeda, e a participa\u00e7\u00e3o de &#8220;La Tocatta&#8221; deram as notas musicais ao evento que contou ainda com a declama\u00e7\u00e3o de v\u00e1rias obras po\u00e9ticas.O discurso central do ato foi proferido pelo Secret\u00e1rio-Geral do PCP, Najeeb Amado, tamb\u00e9m candidato ao Senado pela lista 40 (op\u00e7\u00e3o 15) da Alian\u00e7a Frente Guas\u00fa \u2013 \u00d1emongueta. O PCP tamb\u00e9m apresenta candidatos \u00e0s Diretorias Departamentais do Alto Paran\u00e1, Central e S\u00e3o Pedro.<\/p>\n<p>Fundado em 19 de fevereiro de 1928, o Partido Comunista Paraguaio \u00e9 considerado um dos quatro partidos tradicionais do pa\u00eds. Durante sua vida quase centen\u00e1ria, o PCP foi protagonista fundamental das principais lutas populares que marcaram a hist\u00f3ria do Paraguai e do mundo, desde os Comit\u00eas Antiguerra, denunciando os interesses imperialistas na Guerra do Chaco, organizando os brigadistas paraguaios que participaram das Brigadas Internacionais durante a Guerra Civil Espanhola e no combate ao lado dos guerrilheiros antifascistas durante a Segunda Guerra Mundial; atuando nas fileiras combatentes e rebeldes durante a Guerra Civil de 1947; liderando a organiza\u00e7\u00e3o da classe trabalhadora e do Conselho de Trabalhadores do Paraguai que realizou a primeira Greve Geral de 1958 contra Alfredo Stroessner; denunciando o car\u00e1ter trai\u00e7oeiro e criminoso do Tratado de Itaipu; organizando a luta clandestina e a Frente Unida de Liberta\u00e7\u00e3o Nacional (FULNA) para derrubar a tirania militar fascista, entre outros grandes marcos de nossa hist\u00f3ria recente.<\/p>\n<p>Nas fileiras da Juventude e do Partido Comunista, militaram grandes refer\u00eancias da juventude, do movimento sindical e campon\u00eas, bem como destacadas personalidades da academia, arte, ci\u00eancia e cultura, como Jos\u00e9 Assun\u00e7\u00e3o Flores, Elvio Romero, Carmen Soler, Carlos Lara Bareiro, Luis Mar\u00eda Martinez, Derlis Villagra, Antonio Maidana, Miguel \u00c1ngel Soler, C\u00e1stulo Vera B\u00e1ez, Mariano Roque Alonso, F\u00e9lix H. Aguero , Mauricio Schwartzman, F\u00e9lix de Guarania, Anan\u00edas Maidana, Alberto, Soledad, Alex and Rafael Barrett, Luis Casabianca, Evaristo Gonz\u00e1lez, Juana Peralta, Idalina Gaona, Julia Solalinde, Antonia Perruchino, Agapito Valiente, \u00d3scar Creydt , Octavio Rub\u00e9n Gonz\u00e1lez Acosta, Obdulio Barthe, Virgilio Bareiro, Di\u00f3smedes Mora, Julio Rojas, Alfredo Alcorta, Antonio Alonso, Wilfrido \u00c1lvarez, Celsa Ram\u00edrez, Antonio Carrera, entre muitos outros e outras militantes que lutaram pela liberta\u00e7\u00e3o nacional e pelo socialismo, v\u00e1rios deles sofrendo pris\u00e3o, tortura, ex\u00edlio, morte e at\u00e9 desaparecimento for\u00e7ado.<\/p>\n<p>Tradu\u00e7\u00e3o: Partido Comunista Brasileiro (PCB)<br \/>\nFonte: <a href=\"https:\/\/adelantenoticias.com\/2023\/02\/17\/partido-comunista-95-anos\/\">https:\/\/adelantenoticias.com\/2023\/02\/17\/partido-comunista-95-anos\/<\/a><\/p>\n","protected":false},"excerpt":{"rendered":"<a class=\"moretag\" href=\"https:\/\/pcb.org.br\/portal2\/29987\"> <\/a>","protected":false},"author":8,"featured_media":0,"comment_status":"closed","ping_status":"closed","sticky":false,"template":"","format":"standard","meta":{"jetpack_post_was_ever_published":false,"_jetpack_newsletter_access":"","_jetpack_dont_email_post_to_subs":false,"_jetpack_newsletter_tier_id":0,"_jetpack_memberships_contains_paywalled_content":false,"_jetpack_memberships_contains_paid_content":false,"footnotes":"","jetpack_publicize_message":"","jetpack_publicize_feature_enabled":true,"jetpack_social_post_already_shared":true,"jetpack_social_options":{"image_generator_settings":{"template":"highway","default_image_id":0,"font":"","enabled":false},"version":2}},"categories":[73,242,1,75,146,35],"tags":[227],"class_list":["post-29987","post","type-post","status-publish","format-standard","hentry","category-c86-anti-imperialismo","category-eipco","category-geral","category-c88-internacionalismo","category-internacionalismo","category-c40-paraguai","tag-5a"],"jetpack_publicize_connections":[],"jetpack_featured_media_url":"","jetpack_shortlink":"https:\/\/wp.me\/p659gw-7NF","jetpack-related-posts":[],"jetpack_likes_enabled":true,"jetpack_sharing_enabled":true,"_links":{"self":[{"href":"https:\/\/pcb.org.br\/portal2\/wp-json\/wp\/v2\/posts\/29987","targetHints":{"allow":["GET"]}}],"collection":[{"href":"https:\/\/pcb.org.br\/portal2\/wp-json\/wp\/v2\/posts"}],"about":[{"href":"https:\/\/pcb.org.br\/portal2\/wp-json\/wp\/v2\/types\/post"}],"author":[{"embeddable":true,"href":"https:\/\/pcb.org.br\/portal2\/wp-json\/wp\/v2\/users\/8"}],"replies":[{"embeddable":true,"href":"https:\/\/pcb.org.br\/portal2\/wp-json\/wp\/v2\/comments?post=29987"}],"version-history":[{"count":0,"href":"https:\/\/pcb.org.br\/portal2\/wp-json\/wp\/v2\/posts\/29987\/revisions"}],"wp:attachment":[{"href":"https:\/\/pcb.org.br\/portal2\/wp-json\/wp\/v2\/media?parent=29987"}],"wp:term":[{"taxonomy":"category","embeddable":true,"href":"https:\/\/pcb.org.br\/portal2\/wp-json\/wp\/v2\/categories?post=29987"},{"taxonomy":"post_tag","embeddable":true,"href":"https:\/\/pcb.org.br\/portal2\/wp-json\/wp\/v2\/tags?post=29987"}],"curies":[{"name":"wp","href":"https:\/\/api.w.org\/{rel}","templated":true}]}}