{"id":30019,"date":"2023-02-24T21:45:21","date_gmt":"2023-02-25T00:45:21","guid":{"rendered":"https:\/\/pcb.org.br\/portal2\/?p=30019"},"modified":"2023-02-24T21:45:21","modified_gmt":"2023-02-25T00:45:21","slug":"trabalho-escravo-em-bento-goncalves-rs","status":"publish","type":"post","link":"https:\/\/pcb.org.br\/portal2\/30019","title":{"rendered":"Trabalho escravo em Bento Gon\u00e7alves-RS"},"content":{"rendered":"<p><img data-recalc-dims=\"1\" loading=\"lazy\" decoding=\"async\" data-attachment-id=\"30020\" data-permalink=\"https:\/\/pcb.org.br\/portal2\/30019\/snapinsta-app_1080_332826314_779737370240923_7422431217946484396_n\" data-orig-file=\"https:\/\/i0.wp.com\/pcb.org.br\/portal2\/wp-content\/uploads\/2023\/02\/Snapinsta.app_1080_332826314_779737370240923_7422431217946484396_n.jpg?fit=1080%2C1080&amp;ssl=1\" data-orig-size=\"1080,1080\" data-comments-opened=\"0\" data-image-meta=\"{&quot;aperture&quot;:&quot;0&quot;,&quot;credit&quot;:&quot;&quot;,&quot;camera&quot;:&quot;&quot;,&quot;caption&quot;:&quot;&quot;,&quot;created_timestamp&quot;:&quot;0&quot;,&quot;copyright&quot;:&quot;&quot;,&quot;focal_length&quot;:&quot;0&quot;,&quot;iso&quot;:&quot;0&quot;,&quot;shutter_speed&quot;:&quot;0&quot;,&quot;title&quot;:&quot;&quot;,&quot;orientation&quot;:&quot;0&quot;}\" data-image-title=\"Snapinsta.app_1080_332826314_779737370240923_7422431217946484396_n\" data-image-description=\"\" data-image-caption=\"\" data-large-file=\"https:\/\/i0.wp.com\/pcb.org.br\/portal2\/wp-content\/uploads\/2023\/02\/Snapinsta.app_1080_332826314_779737370240923_7422431217946484396_n.jpg?fit=747%2C747&amp;ssl=1\" class=\"alignnone size-large wp-image-30020\" src=\"https:\/\/i0.wp.com\/pcb.org.br\/portal2\/wp-content\/uploads\/2023\/02\/Snapinsta.app_1080_332826314_779737370240923_7422431217946484396_n.jpg?resize=747%2C747&#038;ssl=1\" alt=\"\" width=\"747\" height=\"747\" srcset=\"https:\/\/i0.wp.com\/pcb.org.br\/portal2\/wp-content\/uploads\/2023\/02\/Snapinsta.app_1080_332826314_779737370240923_7422431217946484396_n.jpg?resize=900%2C900&amp;ssl=1 900w, https:\/\/i0.wp.com\/pcb.org.br\/portal2\/wp-content\/uploads\/2023\/02\/Snapinsta.app_1080_332826314_779737370240923_7422431217946484396_n.jpg?resize=300%2C300&amp;ssl=1 300w, https:\/\/i0.wp.com\/pcb.org.br\/portal2\/wp-content\/uploads\/2023\/02\/Snapinsta.app_1080_332826314_779737370240923_7422431217946484396_n.jpg?resize=150%2C150&amp;ssl=1 150w, https:\/\/i0.wp.com\/pcb.org.br\/portal2\/wp-content\/uploads\/2023\/02\/Snapinsta.app_1080_332826314_779737370240923_7422431217946484396_n.jpg?resize=768%2C768&amp;ssl=1 768w, https:\/\/i0.wp.com\/pcb.org.br\/portal2\/wp-content\/uploads\/2023\/02\/Snapinsta.app_1080_332826314_779737370240923_7422431217946484396_n.jpg?w=1080&amp;ssl=1 1080w\" sizes=\"auto, (max-width: 747px) 100vw, 747px\" \/><!--more--><\/p>\n<p><strong>PCB Rio Grande do Sul<\/strong><\/p>\n<p>Foi noticiado nesta Quinta (23\/2) a pris\u00e3o de um empres\u00e1rio baiano respons\u00e1vel por deixar mais de 180 trabalhadores em situa\u00e7\u00f5es an\u00e1logas a escravid\u00e3o na Serra Ga\u00facha.<br \/>\nOs trabalhadores foram contratados em seus estados de origem, sendo a maioria da Bahia, para trabalhar nas colheitas de uva e no abate de aves das granjas, prestando servi\u00e7os terceirizados a empresas locais, como a Vin\u00edcola Salton. Segundo a reportagem, tr\u00eas trabalhadores denunciaram as condi\u00e7\u00f5es de trabalho, com condi\u00e7\u00f5es totalmente diversas das prometidas pela contratante, com uma carga de trabalho bem maior, atraso no pagamento, oferta de alimentos estragados e alojamentos prec\u00e1rios, al\u00e9m de serem mantidos \u00e0 for\u00e7a no local.<\/p>\n<p>O flagrante da atua\u00e7\u00e3o da Policia Federal na &#8220;pousada&#8221; que servia de alojamento, no bairro Borgo em Bento Gon\u00e7alves, por si s\u00f3 demonstra as situa\u00e7\u00f5es prec\u00e1rias do alojamento, cuja distancia geogr\u00e1fica de seus respectivos estados de origem coage os trabalhadores a permanecer na regi\u00e3o. Um dos denunciantes, foi atacado com cadeiradas e spray de Pimenta por denunciar as condi\u00e7\u00f5es de trabalho. Todas as den\u00fancias e reportagens acerca do fato descrevem bem O modo de a\u00e7\u00e3o do trabalho escravo por dividas, onde as despesas &#8211; que deveriam ser bancadas pelo empregador &#8211; s\u00e3o descontadas do sal\u00e1rio de forma superfaturada e sem comprova\u00e7\u00e3o real se tais gastos s\u00e3o de fato correspondentes ao consumo, gerando uma &#8220;d\u00edvida&#8221; que nunca se paga pelo sal\u00e1rio E for\u00e7a os trabalhadores a se submeterem \u00e0quelas situa\u00e7\u00f5es sob amea\u00e7as diretas de morte.<\/p>\n<p>A terceiriza\u00e7\u00e3o \u00e9 um perfeito mecanismo para que empresas de grande porte lavem as m\u00e3os na explora\u00e7\u00e3o de m\u00e3o de obra barata e prec\u00e1ria a servi\u00e7o de suas instala\u00e7\u00f5es. A Vin\u00edcola Salton, famosa pela produ\u00e7\u00e3o de vinhos e espumantes de qualidade not\u00e1vel e a Vin\u00edcola Garibaldi, foram citadas como contratantes deste servi\u00e7o terceirizado.<\/p>\n<p>Quando os comunistas denunciam as terceiriza\u00e7\u00f5es como um mecanismo jur\u00eddico de precariza\u00e7\u00e3o das condi\u00e7\u00f5es e rela\u00e7\u00f5es de trabalho, \u00e9 por conta de situa\u00e7\u00f5es como essa onde a m\u00e3o de obra da classe trabalhadora, precarizada, \u00e9 explorada at\u00e9 para al\u00eam dos limites estabelecidos pelo sistema juridico burgu\u00eas. Seja nas lavouras, na constru\u00e7\u00e3o civil ou na ind\u00fastria t\u00eaxtil (para nos determos em exemplos mais recorrentres de explora\u00e7\u00e3o de trabalho escravo no Brasil), empresas de fachada fazem o servi\u00e7o sujo de explorar a mis\u00e9ria alheia e o desespero das massas desempregadas para ofertar servi\u00e7os que n\u00e3o coincidem com as promessas feitas durante o contrato, quando os levam para trabalhar em outros estados, distantes de qualquer retaguarda de solidariedade ao ficar isolados da popula\u00e7\u00e3o local em alojamentos que s\u00e3o verdadeiras pris\u00f5es.<\/p>\n<p>Independente da origem dos trabalhadores, os comunistas ga\u00fachos extendem sua solidariedade aos trabalhadores explorados em condi\u00e7\u00f5es parecidas que todos os anos vem trabalhar nas safras da regi\u00e3o e acabam presos nestas situa\u00e7\u00f5es. \u00c9 tarefa ir para al\u00eam das den\u00fancias formais para o Minist\u00e9rio do Trabalho. Precisamos fortalecer os la\u00e7os de camaradagem entre o movimento de trabalhadores organizados locais e estes trabalhadores migrantes, preparar sua organiza\u00e7\u00e3o e combater os contratos vigaristas e as empresas tercerizadas que se valem destes contratos para explorar de forma canalha a m\u00e3o de obra precarizado. Denunciar para toda a popula\u00e7\u00e3o local, com que suor e sangue e sobre quais condi\u00e7\u00f5es as empresas locais extraem seus lucros: \u00e0s custas da dignidade humana!<\/p>\n<p>https:\/\/gauchazh.clicrbs.com.br\/pioneiro\/geral\/noticia\/2023\/02\/tomei-cadeirada-e-spray-de-pimenta-diz-homem-agredido-apos-denunciar-situacao-analoga-a-escravidao-em-bento-goncalves-clegjg8z30037017lxo6crvuc.htmlhttps:\/\/g1.globo.com\/rs\/rio-grande-do-sul\/noticia\/2023\/02\/23\/empresario-e-preso-por-manter-150-trabalhadores-em-condicoes-analogas-a-escravidao-em-bento-goncalves-diz-policia.ghtmlhttps:\/\/leouve.com.br\/ultimas\/nordestinos-sao-resgatados-em-acao-contra-trabalho-escravo-e-trafico-de-pessoas-em-bento-goncalves<\/p>\n<p>&nbsp;<\/p>\n","protected":false},"excerpt":{"rendered":"<a class=\"moretag\" href=\"https:\/\/pcb.org.br\/portal2\/30019\"> <\/a>","protected":false},"author":8,"featured_media":0,"comment_status":"closed","ping_status":"closed","sticky":false,"template":"","format":"standard","meta":{"jetpack_post_was_ever_published":false,"_jetpack_newsletter_access":"","_jetpack_dont_email_post_to_subs":false,"_jetpack_newsletter_tier_id":0,"_jetpack_memberships_contains_paywalled_content":false,"_jetpack_memberships_contains_paid_content":false,"footnotes":"","jetpack_publicize_message":"","jetpack_publicize_feature_enabled":true,"jetpack_social_post_already_shared":true,"jetpack_social_options":{"image_generator_settings":{"template":"highway","default_image_id":0,"font":"","enabled":false},"version":2}},"categories":[207,382,20],"tags":[225],"class_list":["post-30019","post","type-post","status-publish","format-standard","hentry","category-lutas-nos-estados","category-negro","category-c1-popular","tag-4a"],"jetpack_publicize_connections":[],"jetpack_featured_media_url":"","jetpack_shortlink":"https:\/\/wp.me\/p659gw-7Ob","jetpack-related-posts":[],"jetpack_likes_enabled":true,"jetpack_sharing_enabled":true,"_links":{"self":[{"href":"https:\/\/pcb.org.br\/portal2\/wp-json\/wp\/v2\/posts\/30019","targetHints":{"allow":["GET"]}}],"collection":[{"href":"https:\/\/pcb.org.br\/portal2\/wp-json\/wp\/v2\/posts"}],"about":[{"href":"https:\/\/pcb.org.br\/portal2\/wp-json\/wp\/v2\/types\/post"}],"author":[{"embeddable":true,"href":"https:\/\/pcb.org.br\/portal2\/wp-json\/wp\/v2\/users\/8"}],"replies":[{"embeddable":true,"href":"https:\/\/pcb.org.br\/portal2\/wp-json\/wp\/v2\/comments?post=30019"}],"version-history":[{"count":0,"href":"https:\/\/pcb.org.br\/portal2\/wp-json\/wp\/v2\/posts\/30019\/revisions"}],"wp:attachment":[{"href":"https:\/\/pcb.org.br\/portal2\/wp-json\/wp\/v2\/media?parent=30019"}],"wp:term":[{"taxonomy":"category","embeddable":true,"href":"https:\/\/pcb.org.br\/portal2\/wp-json\/wp\/v2\/categories?post=30019"},{"taxonomy":"post_tag","embeddable":true,"href":"https:\/\/pcb.org.br\/portal2\/wp-json\/wp\/v2\/tags?post=30019"}],"curies":[{"name":"wp","href":"https:\/\/api.w.org\/{rel}","templated":true}]}}