{"id":30049,"date":"2023-03-01T14:54:58","date_gmt":"2023-03-01T17:54:58","guid":{"rendered":"https:\/\/pcb.org.br\/portal2\/?p=30049"},"modified":"2023-03-01T14:55:15","modified_gmt":"2023-03-01T17:55:15","slug":"estamos-de-pe-para-nao-mais-sufocar-sob-os-escombros","status":"publish","type":"post","link":"https:\/\/pcb.org.br\/portal2\/30049","title":{"rendered":"Estamos de p\u00e9, para n\u00e3o mais sufocar sob os escombros!"},"content":{"rendered":"<p><img data-recalc-dims=\"1\" loading=\"lazy\" decoding=\"async\" data-attachment-id=\"30050\" data-permalink=\"https:\/\/pcb.org.br\/portal2\/30049\/image-1-17\" data-orig-file=\"https:\/\/i0.wp.com\/pcb.org.br\/portal2\/wp-content\/uploads\/2023\/03\/image-1.png?fit=768%2C432&amp;ssl=1\" data-orig-size=\"768,432\" data-comments-opened=\"0\" data-image-meta=\"{&quot;aperture&quot;:&quot;0&quot;,&quot;credit&quot;:&quot;&quot;,&quot;camera&quot;:&quot;&quot;,&quot;caption&quot;:&quot;&quot;,&quot;created_timestamp&quot;:&quot;0&quot;,&quot;copyright&quot;:&quot;&quot;,&quot;focal_length&quot;:&quot;0&quot;,&quot;iso&quot;:&quot;0&quot;,&quot;shutter_speed&quot;:&quot;0&quot;,&quot;title&quot;:&quot;&quot;,&quot;orientation&quot;:&quot;0&quot;}\" data-image-title=\"image (1)\" data-image-description=\"\" data-image-caption=\"\" data-large-file=\"https:\/\/i0.wp.com\/pcb.org.br\/portal2\/wp-content\/uploads\/2023\/03\/image-1.png?fit=747%2C420&amp;ssl=1\" class=\"alignnone size-full wp-image-30050\" src=\"https:\/\/i0.wp.com\/pcb.org.br\/portal2\/wp-content\/uploads\/2023\/03\/image-1.png?resize=747%2C420&#038;ssl=1\" alt=\"\" width=\"747\" height=\"420\" srcset=\"https:\/\/i0.wp.com\/pcb.org.br\/portal2\/wp-content\/uploads\/2023\/03\/image-1.png?w=768&amp;ssl=1 768w, https:\/\/i0.wp.com\/pcb.org.br\/portal2\/wp-content\/uploads\/2023\/03\/image-1.png?resize=300%2C169&amp;ssl=1 300w\" sizes=\"auto, (max-width: 747px) 100vw, 747px\" \/><!--more--><\/p>\n<p><strong>TKP &#8211; Partido Comunista da Turquia<\/strong><\/p>\n<p>Em 18 de fevereiro, um grande evento em Ancara foi realizado pelo TKP, pedindo solidariedade e luta pol\u00edtica diante do terremoto<\/p>\n<p>Na madrugada do dia 6 de fevereiro, a regi\u00e3o sul da Turquia foi atingida por um grave terremoto, seguido de outro durante o dia, de magnitudes 7,7 e 7,6, respectivamente. O terremoto atingiu uma ampla zona de mais de 10 cidades. O Partido Comunista da Turquia iniciou seu trabalho de resgate e solidariedade imediatamente ap\u00f3s o terremoto na regi\u00e3o afetada e em outras partes do pa\u00eds, coletando materiais de ajuda e canalizando-os para os necessitados.<\/p>\n<p>No s\u00e1bado, 18 de fevereiro, foi realizado um grande evento no Centro Cultural Kocatepe de Ancara, com o slogan \u201cEstamos de p\u00e9, para n\u00e3o mais sufocar sob os escombros!<\/p>\n<p>O evento contou com a presen\u00e7a de militantes e amigos do TKP, al\u00e9m de membros do Comit\u00ea Central. O secret\u00e1rio-geral do TKP, Kemal Okuyan, e o dirigente do Comit\u00ea do TKP em Ankara, Ali Ufuk Arikan, falaram no evento. Uma delega\u00e7\u00e3o da dire\u00e7\u00e3o do Partido Comunista da Gr\u00e9cia, que esteve em Ancara para uma visita de solidariedade, tamb\u00e9m esteve presente no evento. Giorgos Marinos, Membro do Bureau Pol\u00edtico do Partido Comunista da Gr\u00e9cia, discursou em nome do internacionalismo prolet\u00e1rio e da solidariedade.<\/p>\n<p>\u201cPerdemos dezenas de milhares de cidad\u00e3os, os respons\u00e1veis ser\u00e3o julgados!\u201d<\/p>\n<p>O dirigente do TKP de Ankara, Ali Ufuk Arikan, mencionou que o evento estava sendo realizado em dias muito desafiadores, marcados pela perda de dezenas de milhares de pessoas. \u201cN\u00f3s nos reunimos hoje com nossa f\u00faria e nossa vontade de defender os direitos de nosso povo, contra aqueles que declararam incentivos aos patr\u00f5es dez dias ap\u00f3s o terremoto. Nossa f\u00faria \u00e9 contra aqueles que entregam crian\u00e7as desacompanhadas que perderam seus pais a seitas religiosas\u201d, disse Arikan, agradecendo a todos que participaram das atividades solid\u00e1rias.<\/p>\n<p>No evento tamb\u00e9m foi exibido um document\u00e1rio que retrata os esfor\u00e7os de resgate e solidariedade do TKP.<\/p>\n<p>\u201cSolidariedade e luta conjunta contra os exploradores e seus representantes pol\u00edticos\u201d<\/p>\n<p>Segue abaixo um pequeno trecho da sauda\u00e7\u00e3o do membro do Bureau Pol\u00edtico do KKE, Giorgos Marinos:<\/p>\n<p>\u201cAs responsabilidades do estado burgu\u00eas s\u00e3o criminosas. Vivemos em uma \u00e1rea propensa a terremotos, portanto, s\u00e3o necess\u00e1rias medidas substanciais de prote\u00e7\u00e3o contra o terremoto, c\u00f3digos de constru\u00e7\u00e3o s\u00edsmica modernos, edif\u00edcios dur\u00e1veis, verifica\u00e7\u00f5es regulares e interven\u00e7\u00f5es estruturais. Tudo isso pode ser feito. Dispomos do conhecimento cient\u00edfico necess\u00e1rio e dos meios tecnol\u00f3gicos adequados. No entanto, o estado burgu\u00eas e seus governos servem aos interesses e lucros de poucos, do grande capital. Eles atropelam as necessidades do povo, alocam bilh\u00f5es de d\u00f3lares para a corrida armamentista e as necessidades da OTAN, para a competi\u00e7\u00e3o imperialista e para as guerras. Os povos da Turquia, Gr\u00e9cia e outros pa\u00edses pagam com suas pr\u00f3prias vidas esta barb\u00e1rie capitalista.<\/p>\n<p>Caros camaradas e amigos, a resposta do povo grego e sua solidariedade \u00e9 surpreendente! O KKE e o KNE, a Frente Militante de Todos os Trabalhadores (PAME), os sindicatos e outras organiza\u00e7\u00f5es de massa est\u00e3o na vanguarda, coletando itens essenciais e organizando doa\u00e7\u00f5es de sangue. Grupos m\u00e9dicos e outros est\u00e3o prontos para contribuir para o al\u00edvio das pessoas afetadas. Agradecemos imensamente os enormes esfor\u00e7os da equipe grega de busca e resgate e das outras equipes que ofereceram seus servi\u00e7os para resgatar pessoas das ru\u00ednas dos pr\u00e9dios desabados.<\/p>\n<p>Nestas circunst\u00e2ncias dif\u00edceis, a amizade entre os povos turco e grego, e com os outros povos, est\u00e1 se fortalecendo; porque n\u00e3o h\u00e1 nada que divida os povos, eles compartilham interesses comuns e est\u00e3o unidos pelo fato de enfrentarem os mesmos problemas e sofrimentos. A sua for\u00e7a reside na solidariedade e na luta conjunta contra os exploradores e os seus representantes pol\u00edticos. Esta \u00e9 a causa a que o TKP e o KKE t\u00eam servido com consist\u00eancia. Continuaremos nesse caminho, fortalecendo a coopera\u00e7\u00e3o entre nossos partidos e nossos povos. Caminhamos juntos, com f\u00e9 nos ideais e valores comunistas, na causa justa dos povos e em suas aspira\u00e7\u00f5es de viver uma vida humana melhor, com o potencial oferecido por nossa \u00e9poca, o s\u00e9culo XXI\u201d.<\/p>\n<p>\u201cMilhares de pessoas poderiam ter sido resgatadas\u201d<\/p>\n<p>A sauda\u00e7\u00e3o de Marinos foi seguida pelo discurso do secret\u00e1rio-geral do TKP, Kemal Okuyan, que abriu abordando a grande dor provocada pela perda de dezenas de milhares de pessoas, incluindo membros do TKP, perda de suas mem\u00f3rias, casas, as quais poderiam ter sido evitadas. Okuyan apontou as precau\u00e7\u00f5es tomadas inadequadamente e a falta de esfor\u00e7os de resgate oportunos e apropriados, pelos quais milhares poderiam ter sido resgatados.<\/p>\n<p>Okuyan contrastou a desavergonhada ordem social, apontada como causa primeira de todas as perdas, com a brilhante solidariedade entre os povos demonstrada desde o primeiro dia do terremoto. \u201c\u00c9 daqui que nascem as nossas esperan\u00e7as\u201d, disse Okuyan, agradecendo a todos os que fizeram parte dos esfor\u00e7os, \u00e0s equipes de salvamento, \u00e0s equipes de entrega de alimentos e ajuda, aos que se responsabilizaram pelos cuidados de sa\u00fade, atenderam as crian\u00e7as e organizaram atos de solidariedade em cidades diferentes. Okuyan comentou a import\u00e2ncia de se questionar, ap\u00f3s esse tr\u00e1gico acontecimento, por que e se as pessoas est\u00e3o fadadas \u00e0 pobreza e \u00e0s perdas, lembrando que os escombros ca\u00edram sobre os pobres. \u201cPlanejamento \u00e9 necess\u00e1rio para salvar vidas\u201d.<\/p>\n<p>\u201cA ordem social que deixa todos por conta pr\u00f3pria n\u00e3o pode ser rotulada como uma ordem\u201d, disse Okuyan, \u201cisso \u00e9 uma falta de ordem. Isso \u00e9 falta de planejamento. Eles s\u00e3o os inimigos da ci\u00eancia, eles s\u00e3o os inimigos do pensamento racional, eles acreditam que a vida toda se reduz a a\u00e7\u00f5es e mercado. Mas voc\u00ea precisa de planos n\u00e3o apenas para a economia, mas tamb\u00e9m para salvar vidas!\u201d<\/p>\n<p>Okuyan enfatizou a necessidade de se nacionalizar o setor da constru\u00e7\u00e3o, dizendo que colocar os lucros sobre a vida das pessoas resultar\u00e1 nessa destrui\u00e7\u00e3o, incluindo os edif\u00edcios p\u00fablicos, estradas e autoestradas, o setor da sa\u00fade, tudo para servir os interesses do povo. Okuyan tamb\u00e9m mencionou as graves perdas na S\u00edria, e a falta de meios para organizar a solidariedade com o povo s\u00edrio vizinho devido \u00e0s condi\u00e7\u00f5es impostas pela ordem social, a inimizade que se tenta provocar.<\/p>\n<p><strong>Centro de acompanhamento de terremotos do TKP<\/strong><\/p>\n<p>Kemal Okuyan informou aos participantes sobre o \u201cCentro de Acompanhamento de Terremotos\u201d a ser formado pelo TKP, pois as necessidades das regi\u00f5es e pessoas impactadas ser\u00e3o de longo prazo. O TKP construir\u00e1 zonas limpas e respir\u00e1veis para aqueles na regi\u00e3o no \u00e2mbito de sua capacidade, ao mesmo tempo em que organizar\u00e1 politicamente as pessoas sob o lema de \u201clevantar-se para n\u00e3o sufocar sob os escombros novamente\u201d. O secret\u00e1rio-geral do TKP fez um apelo aos cidad\u00e3os, amigos, filiados partid\u00e1rios e todos os participantes do evento a se juntarem \u00e0s fileiras do TKP para uma luta mais forte e para colocar o pa\u00eds acima deste entulho gerado pela ordem social.<\/p>\n<p>Tradu\u00e7\u00e3o: Partido Comunista Brasileiro (PCB)<\/p>\n<p>Fonte:<\/p>\n<blockquote class=\"wp-embedded-content\" data-secret=\"0mTOo0AR1Z\"><p><a href=\"https:\/\/www.tkp.org.tr\/en\/agenda\/we-are-standing-up-not-to-suffocate-under-rubble-once-again\/\">\u201cWe are standing up, not to suffocate under rubble once again!\u201d<\/a><\/p><\/blockquote>\n<p><iframe loading=\"lazy\" class=\"wp-embedded-content\" sandbox=\"allow-scripts\" security=\"restricted\" style=\"position: absolute; clip: rect(1px, 1px, 1px, 1px);\" title=\"&#8220;\u201cWe are standing up, not to suffocate under rubble once again!\u201d&#8221; &#8212; T\u00fcrkiye Kom\u00fcnist Partisi\" src=\"https:\/\/www.tkp.org.tr\/en\/agenda\/we-are-standing-up-not-to-suffocate-under-rubble-once-again\/embed\/#?secret=0mTOo0AR1Z\" data-secret=\"0mTOo0AR1Z\" width=\"600\" height=\"338\" frameborder=\"0\" marginwidth=\"0\" marginheight=\"0\" scrolling=\"no\"><\/iframe><\/p>\n","protected":false},"excerpt":{"rendered":"<a class=\"moretag\" href=\"https:\/\/pcb.org.br\/portal2\/30049\"> <\/a>","protected":false},"author":8,"featured_media":0,"comment_status":"closed","ping_status":"closed","sticky":false,"template":"","format":"standard","meta":{"jetpack_post_was_ever_published":false,"_jetpack_newsletter_access":"","_jetpack_dont_email_post_to_subs":false,"_jetpack_newsletter_tier_id":0,"_jetpack_memberships_contains_paywalled_content":false,"_jetpack_memberships_contains_paid_content":false,"footnotes":"","jetpack_publicize_message":"","jetpack_publicize_feature_enabled":true,"jetpack_social_post_already_shared":true,"jetpack_social_options":{"image_generator_settings":{"template":"highway","default_image_id":0,"font":"","enabled":false},"version":2}},"categories":[242,9,71,187,36],"tags":[234],"class_list":["post-30049","post","type-post","status-publish","format-standard","hentry","category-eipco","category-s10-internacional","category-c84-solidariedade","category-turquia","category-c41-unidade-comunista","tag-6b"],"jetpack_publicize_connections":[],"jetpack_featured_media_url":"","jetpack_shortlink":"https:\/\/wp.me\/p659gw-7OF","jetpack-related-posts":[],"jetpack_likes_enabled":true,"jetpack_sharing_enabled":true,"_links":{"self":[{"href":"https:\/\/pcb.org.br\/portal2\/wp-json\/wp\/v2\/posts\/30049","targetHints":{"allow":["GET"]}}],"collection":[{"href":"https:\/\/pcb.org.br\/portal2\/wp-json\/wp\/v2\/posts"}],"about":[{"href":"https:\/\/pcb.org.br\/portal2\/wp-json\/wp\/v2\/types\/post"}],"author":[{"embeddable":true,"href":"https:\/\/pcb.org.br\/portal2\/wp-json\/wp\/v2\/users\/8"}],"replies":[{"embeddable":true,"href":"https:\/\/pcb.org.br\/portal2\/wp-json\/wp\/v2\/comments?post=30049"}],"version-history":[{"count":0,"href":"https:\/\/pcb.org.br\/portal2\/wp-json\/wp\/v2\/posts\/30049\/revisions"}],"wp:attachment":[{"href":"https:\/\/pcb.org.br\/portal2\/wp-json\/wp\/v2\/media?parent=30049"}],"wp:term":[{"taxonomy":"category","embeddable":true,"href":"https:\/\/pcb.org.br\/portal2\/wp-json\/wp\/v2\/categories?post=30049"},{"taxonomy":"post_tag","embeddable":true,"href":"https:\/\/pcb.org.br\/portal2\/wp-json\/wp\/v2\/tags?post=30049"}],"curies":[{"name":"wp","href":"https:\/\/api.w.org\/{rel}","templated":true}]}}