{"id":30067,"date":"2023-03-01T15:27:14","date_gmt":"2023-03-01T18:27:14","guid":{"rendered":"https:\/\/pcb.org.br\/portal2\/?p=30067"},"modified":"2023-03-01T15:59:53","modified_gmt":"2023-03-01T18:59:53","slug":"maria-firmina-dos-reis-a-primeira-romancista-brasileira","status":"publish","type":"post","link":"https:\/\/pcb.org.br\/portal2\/30067","title":{"rendered":"Maria Firmina dos Reis, a primeira romancista brasileira"},"content":{"rendered":"<p><img data-recalc-dims=\"1\" loading=\"lazy\" decoding=\"async\" data-attachment-id=\"30068\" data-permalink=\"https:\/\/pcb.org.br\/portal2\/30067\/photo_5184089087949253253_y\" data-orig-file=\"https:\/\/i0.wp.com\/pcb.org.br\/portal2\/wp-content\/uploads\/2023\/03\/photo_5184089087949253253_y.jpg?fit=1280%2C1280&amp;ssl=1\" data-orig-size=\"1280,1280\" data-comments-opened=\"0\" data-image-meta=\"{&quot;aperture&quot;:&quot;0&quot;,&quot;credit&quot;:&quot;&quot;,&quot;camera&quot;:&quot;&quot;,&quot;caption&quot;:&quot;&quot;,&quot;created_timestamp&quot;:&quot;0&quot;,&quot;copyright&quot;:&quot;&quot;,&quot;focal_length&quot;:&quot;0&quot;,&quot;iso&quot;:&quot;0&quot;,&quot;shutter_speed&quot;:&quot;0&quot;,&quot;title&quot;:&quot;&quot;,&quot;orientation&quot;:&quot;0&quot;}\" data-image-title=\"photo_5184089087949253253_y\" data-image-description=\"\" data-image-caption=\"\" data-large-file=\"https:\/\/i0.wp.com\/pcb.org.br\/portal2\/wp-content\/uploads\/2023\/03\/photo_5184089087949253253_y.jpg?fit=747%2C747&amp;ssl=1\" class=\"alignnone size-large wp-image-30068\" src=\"https:\/\/i0.wp.com\/pcb.org.br\/portal2\/wp-content\/uploads\/2023\/03\/photo_5184089087949253253_y.jpg?resize=747%2C747&#038;ssl=1\" alt=\"\" width=\"747\" height=\"747\" srcset=\"https:\/\/i0.wp.com\/pcb.org.br\/portal2\/wp-content\/uploads\/2023\/03\/photo_5184089087949253253_y.jpg?resize=900%2C900&amp;ssl=1 900w, https:\/\/i0.wp.com\/pcb.org.br\/portal2\/wp-content\/uploads\/2023\/03\/photo_5184089087949253253_y.jpg?resize=300%2C300&amp;ssl=1 300w, https:\/\/i0.wp.com\/pcb.org.br\/portal2\/wp-content\/uploads\/2023\/03\/photo_5184089087949253253_y.jpg?resize=150%2C150&amp;ssl=1 150w, https:\/\/i0.wp.com\/pcb.org.br\/portal2\/wp-content\/uploads\/2023\/03\/photo_5184089087949253253_y.jpg?resize=768%2C768&amp;ssl=1 768w, https:\/\/i0.wp.com\/pcb.org.br\/portal2\/wp-content\/uploads\/2023\/03\/photo_5184089087949253253_y.jpg?w=1280&amp;ssl=1 1280w\" sizes=\"auto, (max-width: 747px) 100vw, 747px\" \/><!--more--><\/p>\n<p><strong>Maria Firmina dos Reis, a primeira romancista brasileira<\/strong><\/p>\n<p>Nath\u00e1lia Mozer &#8211; Membra do Comit\u00ea Regional do PCB no RJ<\/p>\n<p>Maria Firmina dos Reis, nascida no maranh\u00e3o em mar\u00e7o de 1822, \u00e9 considerada a primeira romancista negra do Brasil. Al\u00e9m de escritora, foi professora, musicista e a criadora da primeira escola mista do Brasil. Sua obra consiste em uma novela indianista chamada Gupeva (1861), o livro de poesias Cantos \u00e0 beira-mar (1871), o conto A escrava (1887), al\u00e9m de composi\u00e7\u00f5es musicais. Seu livro mais conhecido \u00e9 \u00darsula, romance abolicionista de 1859.<\/p>\n<p>Primeira mulher a ser aprovada em um concurso p\u00fablico no Maranh\u00e3o para o cargo de professora de prim\u00e1rio, sustentava-se sozinha com o pr\u00f3prio sal\u00e1rio em uma \u00e9poca em que isso era incomum e at\u00e9 mal visto em rela\u00e7\u00e3o \u00e0s mulheres. Dava aulas gratuitas para alunos que n\u00e3o podiam pagar: conduzia as aulas num barrac\u00e3o em propriedade de um senhor de engenho, lecionava \u00e0s filhas deste, aos alunos que levava consigo e a outros que se juntavam. Oito anos antes da Lei \u00c1urea, criou a primeira escola mista para meninos e meninas \u2013 que n\u00e3o chegou a durar tr\u00eas anos, tamanho esc\u00e2ndalo que causou na cidade de Ma\u00e7aric\u00f3.<\/p>\n<p>O contato com a literatura come\u00e7ou cedo e, aos poucos, a jovem travou contato com refer\u00eancias culturais e com outros de seus parentes ligados ao meio cultural. Quando se tornou professora, em 1847, Firmina j\u00e1 tinha uma postura antiescravista.<\/p>\n<p>\u00darsula, sua obra mais conhecida, essencialmente fala de amor e \u00f3dio, de escravid\u00e3o e liberdade. Ao lado do amor entre os jovens protagonistas, \u00darsula e Tancredo, a trama coloca como personagens importantes dois escravos e pela primeira vez o escravo negro tem voz. Tamb\u00e9m coloca o senhor de escravos abertamente como vil\u00e3o da hist\u00f3ria, um marco para a \u00e9poca.<\/p>\n<p>Anos mais tarde, quando o movimento abolicionista j\u00e1 tinha bastante resson\u00e2ncia, a autora publicaria um conto ainda mais cr\u00edtico, A escrava (1887), que conta a hist\u00f3ria de uma mulher de classe alta sem nome que tenta salvar uma mulher escravizada.<\/p>\n<p>Em 2019 a compositora, cantora, instrumentista, poeta-escritora e produtora cultural Socorro Lira lan\u00e7ou o CD \u201cCantos \u00e0 Beira-mar\u201d, cujo repert\u00f3rio permite ouvir dez composi\u00e7\u00f5es de autoria de Socorro Lira sobre poemas de Firmina, mesclando ritmos como bolero, reggae, can\u00e7\u00e3o choro, fado, samba, valsa, milonga, bai\u00e3o e loa de maracatu cearense.<\/p>\n","protected":false},"excerpt":{"rendered":"<a class=\"moretag\" href=\"https:\/\/pcb.org.br\/portal2\/30067\"> <\/a>","protected":false},"author":8,"featured_media":0,"comment_status":"closed","ping_status":"closed","sticky":false,"template":"","format":"standard","meta":{"jetpack_post_was_ever_published":false,"_jetpack_newsletter_access":"","_jetpack_dont_email_post_to_subs":false,"_jetpack_newsletter_tier_id":0,"_jetpack_memberships_contains_paywalled_content":false,"_jetpack_memberships_contains_paid_content":false,"footnotes":"","jetpack_publicize_message":"","jetpack_publicize_feature_enabled":true,"jetpack_social_post_already_shared":true,"jetpack_social_options":{"image_generator_settings":{"template":"highway","default_image_id":0,"font":"","enabled":false},"version":2}},"categories":[13,50,180,4,382],"tags":[224],"class_list":["post-30067","post","type-post","status-publish","format-standard","hentry","category-s14-cultura","category-c61-cultura-revolucionaria","category-feminista","category-s6-movimentos","category-negro","tag-3b"],"jetpack_publicize_connections":[],"jetpack_featured_media_url":"","jetpack_shortlink":"https:\/\/wp.me\/p659gw-7OX","jetpack-related-posts":[],"jetpack_likes_enabled":true,"jetpack_sharing_enabled":true,"_links":{"self":[{"href":"https:\/\/pcb.org.br\/portal2\/wp-json\/wp\/v2\/posts\/30067","targetHints":{"allow":["GET"]}}],"collection":[{"href":"https:\/\/pcb.org.br\/portal2\/wp-json\/wp\/v2\/posts"}],"about":[{"href":"https:\/\/pcb.org.br\/portal2\/wp-json\/wp\/v2\/types\/post"}],"author":[{"embeddable":true,"href":"https:\/\/pcb.org.br\/portal2\/wp-json\/wp\/v2\/users\/8"}],"replies":[{"embeddable":true,"href":"https:\/\/pcb.org.br\/portal2\/wp-json\/wp\/v2\/comments?post=30067"}],"version-history":[{"count":0,"href":"https:\/\/pcb.org.br\/portal2\/wp-json\/wp\/v2\/posts\/30067\/revisions"}],"wp:attachment":[{"href":"https:\/\/pcb.org.br\/portal2\/wp-json\/wp\/v2\/media?parent=30067"}],"wp:term":[{"taxonomy":"category","embeddable":true,"href":"https:\/\/pcb.org.br\/portal2\/wp-json\/wp\/v2\/categories?post=30067"},{"taxonomy":"post_tag","embeddable":true,"href":"https:\/\/pcb.org.br\/portal2\/wp-json\/wp\/v2\/tags?post=30067"}],"curies":[{"name":"wp","href":"https:\/\/api.w.org\/{rel}","templated":true}]}}