{"id":30147,"date":"2023-03-19T10:40:12","date_gmt":"2023-03-19T13:40:12","guid":{"rendered":"https:\/\/pcb.org.br\/portal2\/?p=30147"},"modified":"2023-03-19T10:40:12","modified_gmt":"2023-03-19T13:40:12","slug":"cuba-em-defesa-da-patria-da-revolucao-e-do-socialismo","status":"publish","type":"post","link":"https:\/\/pcb.org.br\/portal2\/30147","title":{"rendered":"Cuba: em defesa da p\u00e1tria, da Revolu\u00e7\u00e3o e do socialismo"},"content":{"rendered":"<p><img data-recalc-dims=\"1\" loading=\"lazy\" decoding=\"async\" data-attachment-id=\"30142\" data-permalink=\"https:\/\/pcb.org.br\/portal2\/30140\/image-5-2\" data-orig-file=\"https:\/\/i0.wp.com\/pcb.org.br\/portal2\/wp-content\/uploads\/2023\/03\/image-5.png?fit=640%2C445&amp;ssl=1\" data-orig-size=\"640,445\" data-comments-opened=\"0\" data-image-meta=\"{&quot;aperture&quot;:&quot;0&quot;,&quot;credit&quot;:&quot;&quot;,&quot;camera&quot;:&quot;&quot;,&quot;caption&quot;:&quot;&quot;,&quot;created_timestamp&quot;:&quot;0&quot;,&quot;copyright&quot;:&quot;&quot;,&quot;focal_length&quot;:&quot;0&quot;,&quot;iso&quot;:&quot;0&quot;,&quot;shutter_speed&quot;:&quot;0&quot;,&quot;title&quot;:&quot;&quot;,&quot;orientation&quot;:&quot;0&quot;}\" data-image-title=\"image (5)\" data-image-description=\"\" data-image-caption=\"\" data-large-file=\"https:\/\/i0.wp.com\/pcb.org.br\/portal2\/wp-content\/uploads\/2023\/03\/image-5.png?fit=640%2C445&amp;ssl=1\" class=\"alignnone size-full wp-image-30142\" src=\"https:\/\/i0.wp.com\/lavrapalavra.com\/wp-content\/uploads\/2015\/08\/unnamed-11.jpg?resize=640%2C445&#038;ssl=1\" alt=\"\" width=\"640\" height=\"445\" \/><!--more--><\/p>\n<p><em>O apoio a uma vota\u00e7\u00e3o unida para as elei\u00e7\u00f5es de 26 de mar\u00e7o em Cuba prevaleceu nas trocas entre os candidatos a deputados e seus eleitores.<\/em><br \/>\n<em>Photo: Estudios Revoluci\u00f3n<\/em><\/p>\n<p>Os candidatos a deputados dos munic\u00edpios de Santa Clara, Gibara e Cienfuegos passaram mais um dia intenso de interc\u00e2mbio com seus eleitores nesta \u00faltima quinta-feira<\/p>\n<p>Autor: Ren\u00e9 Tamayo Le\u00f3n | internet@granma.cu<\/p>\n<p>Autor: \u00c1ngel Freddy P\u00e9rez Cabrera | freddy@granma.cu<\/p>\n<p>Autor: Germ\u00e1n Veloz Placencia | german@granma.cu<\/p>\n<p>Autor: Julio Mart\u00ednez Molina | internet@granma.cu<\/p>\n<p>\u00abNas elei\u00e7\u00f5es de 26 de mar\u00e7o, Cuba demonstrar\u00e1 mais uma vez que n\u00e3o vai desistir, que n\u00e3o vamos nos render, que vamos avan\u00e7ar, e o faremos com intelig\u00eancia, determina\u00e7\u00e3o e coragem\u00bb, disse o primeiro-secret\u00e1rio do Comit\u00ea Central do Partido Comunista e presidente da Rep\u00fablica, Miguel D\u00edaz-Canel Berm\u00fadez, num di\u00e1logo com mais de cem moradores da comunidade de Hatillo.<\/p>\n<p>O presidente chegou neste bairro rural de Santa Clara junto com os demais indicados para este munic\u00edpio \u00e0 10\u00aa Legislatura da Assembleia Nacional do Poder Popular (ANPP). Na manh\u00e3 de quinta-feira, 16 de mar\u00e7o, come\u00e7ou um dia que seria marcado por apresenta\u00e7\u00f5es e di\u00e1logos com centenas de eleitores.<\/p>\n<p>O chefe de Estado destacou a qualidade humana e revolucion\u00e1ria do povo de Hatillo, um lugar onde, lembrou, come\u00e7ou sua vida profissional ap\u00f3s se formar como engenheiro na Universidade Central \u00abMarta Abreu\u00bb, em Las Villas.<\/p>\n<p>Descrevendo os interc\u00e2mbios, que come\u00e7aram com moradores da comunidade de San Miguel e trabalhadores de uma unidade pecu\u00e1ria, e depois com membros da mini-ind\u00fastria Los Jardines, D\u00edaz-Canel explicou que em todos eles se falou em ir \u00e0s urnas e votar juntos, mas tamb\u00e9m sobre problemas, com a confian\u00e7a de que os deputados da pr\u00f3xima legislatura continuar\u00e3o contribuindo para resolv\u00ea-los.<\/p>\n<p>\u00abCom a vota\u00e7\u00e3o de 26 de mar\u00e7o, tamb\u00e9m vamos defender a Revolu\u00e7\u00e3o\u00bb, enfatizou D\u00edaz-Canel. \u00abEssa Revolu\u00e7\u00e3o que vem passando por tempos muito complexos e em cuja base est\u00e1, al\u00e9m de nossas pr\u00f3prias inadequa\u00e7\u00f5es, a pol\u00edtica criminosa do governo dos Estados Unidos contra Cuba\u00bb, argumentou.<\/p>\n<p>Junto com o presidente da Rep\u00fablica, a candidatura do munic\u00edpio de Santa Clara \u00e0 10\u00aa Legislatura da ANPP \u00e9 composta por outros sete candidatos, que tamb\u00e9m chegaram a uma das instala\u00e7\u00f5es da unidade pecu\u00e1ria Valle de Yab\u00fa, onde trabalhadores e moradores da comunidade vizinha de San Miguel aguardavam a reuni\u00e3o.<\/p>\n<p>Lourdes Cepero, presidente do Conselho Popular da Base A\u00e9rea, atestou o compromisso dos moradores locais de ir \u00e0s urnas no dia 26 de mar\u00e7o e votar unidos, enquanto Apolonio, administrador da fazenda leiteira, relatou o trabalho que est\u00e1 sendo realizado l\u00e1 para aumentar a produ\u00e7\u00e3o de leite e carne.<\/p>\n<p>Os candidatos tamb\u00e9m falaram de novidades e empreendimentos durante o interc\u00e2mbio com os trabalhadores da mini-ind\u00fastria La Jardinera, onde seu presidente, Humberto, insistiu que os candidatos provassem uma manteiga de amendoim que est\u00e1 se tornando uma iguaria para o paladar do povo de Santa Clara e que n\u00e3o tem nada a invejar da \u00abglamorosa\u00bb manteiga de amendoim anunciada em filmes e comerciais.<\/p>\n<p>Outro momento emocionante do dia foi a troca de ideias com combatentes e trabalhadores civis da Regi\u00e3o Militar Villa Clara do Ex\u00e9rcito Central, que selou as reuni\u00f5es desta manh\u00e3 de quinta-feira, 16, entre os eleitores da jurisdi\u00e7\u00e3o e os candidatos a deputados de Santa Clara, que visitaram o escrit\u00f3rio hist\u00f3rico que comemora a estadia e o trabalho do Comandante da Revolu\u00e7\u00e3o Juan Almeida Bosque, como fundador do Ex\u00e9rcito Central.<\/p>\n<p>\u00ab\u00c9 claro que nossos combatentes\u00bb, disse D\u00edaz-Canel, \u00abir\u00e3o \u00e0s urnas neste 26 de mar\u00e7o e votar\u00e3o unidos, mas tamb\u00e9m \u00e9 importante o que eles podem fazer em suas comunidades, pois este \u00e9 um voto em defesa da p\u00e1tria, da Revolu\u00e7\u00e3o e do socialismo\u00bb.<\/p>\n<p>N\u00c3O PODE HAVER DEMOCRACIA SEM COMUNICA\u00c7\u00c3O<\/p>\n<p>O papel da comunica\u00e7\u00e3o, como um dos pilares em que se baseia o governo cubano, tamb\u00e9m foi destacado por D\u00edaz-Canel em uma reuni\u00e3o com jornalistas de Villa Clara.<\/p>\n<p>Durante o interc\u00e2mbio, do qual participaram os demais candidatos a deputado deste munic\u00edpio, o chefe de Estado falou de seu compromisso com o novo modelo de gest\u00e3o de imprensa e com a Lei de Comunica\u00e7\u00e3o que ser\u00e1 submetida \u00e0 considera\u00e7\u00e3o da Assembleia Nacional a ser constitu\u00edda ap\u00f3s as elei\u00e7\u00f5es de 26 de mar\u00e7o.<\/p>\n<p>O l\u00edder cubano tamb\u00e9m destacou a necessidade de aplicar a ci\u00eancia no trabalho jornal\u00edstico e de harmonizar as agendas do p\u00fablico e da m\u00eddia, na qual a imprensa em Villa Clara \u00e9 um ponto de refer\u00eancia para o pa\u00eds.<\/p>\n<p>D\u00edaz-Canel tamb\u00e9m falou apaixonadamente sobre o significado das reuni\u00f5es que os candidatos a deputado realizaram durante seis semanas consecutivas com diversos setores, o que descreveu como uma contribui\u00e7\u00e3o para todos aqueles que t\u00eam a responsabilidade de responder \u00e0s preocupa\u00e7\u00f5es do povo.<\/p>\n<p>Estas viagens tiveram um profundo impacto no pa\u00eds, porque isto nunca foi feito antes. Elas foram uma oportunidade para ouvir as pessoas, que francamente levantaram suas preocupa\u00e7\u00f5es e quest\u00f5es, e tamb\u00e9m para explicar tudo o que est\u00e1 sendo feito para resolver os problemas.<\/p>\n<p>Antes desta reuni\u00e3o, os candidatos dos quatro distritos de Santa Clara tiveram uma troca frut\u00edfera com os trabalhadores dos \u00f3rg\u00e3os econ\u00f4micos locais, e conversaram com os trabalhadores da esta\u00e7\u00e3o de tratamento de \u00e1gua Ochoita, que fornece \u00e1gua para parte da cidade.<\/p>\n<p>TROCAS FRANCAS E ABERTAS EM GIBARA<\/p>\n<p>Na quinta-feira, 16, no munic\u00edpio de Gibara, o membro do Bureau Pol\u00edtico e primeiro-ministro, Manuel Marrero Cruz, e Sonia Adelaida Chac\u00f3n Fern\u00e1ndez, candidata a deputada daquele territ\u00f3rio, realizaram interc\u00e2mbios com grupos de trabalhadores da sa\u00fade, residentes de comunidades rurais e membros de cooperativas em conselhos populares de Velasco.<\/p>\n<p>A dra. Yaili Verdecia Ronda, diretora da \u00e1rea de sa\u00fade Jos\u00e9 \u00c1vila Serrano, a maior do munic\u00edpio e a mais complexa, disse que, apesar do mau estado de algumas cl\u00ednicas, h\u00e1 pessoal m\u00e9dico e de enfermagem suficiente para responder \u00e0s necessidades dos pacientes, embora a falta de transporte m\u00e9dico tenha um impacto no transporte dos doentes.<\/p>\n<p>Marrero Cruz apontou que a assist\u00eancia m\u00e9dica nas comunidades rurais deve ser refor\u00e7ada, as tend\u00eancias de cada uma delas devem ser estudadas em profundidade e, com base nos resultados das investiga\u00e7\u00f5es, devem ser estabelecidas pol\u00edticas multissetoriais para eliminar os problemas detectados e tornar a vida mais pr\u00f3spera e vi\u00e1vel para os habitantes.<\/p>\n<p>Mais tarde, os candidatos a deputado foram para a comunidade de Mayorqu\u00edn, em uma \u00e1rea agr\u00edcola, e na cooperativa Niceto P\u00e9rez conheceram os resultados da mini-ind\u00fastria El Porvenir, que ganhou prest\u00edgio na produ\u00e7\u00e3o de conservas de vegetais.<\/p>\n<p>A escassez de \u00e1gua \u00e9 a principal preocupa\u00e7\u00e3o dos moradores locais, que tamb\u00e9m exigem a constru\u00e7\u00e3o de uma farm\u00e1cia e uma solu\u00e7\u00e3o para os problemas do fundo habitacional.<\/p>\n<p>Marrero, que expressou sua gratid\u00e3o pela acolhida, fez refer\u00eancia ao Programa pela Revaloriza\u00e7\u00e3o da Vida Rural em Cuba, aprovado pelo Conselho de Ministros com o objetivo de recuperar e aproveitar todo o potencial do campo para seu autodesenvolvimento.<\/p>\n<p>CIENFUEGOS SE PREPARA PARA O TESTE DIN\u00c2MICO<\/p>\n<p>Roberto Morales Ojeda, membro do Bureau Pol\u00edtico e secret\u00e1rio de Organiza\u00e7\u00e3o do Comit\u00ea Central do Partido, juntamente com outros candidatos a deputado, conversaram nesta quinta-feira, 16, com residentes de Cienfuegos, especificamente no conselho popular La Juanita, localizado na cidade e na tamb\u00e9m urbana Las Minas, uma \u00e1rea de pescadores com uma marcada idiossincrasia.<\/p>\n<p>Os candidatos tamb\u00e9m visitaram, entre outros lugares, o hospital pedi\u00e1trico universit\u00e1rio Paquito Gonz\u00e1lez Cueto, onde falaram sobre o trabalho de um coletivo de sa\u00fade t\u00e3o importante.<\/p>\n<p>Yoandri Callejas Tur, diretor do Pal\u00e1cio de Pioneros \u2014 outro dos locais visitados \u2014 salientou que est\u00e3o prontos para realizar o teste din\u00e2mico das elei\u00e7\u00f5es nacionais no pr\u00f3ximo domingo, 19 de mar\u00e7o, para verificar como funcionar\u00e3o os mecanismos para as elei\u00e7\u00f5es.<\/p>\n","protected":false},"excerpt":{"rendered":"<a class=\"moretag\" href=\"https:\/\/pcb.org.br\/portal2\/30147\"> <\/a>","protected":false},"author":1,"featured_media":0,"comment_status":"closed","ping_status":"closed","sticky":false,"template":"","format":"standard","meta":{"jetpack_post_was_ever_published":false,"_jetpack_newsletter_access":"","_jetpack_dont_email_post_to_subs":false,"_jetpack_newsletter_tier_id":0,"_jetpack_memberships_contains_paywalled_content":false,"_jetpack_memberships_contains_paid_content":false,"footnotes":"","jetpack_publicize_message":"","jetpack_publicize_feature_enabled":true,"jetpack_social_post_already_shared":true,"jetpack_social_options":{"image_generator_settings":{"template":"highway","default_image_id":0,"font":"","enabled":false},"version":2}},"categories":[1],"tags":[233],"class_list":["post-30147","post","type-post","status-publish","format-standard","hentry","category-geral","tag-6a"],"jetpack_publicize_connections":[],"jetpack_featured_media_url":"","jetpack_shortlink":"https:\/\/wp.me\/p659gw-7Qf","jetpack-related-posts":[],"jetpack_likes_enabled":true,"jetpack_sharing_enabled":true,"_links":{"self":[{"href":"https:\/\/pcb.org.br\/portal2\/wp-json\/wp\/v2\/posts\/30147","targetHints":{"allow":["GET"]}}],"collection":[{"href":"https:\/\/pcb.org.br\/portal2\/wp-json\/wp\/v2\/posts"}],"about":[{"href":"https:\/\/pcb.org.br\/portal2\/wp-json\/wp\/v2\/types\/post"}],"author":[{"embeddable":true,"href":"https:\/\/pcb.org.br\/portal2\/wp-json\/wp\/v2\/users\/1"}],"replies":[{"embeddable":true,"href":"https:\/\/pcb.org.br\/portal2\/wp-json\/wp\/v2\/comments?post=30147"}],"version-history":[{"count":0,"href":"https:\/\/pcb.org.br\/portal2\/wp-json\/wp\/v2\/posts\/30147\/revisions"}],"wp:attachment":[{"href":"https:\/\/pcb.org.br\/portal2\/wp-json\/wp\/v2\/media?parent=30147"}],"wp:term":[{"taxonomy":"category","embeddable":true,"href":"https:\/\/pcb.org.br\/portal2\/wp-json\/wp\/v2\/categories?post=30147"},{"taxonomy":"post_tag","embeddable":true,"href":"https:\/\/pcb.org.br\/portal2\/wp-json\/wp\/v2\/tags?post=30147"}],"curies":[{"name":"wp","href":"https:\/\/api.w.org\/{rel}","templated":true}]}}