{"id":30178,"date":"2023-03-24T17:11:48","date_gmt":"2023-03-24T20:11:48","guid":{"rendered":"https:\/\/pcb.org.br\/portal2\/?p=30178"},"modified":"2023-03-24T17:11:48","modified_gmt":"2023-03-24T20:11:48","slug":"todo-apoio-a-luta-do-proletariado-frances","status":"publish","type":"post","link":"https:\/\/pcb.org.br\/portal2\/30178","title":{"rendered":"Todo apoio \u00e0 luta do proletariado franc\u00eas!"},"content":{"rendered":"<p><img data-recalc-dims=\"1\" loading=\"lazy\" decoding=\"async\" data-attachment-id=\"30173\" data-permalink=\"https:\/\/pcb.org.br\/portal2\/30172\/image-7-2\" data-orig-file=\"https:\/\/i0.wp.com\/pcb.org.br\/portal2\/wp-content\/uploads\/2023\/03\/image-7-1.png?fit=896%2C604&amp;ssl=1\" data-orig-size=\"896,604\" data-comments-opened=\"0\" data-image-meta=\"{&quot;aperture&quot;:&quot;0&quot;,&quot;credit&quot;:&quot;&quot;,&quot;camera&quot;:&quot;&quot;,&quot;caption&quot;:&quot;&quot;,&quot;created_timestamp&quot;:&quot;0&quot;,&quot;copyright&quot;:&quot;&quot;,&quot;focal_length&quot;:&quot;0&quot;,&quot;iso&quot;:&quot;0&quot;,&quot;shutter_speed&quot;:&quot;0&quot;,&quot;title&quot;:&quot;&quot;,&quot;orientation&quot;:&quot;0&quot;}\" data-image-title=\"image (7)\" data-image-description=\"\" data-image-caption=\"\" data-large-file=\"https:\/\/i0.wp.com\/pcb.org.br\/portal2\/wp-content\/uploads\/2023\/03\/image-7-1.png?fit=747%2C504&amp;ssl=1\" class=\"alignnone size-full wp-image-30173\" src=\"https:\/\/i0.wp.com\/lavrapalavra.com\/wp-content\/uploads\/2015\/08\/image-2023-03-24T170801.403.png?resize=747%2C504&#038;ssl=1\" alt=\"\" width=\"747\" height=\"504\" \/><!--more--><\/p>\n<p><strong>Nota da Comiss\u00e3o Pol\u00edtica Nacional do Comit\u00ea Central do PCB<\/strong><\/p>\n<p>Na Fran\u00e7a, o ano de 2023 come\u00e7ou com fortes mobiliza\u00e7\u00f5es dos trabalhadores e das trabalhadoras contra a Reforma da Previd\u00eancia do Governo Macron. A Reforma aumenta a idade de aposentadoria para 64 anos, num momento em que o custo de vida sobe em toda a Europa, como consequ\u00eancia da crise capitalista e da guerra na Ucr\u00e2nia.<\/p>\n<p>Paralisa\u00e7\u00f5es nacionais foram organizadas pela Confedera\u00e7\u00e3o Geral do Trabalho (CGT) em janeiro, fevereiro e mar\u00e7o. A mais recente, a greve geral do dia 23\/03, paralisou mais de 3,5 milh\u00f5es de pessoas e mobilizou 200 passeatas por todo o pa\u00eds \u2013 apenas em Paris, estima-se que quase um milh\u00e3o de pessoas foram \u00e0s ruas. Nada menos que um exemplo de resist\u00eancia contra a ofensiva da burguesia sobre os direitos de trabalhadores e trabalhadoras, que ocorre hoje em todo o mundo.<\/p>\n<p>De acordo com pesquisas, 70% dos franceses e 90% dos\/as trabalhadores\/as dizem que s\u00e3o contra a Reforma. Exercendo enorme press\u00e3o sobre os deputados, de modo a barrar o projeto, as greves nacionais obrigaram o governo franc\u00eas a rasgar at\u00e9 mesmo os protocolos mais elementares da democracia burguesa, procedendo \u00e0 aprova\u00e7\u00e3o da reforma \u00e0 revelia da maioria parlamentar, com o recurso ao artigo 49.3 da Constitui\u00e7\u00e3o francesa, o qual permite adotar uma lei sem o voto do Parlamento quando o governo n\u00e3o conta com a maioria necess\u00e1ria.<\/p>\n<p>O artigo ferozmente antidemocr\u00e1tico virou marca registrada de Macron, que j\u00e1 o utilizou 12 vezes em seis anos de mandato para passar principalmente projetos or\u00e7ament\u00e1rios. Isso tudo s\u00f3 vem demonstrar que as chamadas democracias burguesas se valem de todo e qualquer expediente quando se trata de fazer valer os interesses dos capitalistas frente \u00e0s necessidades da classe trabalhadora.<\/p>\n<p>Essa medida autorit\u00e1ria n\u00e3o poderia resultar em nada al\u00e9m de uma onda nacional de indigna\u00e7\u00e3o e na intensifica\u00e7\u00e3o dos protestos nas ruas, como de fato ocorreu. A intensa repress\u00e3o das movimenta\u00e7\u00f5es j\u00e1 soma centenas de detidos e feridos pelas for\u00e7as policiais \u2013 s\u00f3 no dia 23 de mar\u00e7o mais de 850 pessoas foram detidas.<\/p>\n<p>O movimento ganhou tamb\u00e9m a ades\u00e3o da juventude francesa, em especial dos estudantes universit\u00e1rios, que v\u00eam realizando manifesta\u00e7\u00f5es e greves em todo o pa\u00eds. Nova data de greve geral e mobiliza\u00e7\u00e3o foi agendada para o dia 28 de mar\u00e7o. Todo apoio, at\u00e9 a vit\u00f3ria final!<\/p>\n<p>Al\u00e9m da import\u00e2ncia continental dessa luta, trata-se de um exemplo para todo o proletariado internacional. No Brasil, os governos Temer e Bolsonaro conseguiram impor muitos retrocessos, rasgando direitos trabalhistas e previdenci\u00e1rios. O novo Governo Lula-Alckmin, ainda na campanha eleitoral, se comprometeu com a revoga\u00e7\u00e3o das contrarreformas. Mas, comprometidos ainda mais com os grandes capitalistas, agora voltam atr\u00e1s nas promessas com os trabalhadores e as trabalhadoras.<\/p>\n<p>\u00c9 necess\u00e1ria uma mobiliza\u00e7\u00e3o nacional dos\/as trabalhadores\/as brasileiros\/as pela revoga\u00e7\u00e3o da contrarreforma da previd\u00eancia e trabalhista, anulando as medidas de Temer e Bolsonaro. Devemos nos inspirar na luta da classe trabalhadora na Fran\u00e7a e em tantos outros pa\u00edses: sem pausa e sem tr\u00e9gua! \u00c9 urgente uma contraofensiva da classe trabalhadora pelos seus direitos sociais e pol\u00edticos!<\/p>\n<p>Toda solidariedade \u00e0 luta da classe trabalhadora francesa!<br \/>\nViva o internacionalismo prolet\u00e1rio!<br \/>\nAbaixo a reforma da previd\u00eancia &#8211; por uma previd\u00eancia social a servi\u00e7o da maioria trabalhadora do povo na Fran\u00e7a, no Brasil e em todo o mundo!<\/p>\n<p><strong>Comiss\u00e3o Pol\u00edtica Nacional do Comit\u00ea Central do PCB &#8211; Partido Comunista Brasileiro<\/strong><\/p>\n","protected":false},"excerpt":{"rendered":"<a class=\"moretag\" href=\"https:\/\/pcb.org.br\/portal2\/30178\"> <\/a>","protected":false},"author":1,"featured_media":0,"comment_status":"closed","ping_status":"closed","sticky":false,"template":"","format":"standard","meta":{"jetpack_post_was_ever_published":false,"_jetpack_newsletter_access":"","_jetpack_dont_email_post_to_subs":false,"_jetpack_newsletter_tier_id":0,"_jetpack_memberships_contains_paywalled_content":false,"_jetpack_memberships_contains_paid_content":false,"footnotes":"","jetpack_publicize_message":"\"Toda solidariedade \u00e0 luta da classe trabalhadora francesa! Viva o internacionalismo prolet\u00e1rio! Abaixo a reforma da previd\u00eancia - por uma previd\u00eancia social a servi\u00e7o da maioria trabalhadora do povo na Fran\u00e7a, no Brasil e em todo o mundo!\"","jetpack_publicize_feature_enabled":true,"jetpack_social_post_already_shared":true,"jetpack_social_options":{"image_generator_settings":{"template":"highway","default_image_id":0,"font":"","enabled":false},"version":2}},"categories":[109],"tags":[222,246],"class_list":["post-30178","post","type-post","status-publish","format-standard","hentry","category-c122-franca","tag-2b","tag-np"],"jetpack_publicize_connections":[],"jetpack_featured_media_url":"","jetpack_shortlink":"https:\/\/wp.me\/p659gw-7QK","jetpack-related-posts":[],"jetpack_likes_enabled":true,"jetpack_sharing_enabled":true,"_links":{"self":[{"href":"https:\/\/pcb.org.br\/portal2\/wp-json\/wp\/v2\/posts\/30178","targetHints":{"allow":["GET"]}}],"collection":[{"href":"https:\/\/pcb.org.br\/portal2\/wp-json\/wp\/v2\/posts"}],"about":[{"href":"https:\/\/pcb.org.br\/portal2\/wp-json\/wp\/v2\/types\/post"}],"author":[{"embeddable":true,"href":"https:\/\/pcb.org.br\/portal2\/wp-json\/wp\/v2\/users\/1"}],"replies":[{"embeddable":true,"href":"https:\/\/pcb.org.br\/portal2\/wp-json\/wp\/v2\/comments?post=30178"}],"version-history":[{"count":0,"href":"https:\/\/pcb.org.br\/portal2\/wp-json\/wp\/v2\/posts\/30178\/revisions"}],"wp:attachment":[{"href":"https:\/\/pcb.org.br\/portal2\/wp-json\/wp\/v2\/media?parent=30178"}],"wp:term":[{"taxonomy":"category","embeddable":true,"href":"https:\/\/pcb.org.br\/portal2\/wp-json\/wp\/v2\/categories?post=30178"},{"taxonomy":"post_tag","embeddable":true,"href":"https:\/\/pcb.org.br\/portal2\/wp-json\/wp\/v2\/tags?post=30178"}],"curies":[{"name":"wp","href":"https:\/\/api.w.org\/{rel}","templated":true}]}}