{"id":30181,"date":"2023-03-28T08:40:10","date_gmt":"2023-03-28T11:40:10","guid":{"rendered":"https:\/\/pcb.org.br\/portal2\/?p=30181"},"modified":"2023-04-04T17:24:33","modified_gmt":"2023-04-04T20:24:33","slug":"a-reforma-tributaria-de-lula-nao-interessa-aos-trabalhadores","status":"publish","type":"post","link":"https:\/\/pcb.org.br\/portal2\/30181","title":{"rendered":"A Reforma Tribut\u00e1ria de Lula n\u00e3o interessa aos trabalhadores"},"content":{"rendered":"<p><img data-recalc-dims=\"1\" loading=\"lazy\" decoding=\"async\" data-attachment-id=\"30173\" data-permalink=\"https:\/\/pcb.org.br\/portal2\/30172\/image-7-2\" data-orig-file=\"https:\/\/i0.wp.com\/pcb.org.br\/portal2\/wp-content\/uploads\/2023\/03\/image-7-1.png?fit=896%2C604&amp;ssl=1\" data-orig-size=\"896,604\" data-comments-opened=\"0\" data-image-meta=\"{&quot;aperture&quot;:&quot;0&quot;,&quot;credit&quot;:&quot;&quot;,&quot;camera&quot;:&quot;&quot;,&quot;caption&quot;:&quot;&quot;,&quot;created_timestamp&quot;:&quot;0&quot;,&quot;copyright&quot;:&quot;&quot;,&quot;focal_length&quot;:&quot;0&quot;,&quot;iso&quot;:&quot;0&quot;,&quot;shutter_speed&quot;:&quot;0&quot;,&quot;title&quot;:&quot;&quot;,&quot;orientation&quot;:&quot;0&quot;}\" data-image-title=\"image (7)\" data-image-description=\"\" data-image-caption=\"\" data-large-file=\"https:\/\/i0.wp.com\/pcb.org.br\/portal2\/wp-content\/uploads\/2023\/03\/image-7-1.png?fit=747%2C504&amp;ssl=1\" class=\"alignnone size-full wp-image-30173\" src=\"https:\/\/i0.wp.com\/lavrapalavra.com\/wp-content\/uploads\/2015\/08\/image-2023-03-28T080551.519.png?resize=747%2C504&#038;ssl=1\" alt=\"\" width=\"747\" height=\"504\" \/><!--more--><\/p>\n<p><strong>Por Machado<\/strong><\/p>\n<p>N\u00e3o \u00e9 segredo que a pol\u00edtica econ\u00f4mica do governo vem seguindo um desastroso modelo liberal e de austeridade que mant\u00e9m nosso povo na fome. Para Haddad, a prioridade \u00e9 ter &#8220;responsabilidade fiscal&#8221; e n\u00e3o aumentar o sal\u00e1rio m\u00ednimo ou abaixar as taxas de juros, medidas que trariam algum al\u00edvio contra a carestia que atinge o povo. Por\u00e9m, a longo prazo, a equipe econ\u00f4mica &#8220;progressista&#8221; prepara mais um ataque \u00e0 classe trabalhadora: a &#8220;reforma tribut\u00e1ria&#8221; comandada pelo Secret\u00e1rio Bernard Appy.<\/p>\n<p>Sem tocar no tema da tributa\u00e7\u00e3o das grandes fortunas, da renda e do patrim\u00f4nio, a reforma pretende instituir um Imposto Indireto \u00fanico, o IBS (Imposto sobre Bens e Servi\u00e7os). O IBS vai substituir uma gama de impostos e contribui\u00e7\u00f5es (ICMS, ISS, IPI, PIS, COFINS, etc.) por um imposto indireto de base ampla, sobre toda forma de consumo de mercadorias e servi\u00e7os, nos modelos recomendados pela OCDE e pelos pa\u00edses imperialistas, geralmente chamado de IVA (Imposto sobre o Valor Agregado).<\/p>\n<p>Os impostos sobre o consumo, ou indiretos, diferente dos impostos diretos (sobre renda e patrim\u00f4nio), s\u00e3o sempre regressivos, ou seja, pesam mais sobre os trabalhadores do que sobre os mais ricos. Isso ocorre porque, enquanto os trabalhadores gastam a maior parte de seus sal\u00e1rios em contas de \u00e1gua, luz, internet, feiras, mercados, sobre os quais incidem os impostos indiretos, os ricos gastam apenas uma parte de seus grandes rendimentos nessas despesas, direcionando o restante para investimentos e patrim\u00f4nio, que s\u00e3o tributados de forma muito mais modesta.<\/p>\n<p>A campanha do PCB para o Governo do Estado de S\u00e3o Paulo j\u00e1 denunciou que, na compra de uma cesta b\u00e1sica, um trabalhador paga mais de 100 reais apenas de ICMS, apenas um dos diversos impostos indiretos existentes no Brasil. Por\u00e9m, a &#8220;reforma tribut\u00e1ria&#8221; anunciada n\u00e3o diminui o peso dos impostos indiretos, apenas unifica todos eles sob o mesmo nome, com uma al\u00edquota ainda mais pesada, de 25%. Para a burguesia, o imposto \u00fanico \u00e9 extremamente interessante, porque facilita o repasse de todos os custos tribut\u00e1rios aos trabalhadores atrav\u00e9s dos pre\u00e7os. Por\u00e9m, para os trabalhadores, a carga vai aumentar, e os pre\u00e7os v\u00e3o subir ainda mais, enquanto a pr\u00f3pria sistem\u00e1tica da tributa\u00e7\u00e3o indireta incentiva as empresas a congelarem os sal\u00e1rios para n\u00e3o reduzir suas taxas de lucro. Al\u00e9m disso, o aumento da al\u00edquota vai ser sentido duas, tr\u00eas ou at\u00e9 quatro vezes pelos trabalhadores, que mais consomem produtos do revendedor final, porque nos pre\u00e7os, al\u00e9m do imposto sobre o produto, tamb\u00e9m s\u00e3o embutidos os custos com energia el\u00e9trica e transporte, sobre os quais o IBS tamb\u00e9m incidir\u00e1.<\/p>\n<p>O PCB defende h\u00e1 muito a necessidade de uma reforma tribut\u00e1ria no Brasil, diminuindo os impostos indiretos e substituindo-os pelo aumento do imposto sobre a renda dos mais ricos, sobre as grandes fortunas, sobre as mans\u00f5es e bens de luxo, por exemplo. Por\u00e9m, a reforma tribut\u00e1ria do governo Lula vai na contram\u00e3o dos interesses dos trabalhadores brasileiros, roubando dos pobres para distribuir \u00e0 burguesia em grandes incentivos e benef\u00edcios.<\/p>\n","protected":false},"excerpt":{"rendered":"<a class=\"moretag\" href=\"https:\/\/pcb.org.br\/portal2\/30181\"> <\/a>","protected":false},"author":1,"featured_media":0,"comment_status":"closed","ping_status":"closed","sticky":false,"template":"","format":"standard","meta":{"jetpack_post_was_ever_published":false,"_jetpack_newsletter_access":"","_jetpack_dont_email_post_to_subs":false,"_jetpack_newsletter_tier_id":0,"_jetpack_memberships_contains_paywalled_content":false,"_jetpack_memberships_contains_paid_content":false,"footnotes":"","jetpack_publicize_message":"\"Sem aumentar a tributa\u00e7\u00e3o das grandes fortunas e rendas, a reforma pretende instituir um Imposto Indireto \u00fanico, o IBS. Mas impostos sobre o consumo, diferente dos impostos sobre patrim\u00f4nio, sempre pesam mais sobre os trabalhadores do que sobre os ricos.\"","jetpack_publicize_feature_enabled":true,"jetpack_social_post_already_shared":true,"jetpack_social_options":{"image_generator_settings":{"template":"highway","default_image_id":0,"font":"","enabled":false},"version":2}},"categories":[1,66,10,15,31],"tags":[234],"class_list":["post-30181","post","type-post","status-publish","format-standard","hentry","category-geral","category-c79-nacional","category-s19-opiniao","category-s18-sindical","category-c31-unidade-classista","tag-6b"],"jetpack_publicize_connections":[],"jetpack_featured_media_url":"","jetpack_shortlink":"https:\/\/wp.me\/p659gw-7QN","jetpack-related-posts":[],"jetpack_likes_enabled":true,"jetpack_sharing_enabled":true,"_links":{"self":[{"href":"https:\/\/pcb.org.br\/portal2\/wp-json\/wp\/v2\/posts\/30181","targetHints":{"allow":["GET"]}}],"collection":[{"href":"https:\/\/pcb.org.br\/portal2\/wp-json\/wp\/v2\/posts"}],"about":[{"href":"https:\/\/pcb.org.br\/portal2\/wp-json\/wp\/v2\/types\/post"}],"author":[{"embeddable":true,"href":"https:\/\/pcb.org.br\/portal2\/wp-json\/wp\/v2\/users\/1"}],"replies":[{"embeddable":true,"href":"https:\/\/pcb.org.br\/portal2\/wp-json\/wp\/v2\/comments?post=30181"}],"version-history":[{"count":0,"href":"https:\/\/pcb.org.br\/portal2\/wp-json\/wp\/v2\/posts\/30181\/revisions"}],"wp:attachment":[{"href":"https:\/\/pcb.org.br\/portal2\/wp-json\/wp\/v2\/media?parent=30181"}],"wp:term":[{"taxonomy":"category","embeddable":true,"href":"https:\/\/pcb.org.br\/portal2\/wp-json\/wp\/v2\/categories?post=30181"},{"taxonomy":"post_tag","embeddable":true,"href":"https:\/\/pcb.org.br\/portal2\/wp-json\/wp\/v2\/tags?post=30181"}],"curies":[{"name":"wp","href":"https:\/\/api.w.org\/{rel}","templated":true}]}}