{"id":30255,"date":"2023-04-09T00:22:08","date_gmt":"2023-04-09T03:22:08","guid":{"rendered":"https:\/\/pcb.org.br\/portal2\/?p=30255"},"modified":"2023-04-13T13:48:48","modified_gmt":"2023-04-13T16:48:48","slug":"sobre-o-atentado-a-creche-em-blumenau-sc","status":"publish","type":"post","link":"https:\/\/pcb.org.br\/portal2\/30255","title":{"rendered":"Sobre o atentado \u00e0 creche em Blumenau SC"},"content":{"rendered":"<p><img data-recalc-dims=\"1\" loading=\"lazy\" decoding=\"async\" data-attachment-id=\"30256\" data-permalink=\"https:\/\/pcb.org.br\/portal2\/30255\/snapinsta-app_339928627_885861345857948_5545683397401021803_n_1080\" data-orig-file=\"https:\/\/i0.wp.com\/pcb.org.br\/portal2\/wp-content\/uploads\/2023\/04\/Snapinsta.app_339928627_885861345857948_5545683397401021803_n_1080.jpg?fit=960%2C960&amp;ssl=1\" data-orig-size=\"960,960\" data-comments-opened=\"0\" data-image-meta=\"{&quot;aperture&quot;:&quot;0&quot;,&quot;credit&quot;:&quot;&quot;,&quot;camera&quot;:&quot;&quot;,&quot;caption&quot;:&quot;&quot;,&quot;created_timestamp&quot;:&quot;0&quot;,&quot;copyright&quot;:&quot;&quot;,&quot;focal_length&quot;:&quot;0&quot;,&quot;iso&quot;:&quot;0&quot;,&quot;shutter_speed&quot;:&quot;0&quot;,&quot;title&quot;:&quot;&quot;,&quot;orientation&quot;:&quot;0&quot;}\" data-image-title=\"Snapinsta.app_339928627_885861345857948_5545683397401021803_n_1080\" data-image-description=\"\" data-image-caption=\"\" data-large-file=\"https:\/\/i0.wp.com\/pcb.org.br\/portal2\/wp-content\/uploads\/2023\/04\/Snapinsta.app_339928627_885861345857948_5545683397401021803_n_1080.jpg?fit=747%2C747&amp;ssl=1\" class=\"alignnone size-large wp-image-30256\" src=\"https:\/\/i0.wp.com\/pcb.org.br\/portal2\/wp-content\/uploads\/2023\/04\/Snapinsta.app_339928627_885861345857948_5545683397401021803_n_1080.jpg?resize=747%2C747&#038;ssl=1\" alt=\"\" width=\"747\" height=\"747\" srcset=\"https:\/\/i0.wp.com\/pcb.org.br\/portal2\/wp-content\/uploads\/2023\/04\/Snapinsta.app_339928627_885861345857948_5545683397401021803_n_1080.jpg?resize=900%2C900&amp;ssl=1 900w, https:\/\/i0.wp.com\/pcb.org.br\/portal2\/wp-content\/uploads\/2023\/04\/Snapinsta.app_339928627_885861345857948_5545683397401021803_n_1080.jpg?resize=300%2C300&amp;ssl=1 300w, https:\/\/i0.wp.com\/pcb.org.br\/portal2\/wp-content\/uploads\/2023\/04\/Snapinsta.app_339928627_885861345857948_5545683397401021803_n_1080.jpg?resize=150%2C150&amp;ssl=1 150w, https:\/\/i0.wp.com\/pcb.org.br\/portal2\/wp-content\/uploads\/2023\/04\/Snapinsta.app_339928627_885861345857948_5545683397401021803_n_1080.jpg?resize=768%2C768&amp;ssl=1 768w, https:\/\/i0.wp.com\/pcb.org.br\/portal2\/wp-content\/uploads\/2023\/04\/Snapinsta.app_339928627_885861345857948_5545683397401021803_n_1080.jpg?w=960&amp;ssl=1 960w\" sizes=\"auto, (max-width: 747px) 100vw, 747px\" \/><!--more--><\/p>\n<p>O Partido Comunista Brasileiro em Blumenau se solidariza com as fam\u00edlias das v\u00edtimas do atentado ocorrido na creche Cantinho Bom Pastor no dia de ontem (05\/04). O ataque tirou a vida de quatro crian\u00e7as e feriu outras cinco. O caso aconteceu poucos dias depois do assassinato de uma professora na cidade de S\u00e3o Paulo e de uma tentativa frustrada de ataque realizada por um jovem neonazista a uma escola tamb\u00e9m em S\u00e3o Paulo.<\/p>\n<p>N\u00e3o se trata, portanto, de um fato isolado, mas de um movimento que vem crescendo e se fortalecendo a partir da desintegra\u00e7\u00e3o social promovida especialmente durante o governo Bolsonaro, que ficou marcado pelo avan\u00e7o do fascismo e pelo incentivo a uma cultura de \u00f3dio e viol\u00eancia. Este cen\u00e1rio \u00e9 ainda mais grave em Santa Catarina, estado do Brasil com o segundo maior n\u00famero de c\u00e9lulas neonazistas, de acordo com a pesquisadora Adriana Dias, e que tem marcado presen\u00e7a na m\u00eddia nacional h\u00e1 alguns meses devido a investiga\u00e7\u00f5es sobre grupos neonazistas, inclusive com articula\u00e7\u00e3o internacional.<\/p>\n<p>Este ataque escancara n\u00e3o apenas o quanto o Estado precisa avan\u00e7ar no combate \u00e0s redes virtuais de dissemina\u00e7\u00e3o de \u00f3dio e viol\u00eancia e na preven\u00e7\u00e3o deste tipo de a\u00e7\u00f5es, como tamb\u00e9m exp\u00f5e as consequ\u00eancias inevit\u00e1veis desta perigosa combina\u00e7\u00e3o de conservadorismo moralista, individualismo extremado e competi\u00e7\u00e3o capitalista.<\/p>\n<p>Deste doloroso luto que nossa cidade est\u00e1 vivenciando, precisamos tirar as li\u00e7\u00f5es para combater esta chaga pelas suas ra\u00edzes. Tanto no sentido de criar as condi\u00e7\u00f5es para que possamos ter maior seguran\u00e7a nos espa\u00e7os de educa\u00e7\u00e3o de nossas crian\u00e7as, como tamb\u00e9m para a forma\u00e7\u00e3o de seres humanos dotados de sentimentos de empatia, solidariedade, senso de comunidade e respeito ao diferente. Estas condi\u00e7\u00f5es jamais poder\u00e3o ser plenamente atingidas enquanto nossas vidas forem regidas por um sistema baseado na explora\u00e7\u00e3o do homem pelo homem, que premia os opressores e pune os oprimidos e que estimula a competi\u00e7\u00e3o de todos contra todos.<\/p>\n<p>Superar o capitalismo \u00e9 a \u00fanica forma de garantir um futuro digno para as nossas crian\u00e7as.<\/p>\n<p>QUE O LUTO DE HOJE SE TRANSFORME NA LUTA DE AMANH\u00c3!<\/p>\n<p>&nbsp;<\/p>\n","protected":false},"excerpt":{"rendered":"<a class=\"moretag\" href=\"https:\/\/pcb.org.br\/portal2\/30255\"> <\/a>","protected":false},"author":8,"featured_media":0,"comment_status":"closed","ping_status":"closed","sticky":false,"template":"","format":"standard","meta":{"jetpack_post_was_ever_published":false,"_jetpack_newsletter_access":"","_jetpack_dont_email_post_to_subs":false,"_jetpack_newsletter_tier_id":0,"_jetpack_memberships_contains_paywalled_content":false,"_jetpack_memberships_contains_paid_content":false,"footnotes":"","jetpack_publicize_message":"","jetpack_publicize_feature_enabled":true,"jetpack_social_post_already_shared":true,"jetpack_social_options":{"image_generator_settings":{"template":"highway","default_image_id":0,"font":"","enabled":false},"version":2}},"categories":[207],"tags":[223,384],"class_list":["post-30255","post","type-post","status-publish","format-standard","hentry","category-lutas-nos-estados","tag-3a","tag-solidariedade"],"jetpack_publicize_connections":[],"jetpack_featured_media_url":"","jetpack_shortlink":"https:\/\/wp.me\/p659gw-7RZ","jetpack-related-posts":[],"jetpack_likes_enabled":true,"jetpack_sharing_enabled":true,"_links":{"self":[{"href":"https:\/\/pcb.org.br\/portal2\/wp-json\/wp\/v2\/posts\/30255","targetHints":{"allow":["GET"]}}],"collection":[{"href":"https:\/\/pcb.org.br\/portal2\/wp-json\/wp\/v2\/posts"}],"about":[{"href":"https:\/\/pcb.org.br\/portal2\/wp-json\/wp\/v2\/types\/post"}],"author":[{"embeddable":true,"href":"https:\/\/pcb.org.br\/portal2\/wp-json\/wp\/v2\/users\/8"}],"replies":[{"embeddable":true,"href":"https:\/\/pcb.org.br\/portal2\/wp-json\/wp\/v2\/comments?post=30255"}],"version-history":[{"count":1,"href":"https:\/\/pcb.org.br\/portal2\/wp-json\/wp\/v2\/posts\/30255\/revisions"}],"predecessor-version":[{"id":30257,"href":"https:\/\/pcb.org.br\/portal2\/wp-json\/wp\/v2\/posts\/30255\/revisions\/30257"}],"wp:attachment":[{"href":"https:\/\/pcb.org.br\/portal2\/wp-json\/wp\/v2\/media?parent=30255"}],"wp:term":[{"taxonomy":"category","embeddable":true,"href":"https:\/\/pcb.org.br\/portal2\/wp-json\/wp\/v2\/categories?post=30255"},{"taxonomy":"post_tag","embeddable":true,"href":"https:\/\/pcb.org.br\/portal2\/wp-json\/wp\/v2\/tags?post=30255"}],"curies":[{"name":"wp","href":"https:\/\/api.w.org\/{rel}","templated":true}]}}