{"id":30264,"date":"2023-04-11T15:16:20","date_gmt":"2023-04-11T18:16:20","guid":{"rendered":"https:\/\/pcb.org.br\/portal2\/?p=30264"},"modified":"2023-04-11T15:16:20","modified_gmt":"2023-04-11T18:16:20","slug":"apoio-as-lutas-do-povo-palestino","status":"publish","type":"post","link":"https:\/\/pcb.org.br\/portal2\/30264","title":{"rendered":"Apoio \u00e0s lutas do Povo Palestino"},"content":{"rendered":"<p><img data-recalc-dims=\"1\" loading=\"lazy\" decoding=\"async\" data-attachment-id=\"30265\" data-permalink=\"https:\/\/pcb.org.br\/portal2\/30264\/nota-politica2\" data-orig-file=\"https:\/\/i0.wp.com\/pcb.org.br\/portal2\/wp-content\/uploads\/2023\/04\/Nota-politica2.png?fit=1080%2C1080&amp;ssl=1\" data-orig-size=\"1080,1080\" data-comments-opened=\"0\" data-image-meta=\"{&quot;aperture&quot;:&quot;0&quot;,&quot;credit&quot;:&quot;&quot;,&quot;camera&quot;:&quot;&quot;,&quot;caption&quot;:&quot;&quot;,&quot;created_timestamp&quot;:&quot;0&quot;,&quot;copyright&quot;:&quot;&quot;,&quot;focal_length&quot;:&quot;0&quot;,&quot;iso&quot;:&quot;0&quot;,&quot;shutter_speed&quot;:&quot;0&quot;,&quot;title&quot;:&quot;&quot;,&quot;orientation&quot;:&quot;0&quot;}\" data-image-title=\"Nota pol\u00edtica(2)\" data-image-description=\"\" data-image-caption=\"\" data-large-file=\"https:\/\/i0.wp.com\/pcb.org.br\/portal2\/wp-content\/uploads\/2023\/04\/Nota-politica2.png?fit=747%2C747&amp;ssl=1\" class=\"alignnone size-large wp-image-30265\" src=\"https:\/\/i0.wp.com\/pcb.org.br\/portal2\/wp-content\/uploads\/2023\/04\/Nota-politica2.png?resize=747%2C747&#038;ssl=1\" alt=\"\" width=\"747\" height=\"747\" srcset=\"https:\/\/i0.wp.com\/pcb.org.br\/portal2\/wp-content\/uploads\/2023\/04\/Nota-politica2.png?resize=900%2C900&amp;ssl=1 900w, https:\/\/i0.wp.com\/pcb.org.br\/portal2\/wp-content\/uploads\/2023\/04\/Nota-politica2.png?resize=300%2C300&amp;ssl=1 300w, https:\/\/i0.wp.com\/pcb.org.br\/portal2\/wp-content\/uploads\/2023\/04\/Nota-politica2.png?resize=150%2C150&amp;ssl=1 150w, https:\/\/i0.wp.com\/pcb.org.br\/portal2\/wp-content\/uploads\/2023\/04\/Nota-politica2.png?resize=768%2C768&amp;ssl=1 768w, https:\/\/i0.wp.com\/pcb.org.br\/portal2\/wp-content\/uploads\/2023\/04\/Nota-politica2.png?w=1080&amp;ssl=1 1080w\" sizes=\"auto, (max-width: 747px) 100vw, 747px\" \/><!--more--><\/p>\n<p><strong>NOTA DO PCB DE APOIO \u00c0S LUTAS DO POVO PALESTINO<\/strong><\/p>\n<p>O PARTIDO COMUNISTA BRASILEIRO h\u00e1 d\u00e9cadas reconhece o direito do povo palestino de utilizar todas as formas de resist\u00eancia \u00e0 ocupa\u00e7\u00e3o de seus territ\u00f3rios, com \u00eanfase atrav\u00e9s da luta e da organiza\u00e7\u00e3o popular. Os Palestinos sonham e lutam pela constru\u00e7\u00e3o de uma Rep\u00fablica Independente. Lutaram e derrotaram o Imp\u00e9rio Turco-otomano, mas logo ap\u00f3s, entre 1918 e 1948 o imperialismo-colonialista brit\u00e2nico n\u00e3o deu tr\u00e9guas e a Inglaterra manteve a Palestina sob ocupa\u00e7\u00e3o pol\u00edtica e militar de 1918 at\u00e9 1948 quando em maio de 1948 os sionistas em atos de guerra com a coniv\u00eancia do imperialismo, atacaram os moradores palestinos utilizando-se de mil\u00edcias mercen\u00e1rias.<\/p>\n<p>O imperialismo-colonialista brit\u00e2nico manteve a Palestina sob ocupa\u00e7\u00e3o colonial at\u00e9 a ocorr\u00eancia, em maio de 1918, da Nakba, (trag\u00e9dia). Os sionistas ocuparam as terras palestinas, expulsando o povo, utilizando-se de grande trucul\u00eancia e de altos n\u00edveis de viol\u00eancia, queimando casas e planta\u00e7\u00f5es do povo palestino. Nesse momento, tem in\u00edcio uma pol\u00edtica de limpeza \u00e9tnica que persiste at\u00e9 hoje, como podemos verificar nos recentes ataques \u00e0 Mesquita Al Aqsa que feriu e matou palestinos que estavam no culto, al\u00e9m do bombardeio a Gaza.<\/p>\n<p>Destacamos que a luta do povo palestino \u00e9 cont\u00ednua e sem tr\u00e9guas! Aqui no Brasil juntamente com as for\u00e7as democr\u00e1ticas e de esquerda que se perfilam na defesa intransigente pela defesa da Causa Palestina, conseguiu-se impedir na UNICAMP, na cidade de Campinas, em S\u00e3o Paulo, a realiza\u00e7\u00e3o de um evento que pretendia apresentar falsamente as universidades israelenses como se fossem \u201caliadas\u201d do povo palestino. No entanto, essa pretens\u00e3o n\u00e3o obteve \u00eaxito, diante da resist\u00eancia dos que defendem a Causa Palestina, a democracia e liberdade do seu povo contra a opress\u00e3o sionista.<\/p>\n<p>O povo palestino resiste e conta com o apoio incondicional dos comunistas brasileiros!<\/p>\n<p>Viva a Palestina Livre!<\/p>\n<p>Partido Comunista Brasileiro &#8211; Secretaria de Solidariedade Internacional<\/p>\n","protected":false},"excerpt":{"rendered":"<a class=\"moretag\" href=\"https:\/\/pcb.org.br\/portal2\/30264\"> <\/a>","protected":false},"author":8,"featured_media":0,"comment_status":"closed","ping_status":"closed","sticky":false,"template":"","format":"standard","meta":{"jetpack_post_was_ever_published":false,"_jetpack_newsletter_access":"","_jetpack_dont_email_post_to_subs":false,"_jetpack_newsletter_tier_id":0,"_jetpack_memberships_contains_paywalled_content":false,"_jetpack_memberships_contains_paid_content":false,"footnotes":"","jetpack_publicize_message":"","jetpack_publicize_feature_enabled":true,"jetpack_social_post_already_shared":true,"jetpack_social_options":{"image_generator_settings":{"template":"highway","default_image_id":0,"font":"","enabled":false},"version":2}},"categories":[75,26,78],"tags":[222],"class_list":["post-30264","post","type-post","status-publish","format-standard","hentry","category-c88-internacionalismo","category-c25-notas-politicas-do-pcb","category-c91-solidariedade-a-palestina","tag-2b"],"jetpack_publicize_connections":[],"jetpack_featured_media_url":"","jetpack_shortlink":"https:\/\/wp.me\/p659gw-7S8","jetpack-related-posts":[],"jetpack_likes_enabled":true,"jetpack_sharing_enabled":true,"_links":{"self":[{"href":"https:\/\/pcb.org.br\/portal2\/wp-json\/wp\/v2\/posts\/30264","targetHints":{"allow":["GET"]}}],"collection":[{"href":"https:\/\/pcb.org.br\/portal2\/wp-json\/wp\/v2\/posts"}],"about":[{"href":"https:\/\/pcb.org.br\/portal2\/wp-json\/wp\/v2\/types\/post"}],"author":[{"embeddable":true,"href":"https:\/\/pcb.org.br\/portal2\/wp-json\/wp\/v2\/users\/8"}],"replies":[{"embeddable":true,"href":"https:\/\/pcb.org.br\/portal2\/wp-json\/wp\/v2\/comments?post=30264"}],"version-history":[{"count":1,"href":"https:\/\/pcb.org.br\/portal2\/wp-json\/wp\/v2\/posts\/30264\/revisions"}],"predecessor-version":[{"id":30266,"href":"https:\/\/pcb.org.br\/portal2\/wp-json\/wp\/v2\/posts\/30264\/revisions\/30266"}],"wp:attachment":[{"href":"https:\/\/pcb.org.br\/portal2\/wp-json\/wp\/v2\/media?parent=30264"}],"wp:term":[{"taxonomy":"category","embeddable":true,"href":"https:\/\/pcb.org.br\/portal2\/wp-json\/wp\/v2\/categories?post=30264"},{"taxonomy":"post_tag","embeddable":true,"href":"https:\/\/pcb.org.br\/portal2\/wp-json\/wp\/v2\/tags?post=30264"}],"curies":[{"name":"wp","href":"https:\/\/api.w.org\/{rel}","templated":true}]}}