{"id":30281,"date":"2023-04-13T13:47:52","date_gmt":"2023-04-13T16:47:52","guid":{"rendered":"https:\/\/pcb.org.br\/portal2\/?p=30281"},"modified":"2023-04-13T15:24:04","modified_gmt":"2023-04-13T18:24:04","slug":"irlanda-nao-a-biden-nao-a-otan","status":"publish","type":"post","link":"https:\/\/pcb.org.br\/portal2\/30281","title":{"rendered":"Irlanda: N\u00e3o a Biden! N\u00e3o \u00e0 OTAN!"},"content":{"rendered":"<p><img data-recalc-dims=\"1\" loading=\"lazy\" decoding=\"async\" data-attachment-id=\"30268\" data-permalink=\"https:\/\/pcb.org.br\/portal2\/30267\/photo_2023-04-12_21-51-41\" data-orig-file=\"https:\/\/i0.wp.com\/pcb.org.br\/portal2\/wp-content\/uploads\/2023\/04\/photo_2023-04-12_21-51-41.jpg?fit=1280%2C960&amp;ssl=1\" data-orig-size=\"1280,960\" data-comments-opened=\"0\" data-image-meta=\"{&quot;aperture&quot;:&quot;0&quot;,&quot;credit&quot;:&quot;&quot;,&quot;camera&quot;:&quot;&quot;,&quot;caption&quot;:&quot;&quot;,&quot;created_timestamp&quot;:&quot;0&quot;,&quot;copyright&quot;:&quot;&quot;,&quot;focal_length&quot;:&quot;0&quot;,&quot;iso&quot;:&quot;0&quot;,&quot;shutter_speed&quot;:&quot;0&quot;,&quot;title&quot;:&quot;&quot;,&quot;orientation&quot;:&quot;0&quot;}\" data-image-title=\"photo_2023-04-12_21-51-41\" data-image-description=\"\" data-image-caption=\"\" data-large-file=\"https:\/\/i0.wp.com\/pcb.org.br\/portal2\/wp-content\/uploads\/2023\/04\/photo_2023-04-12_21-51-41.jpg?fit=747%2C560&amp;ssl=1\" class=\"alignnone size-large wp-image-30268\" src=\"https:\/\/i0.wp.com\/lavrapalavra.com\/wp-content\/uploads\/2015\/08\/image-2023-04-13T125332.253.png?resize=747%2C560&#038;ssl=1\" alt=\"\" width=\"747\" height=\"560\" \/><!--more--><\/p>\n<p>Manifestantes antiguerra na prefeitura de Belfast horas antes da chegada do presidente dos Estados Unidos, Joe Biden. Foto de Hugh Russel<\/p>\n<p><strong>Declara\u00e7\u00e3o do Partido dos Trabalhadores da Irlanda sobre a presen\u00e7a do presidente dos Estados Unidos na Irlanda<\/strong><\/p>\n<p>Esta semana o presidente dos EUA, Biden, est\u00e1 na Irlanda, supostamente para marcar o 25\u00ba anivers\u00e1rio do Acordo de Belfast\/Sexta-Feira Santa. Isso \u00e9 um pretexto. Ele passar\u00e1 muito pouco tempo na Irlanda do Norte, onde ter\u00e1 um breve compromisso.<\/p>\n<p>O verdadeiro prop\u00f3sito de sua visita \u00e9 garantir um voto irland\u00eas-americano nas elei\u00e7\u00f5es presidenciais dos Estados Unidos e dar as m\u00e3os a um governo irland\u00eas servil e a uma m\u00eddia irlandesa bajuladora em uma tentativa de aproximar o estado irland\u00eas da pol\u00edtica externa dos Estados Unidos e da OTAN.<\/p>\n<p>Os EUA, que Biden representa, s\u00e3o culpados de belicismo, explora\u00e7\u00e3o e terror. Eles refor\u00e7am o poder dos monop\u00f3lios. Os EUA t\u00eam pelo menos tr\u00eas vezes mais bases no exterior do que todos os outros pa\u00edses juntos e t\u00eam usado essas bases para lan\u00e7ar guerras e outras opera\u00e7\u00f5es de combate contra estados soberanos. Usam o aeroporto de Shannon para promover a interven\u00e7\u00e3o estrangeira e a guerra.<\/p>\n<p>O bloqueio dos Estados Unidos contra Cuba \u00e9 o bloqueio mais duradouro da hist\u00f3ria e custou \u00e0 economia cubana muitos bilh\u00f5es de d\u00f3lares. Todos os anos, a Assembleia Geral das Na\u00e7\u00f5es Unidas aprova de forma esmagadora uma resolu\u00e7\u00e3o condenando o bloqueio, tudo ignorado pelos EUA. Apesar da opini\u00e3o mundial, o bloqueio econ\u00f4mico, comercial e financeiro aplicado pelo governo dos Estados Unidos contra Cuba se mant\u00e9m e continua tendo profundas repercuss\u00f5es na economia cubana. O bloqueio \u00e9 deliberadamente projetado para limitar o direito de Cuba de seguir seu pr\u00f3prio caminho de desenvolvimento. Biden continua a impor este bloqueio cruel e criminoso e recusou-se escandalosamente a retirar Cuba da lista dos EUA de estados patrocinadores do terrorismo.<\/p>\n<p>Biden segue apoiando o regime israelense do apartheid, apesar do fato de que milh\u00f5es de pessoas em todo o mundo est\u00e3o chocadas e indignadas com os brutais atentados terroristas, a limpeza \u00e9tnica e a viol\u00eancia comunit\u00e1ria sendo perpetrada por Israel contra o povo palestino. Esses crimes s\u00e3o cometidos com armamento e financiamento estadunidenses. A administra\u00e7\u00e3o Biden aprovou a venda de $ 735 milh\u00f5es em bombas \u201cinteligentes\u201d JDAM e SDB para Israel \u2013 as muni\u00e7\u00f5es que choveram sobre a popula\u00e7\u00e3o de Gaza. Os Estados Unidos usaram seu poder de veto muitas vezes para proteger Israel de resolu\u00e7\u00f5es que censuram sua conduta no Conselho de Seguran\u00e7a das Na\u00e7\u00f5es Unidas.<\/p>\n<p>O hist\u00f3rico de Biden na Som\u00e1lia, Venezuela, Cuba, Palestina, o apoio a ditadores e autocratas no Oriente M\u00e9dio e em outras regi\u00f5es que servem aos interesses dos EUA, seu apoio \u00e0 expans\u00e3o da OTAN e da m\u00e1quina de guerra dos EUA, o aumento da rivalidade e das tens\u00f5es interimperialistas e sua defesa cont\u00ednua da interven\u00e7\u00e3o imperialista e da guerra demonstram seu longo hist\u00f3rico de apoio \u00e0 crua agress\u00e3o dos EUA.<\/p>\n<p>Mais de um ano se passou desde o in\u00edcio do conflito imperialista na Ucr\u00e2nia. A competi\u00e7\u00e3o entre pot\u00eancias concorrentes produziu uma guerra cruel e perigosa onde a classe trabalhadora (ucraniana e russa) est\u00e1 sofrendo as consequ\u00eancias. A guerra lan\u00e7ada pela R\u00fassia na Ucr\u00e2nia, e as a\u00e7\u00f5es e provoca\u00e7\u00f5es \u00e1vidas e agressivas dos Estados Unidos e da Uni\u00e3o Europeia servem apenas para prolongar e aumentar o sofrimento do povo russo e ucraniano. A publica\u00e7\u00e3o de documentos nos \u00faltimos dias comprova a presen\u00e7a de for\u00e7as dos EUA e da OTAN no territ\u00f3rio da Ucr\u00e2nia.<\/p>\n<p>O mundo enfrenta um s\u00e9rio perigo de um confronto militar mais generalizado, dado o clamor por medidas coercitivas, interven\u00e7\u00e3o e guerra da UE, da OTAN e dos EUA. Na \u00c1frica, o AFRICOM, em colabora\u00e7\u00e3o com a Uni\u00e3o Europeia, busca aumentar e desenvolver o poder militar dos EUA para controlar terras, recursos e m\u00e3o de obra a servi\u00e7o dos monop\u00f3lios. Biden e seu governo s\u00e3o fundamentais para tais processos.<\/p>\n<p>Numa \u00e9poca em que o mundo est\u00e1 \u00e0 beira de mudan\u00e7as clim\u00e1ticas desastrosas e irrevers\u00edveis, o governo de Biden aprovou mais de 2.100 licen\u00e7as de perfura\u00e7\u00e3o em terras p\u00fablicas e nativas norte-americanas desde que ele assumiu o cargo. O Departamento de Justi\u00e7a dos EUA, sob Biden, ainda est\u00e1 tentando promover a extradi\u00e7\u00e3o de Julian Assange, atacando as leg\u00edtimas finalidades das atividades da imprensa.<\/p>\n<p>O Partido dos Trabalhadores da Irlanda se op\u00f5e \u00e0 visita de Biden e participa ativamente dos protestos contra ele. O caminho a seguir na luta pela paz global e contra a guerra e a barb\u00e1rie imperialista \u00e9 a solidariedade internacional, a unidade da classe trabalhadora e a luta pelo socialismo.<\/p>\n<p>Trabalhadores de todos os pa\u00edses, uni-vos!<\/p>\n<p>Ted Tynan, presidente<br \/>\nGerry Grainger, Secret\u00e1rio Internacional Comit\u00ea Executivo Central<br \/>\nPartido dos Trabalhadores da Irlanda<\/p>\n<p>Tradu\u00e7\u00e3o: Partido Comunista Brasileiro (PCB)<\/p>\n<p>Fonte:<br \/>\nhttp:\/\/www.solidnet.org\/article\/WP-of-Ireland-Statement-of-the-Workers-Party-of-Ireland-on-the-presence-of-the-US-President-in-Ireland.-No-to-Biden-No-to-NATO\/<\/p>\n","protected":false},"excerpt":{"rendered":"<a class=\"moretag\" href=\"https:\/\/pcb.org.br\/portal2\/30281\"> <\/a>","protected":false},"author":1,"featured_media":0,"comment_status":"closed","ping_status":"closed","sticky":false,"template":"","format":"standard","meta":{"jetpack_post_was_ever_published":false,"_jetpack_newsletter_access":"","_jetpack_dont_email_post_to_subs":false,"_jetpack_newsletter_tier_id":0,"_jetpack_memberships_contains_paywalled_content":false,"_jetpack_memberships_contains_paid_content":false,"footnotes":"","jetpack_publicize_message":"O Partido dos Trabalhadores da Irlanda se op\u00f5e \u00e0 visita de Biden e participa dos protestos contra ele. O caminho na luta contra a guerra e a barb\u00e1rie imperialista \u00e9 a solidariedade internacional, a unidade da classe trabalhadora e a luta pelo socialismo.","jetpack_publicize_feature_enabled":true,"jetpack_social_post_already_shared":true,"jetpack_social_options":{"image_generator_settings":{"template":"highway","default_image_id":0,"font":"","enabled":false},"version":2}},"categories":[1],"tags":[234],"class_list":["post-30281","post","type-post","status-publish","format-standard","hentry","category-geral","tag-6b"],"jetpack_publicize_connections":[],"jetpack_featured_media_url":"","jetpack_shortlink":"https:\/\/wp.me\/p659gw-7Sp","jetpack-related-posts":[],"jetpack_likes_enabled":true,"jetpack_sharing_enabled":true,"_links":{"self":[{"href":"https:\/\/pcb.org.br\/portal2\/wp-json\/wp\/v2\/posts\/30281","targetHints":{"allow":["GET"]}}],"collection":[{"href":"https:\/\/pcb.org.br\/portal2\/wp-json\/wp\/v2\/posts"}],"about":[{"href":"https:\/\/pcb.org.br\/portal2\/wp-json\/wp\/v2\/types\/post"}],"author":[{"embeddable":true,"href":"https:\/\/pcb.org.br\/portal2\/wp-json\/wp\/v2\/users\/1"}],"replies":[{"embeddable":true,"href":"https:\/\/pcb.org.br\/portal2\/wp-json\/wp\/v2\/comments?post=30281"}],"version-history":[{"count":1,"href":"https:\/\/pcb.org.br\/portal2\/wp-json\/wp\/v2\/posts\/30281\/revisions"}],"predecessor-version":[{"id":30282,"href":"https:\/\/pcb.org.br\/portal2\/wp-json\/wp\/v2\/posts\/30281\/revisions\/30282"}],"wp:attachment":[{"href":"https:\/\/pcb.org.br\/portal2\/wp-json\/wp\/v2\/media?parent=30281"}],"wp:term":[{"taxonomy":"category","embeddable":true,"href":"https:\/\/pcb.org.br\/portal2\/wp-json\/wp\/v2\/categories?post=30281"},{"taxonomy":"post_tag","embeddable":true,"href":"https:\/\/pcb.org.br\/portal2\/wp-json\/wp\/v2\/tags?post=30281"}],"curies":[{"name":"wp","href":"https:\/\/api.w.org\/{rel}","templated":true}]}}