{"id":30283,"date":"2023-04-13T13:50:06","date_gmt":"2023-04-13T16:50:06","guid":{"rendered":"https:\/\/pcb.org.br\/portal2\/?p=30283"},"modified":"2023-04-18T15:18:24","modified_gmt":"2023-04-18T18:18:24","slug":"pcb-da-paraiba-por-memoria-verdade-e-justica","status":"publish","type":"post","link":"https:\/\/pcb.org.br\/portal2\/30283","title":{"rendered":"PCB da Para\u00edba: por Mem\u00f3ria, Verdade e Justi\u00e7a"},"content":{"rendered":"<p><img data-recalc-dims=\"1\" loading=\"lazy\" decoding=\"async\" data-attachment-id=\"30268\" data-permalink=\"https:\/\/pcb.org.br\/portal2\/30267\/photo_2023-04-12_21-51-41\" data-orig-file=\"https:\/\/i0.wp.com\/pcb.org.br\/portal2\/wp-content\/uploads\/2023\/04\/photo_2023-04-12_21-51-41.jpg?fit=1280%2C960&amp;ssl=1\" data-orig-size=\"1280,960\" data-comments-opened=\"0\" data-image-meta=\"{&quot;aperture&quot;:&quot;0&quot;,&quot;credit&quot;:&quot;&quot;,&quot;camera&quot;:&quot;&quot;,&quot;caption&quot;:&quot;&quot;,&quot;created_timestamp&quot;:&quot;0&quot;,&quot;copyright&quot;:&quot;&quot;,&quot;focal_length&quot;:&quot;0&quot;,&quot;iso&quot;:&quot;0&quot;,&quot;shutter_speed&quot;:&quot;0&quot;,&quot;title&quot;:&quot;&quot;,&quot;orientation&quot;:&quot;0&quot;}\" data-image-title=\"photo_2023-04-12_21-51-41\" data-image-description=\"\" data-image-caption=\"\" data-large-file=\"https:\/\/i0.wp.com\/pcb.org.br\/portal2\/wp-content\/uploads\/2023\/04\/photo_2023-04-12_21-51-41.jpg?fit=747%2C560&amp;ssl=1\" class=\"alignnone size-large wp-image-30268\" src=\"https:\/\/i0.wp.com\/lavrapalavra.com\/wp-content\/uploads\/2015\/08\/image-2023-04-13T125327.654.png?resize=747%2C560&#038;ssl=1\" alt=\"\" width=\"747\" height=\"560\" \/><!--more--><\/p>\n<p>ATO EM CELEBRA\u00c7\u00c3O \u00c0 VIDA E LUTA DOS M\u00c1RTIRES DA LUTA PELA TERRA \u00c9 REALIZADO NO MEMORIAL DAS LIGAS E LUTAS CAMPONESAS DA PARA\u00cdBA<\/p>\n<p>Na tarde de 2 de abril foi realizado um ato em mem\u00f3ria aos m\u00e1rtires da luta pela terra, na comunidade Barra de Antas, em Sap\u00e9-PB. Na ocasi\u00e3o, foram homenageados lutadores e lutadoras como Jo\u00e3o Pedro Teixeira, Nego Fuba, Pedro Fazendeiro, Margarida Alves, Almir Muniz, Ant\u00f4nio Chaves, Sandoval Avelino e Bila.<\/p>\n<p>Estiveram presentes estudantes, pesquisadores, movimentos sociais, coletivos culturais, sindicatos rurais, associa\u00e7\u00f5es de trabalhadores do campo, partidos pol\u00edticos e anistiados da ditadura empresarial-militar de 1964.<\/p>\n<p>O ato ocorreu no Memorial das Ligas e Lutas Camponesas (MLLC), localizado na casa em que viveram Jo\u00e3o Pedro Teixeira e Elizabeth Teixeira.<\/p>\n<p>A data marca o assassinato do l\u00edder campon\u00eas e comunista Jo\u00e3o Pedro Teixeira, reconhecida lideran\u00e7a da Liga Camponesa de Sap\u00e9.<\/p>\n<p>QUEM FOI JO\u00c3O PEDRO TEIXEIRA?<\/p>\n<p>Paraibano, militante do Partido Comunista Brasileiro (PCB) e um dos maiores l\u00edderes das Ligas Camponesas no Brasil, Jo\u00e3o Pedro Teixeira foi assassinado com tr\u00eas tiros de fuzil a caminho de casa, em 2 de abril de 1962, emboscado por dois policiais militares e um jagun\u00e7o que atuavam como capangas para o &#8220;Grupo da V\u00e1rzea&#8221;, corpora\u00e7\u00e3o que atuou mais intensamente entre as d\u00e9cadas de 1950 e 1980, unindo duas grandes fam\u00edlias latifundi\u00e1rias da Para\u00edba: os Ribeiro Coutinho e os Veloso Borges.<\/p>\n<p>Filho de camponeses, dedicava-se \u00e0 lida no ro\u00e7ado e nas pedreiras da regi\u00e3o, n\u00e3o tardando a rebelar-se contra a explora\u00e7\u00e3o capitalista.<\/p>\n<p>Em 1945, quando foi morar em Jaboat\u00e3o dos Guararapes (PE) com sua companheira Elizabeth Teixeira e seus filhos, e filhas, trabalhou em uma pedreira em que, diante das injusti\u00e7as, destacou-se como importante l\u00edder entre os trabalhadores, assumindo a presid\u00eancia do rec\u00e9m criado Sindicato dos Oper\u00e1rios.<\/p>\n<p>Adentrou as fileiras do PCB ainda na d\u00e9cada de 1950, e por causa de sua combativa milit\u00e2ncia passou a ser perseguido, tendo dificuldades em se empregar, o que fez com que retornasse \u00e0 Para\u00edba com sua fam\u00edlia para viver em Barra de Antas, no munic\u00edpio de Sap\u00e9, numa propriedade da fam\u00edlia de Elizabeth.<\/p>\n<p>L\u00e1, juntamente a figuras como o tamb\u00e9m comunista Jo\u00e3o Alfredo Dias, o &#8220;Nego Fuba&#8221;, e Pedro In\u00e1cio de Ara\u00fajo, o &#8220;Pedro Fazendeiro&#8221;, fundou em 1958 a Liga Camponesa de Sap\u00e9.<\/p>\n<p>A Liga Camponesa de Sap\u00e9, fundada oficialmente como &#8220;Associa\u00e7\u00e3o dos Lavradores e Trabalhadores Agr\u00edcolas de Sap\u00e9&#8221;, foi uma ferramenta pol\u00edtica fundamental para a organiza\u00e7\u00e3o da classe trabalhadora no espa\u00e7o agr\u00e1rio paraibano e, sob influ\u00eancia direta do PCB, chegou a ter, em seu auge, cerca de 13 mil associados, tornando se uma das mais relevantes organiza\u00e7\u00f5es de luta no campo brasileiro entre o final da d\u00e9cada de 1950 e in\u00edcio da d\u00e9cada de 1960.<\/p>\n<p>As Ligas Camponesas foram uma resposta a cont\u00ednua piora das condi\u00e7\u00f5es de vida dos camponeses nos anos de 1940 e 1950, que incluiu: o avan\u00e7o das terras para cultivo da cana-de-a\u00e7\u00facar; a cobran\u00e7a do &#8220;camb\u00e3o&#8221;, perversa rela\u00e7\u00e3o de produ\u00e7\u00e3o que impunha for\u00e7adamente aos camponeses alguns dias de trabalho n\u00e3o-remunerados nas grandes propriedades; e a pr\u00f3pria expuls\u00e3o de trabalhadores e trabalhadoras da terra.<\/p>\n<p>Por seu papel na agita\u00e7\u00e3o e mobiliza\u00e7\u00e3o da classe trabalhadora, passou a ser alvo de constantes amea\u00e7as dos latifundi\u00e1rios da regi\u00e3o. Tais amea\u00e7as se concretizaram em 2 de abril de 1962, quando Jo\u00e3o Pedro foi assassinado em uma emboscada na estrada entre Caf\u00e9 do Vento e Sap\u00e9, fato que gerou grande como\u00e7\u00e3o e revolta entre os trabalhadores e trabalhadoras do campo.<\/p>\n<p>Com o acirramento da luta de classes no campo paraibano, Elizabeth Teixeira e seus companheiros de luta Nego Fuba e Pedro Fazendeiro seguiram com a luta de Jo\u00e3o Pedro na Liga Camponesa de Sap\u00e9, que viu suas fileiras engrossarem consideravelmente naquele per\u00edodo.<\/p>\n<p>Apenas o golpe empresarial-militar de 1964, com sua persegui\u00e7\u00e3o aos movimentos populares, conseguiu brecar o avan\u00e7o da Liga, assassinando Nego Fuba e Pedro Fazendeiro, que est\u00e3o entre os primeiros desaparecidos do regime, enquanto condenava Elizabeth Teixeira a viver por anos na clandestinidade, no interior do Rio Grande do Norte.<\/p>\n<p>61 anos depois de sua morte, ainda \u00e9 necess\u00e1rio reivindicar a verdadeira natureza de sua milit\u00e2ncia pol\u00edtica: a constru\u00e7\u00e3o do socialismo no Brasil. Her\u00f3i do povo brasileiro, Jo\u00e3o Pedro Teixeira foi um aguerrido e incans\u00e1vel militante comunista, fato que n\u00e3o raramente \u00e9 seletivamente ocultado de sua hist\u00f3ria.<\/p>\n<p>AJUDE A MANTER O MEMORIAL DAS LIGAS E LUTAS CAMPONESAS!<\/p>\n<p>Recentemente, o MLLC iniciou a campanha &#8220;Cultive o Memorial das Ligas e Lutas Camponesas&#8221;. Al\u00e9m de ser um instrumento fundamental \u00e0 preserva\u00e7\u00e3o das mem\u00f3rias das lutas camponesas de outrora, o Memorial se constitui como um espa\u00e7o de refer\u00eancia para as lutas atualmente travadas no campo paraibano, promovendo a partir de diversas iniciativas projetos voltados \u00e0 educa\u00e7\u00e3o popular, agroecologia e Direitos Humanos.<\/p>\n<p>Para dar continuidade \u00e0s suas a\u00e7\u00f5es, o MLLC conta com o apoio e a solidariedade de pessoas dispostas a contribuir financeiramente, de maneira mensal ou espor\u00e1dica, a partir dos dados abaixo:<\/p>\n<p>ONG &#8211; Memorial das Ligas Camponesas<\/p>\n<p>Caixa Econ\u00f4mica Federal:<br \/>\nConta: 00001121-2<br \/>\nPJ: 003<br \/>\nAG: 0922<br \/>\nPix: 09.065.416\/0001-62<\/p>\n","protected":false},"excerpt":{"rendered":"<a class=\"moretag\" href=\"https:\/\/pcb.org.br\/portal2\/30283\"> <\/a>","protected":false},"author":1,"featured_media":0,"comment_status":"closed","ping_status":"closed","sticky":false,"template":"","format":"standard","meta":{"jetpack_post_was_ever_published":false,"_jetpack_newsletter_access":"","_jetpack_dont_email_post_to_subs":false,"_jetpack_newsletter_tier_id":0,"_jetpack_memberships_contains_paywalled_content":false,"_jetpack_memberships_contains_paid_content":false,"footnotes":"","jetpack_publicize_message":"","jetpack_publicize_feature_enabled":true,"jetpack_social_post_already_shared":true,"jetpack_social_options":{"image_generator_settings":{"template":"highway","default_image_id":0,"font":"","enabled":false},"version":2}},"categories":[1,46,20],"tags":[223],"class_list":["post-30283","post","type-post","status-publish","format-standard","hentry","category-geral","category-c56-memoria","category-c1-popular","tag-3a"],"jetpack_publicize_connections":[],"jetpack_featured_media_url":"","jetpack_shortlink":"https:\/\/wp.me\/p659gw-7Sr","jetpack-related-posts":[],"jetpack_likes_enabled":true,"jetpack_sharing_enabled":true,"_links":{"self":[{"href":"https:\/\/pcb.org.br\/portal2\/wp-json\/wp\/v2\/posts\/30283","targetHints":{"allow":["GET"]}}],"collection":[{"href":"https:\/\/pcb.org.br\/portal2\/wp-json\/wp\/v2\/posts"}],"about":[{"href":"https:\/\/pcb.org.br\/portal2\/wp-json\/wp\/v2\/types\/post"}],"author":[{"embeddable":true,"href":"https:\/\/pcb.org.br\/portal2\/wp-json\/wp\/v2\/users\/1"}],"replies":[{"embeddable":true,"href":"https:\/\/pcb.org.br\/portal2\/wp-json\/wp\/v2\/comments?post=30283"}],"version-history":[{"count":1,"href":"https:\/\/pcb.org.br\/portal2\/wp-json\/wp\/v2\/posts\/30283\/revisions"}],"predecessor-version":[{"id":30286,"href":"https:\/\/pcb.org.br\/portal2\/wp-json\/wp\/v2\/posts\/30283\/revisions\/30286"}],"wp:attachment":[{"href":"https:\/\/pcb.org.br\/portal2\/wp-json\/wp\/v2\/media?parent=30283"}],"wp:term":[{"taxonomy":"category","embeddable":true,"href":"https:\/\/pcb.org.br\/portal2\/wp-json\/wp\/v2\/categories?post=30283"},{"taxonomy":"post_tag","embeddable":true,"href":"https:\/\/pcb.org.br\/portal2\/wp-json\/wp\/v2\/tags?post=30283"}],"curies":[{"name":"wp","href":"https:\/\/api.w.org\/{rel}","templated":true}]}}