{"id":30289,"date":"2023-04-18T15:09:41","date_gmt":"2023-04-18T18:09:41","guid":{"rendered":"https:\/\/pcb.org.br\/portal2\/?p=30289"},"modified":"2023-04-18T15:09:41","modified_gmt":"2023-04-18T18:09:41","slug":"posicao-do-partido-comunista-sudanes-pcs","status":"publish","type":"post","link":"https:\/\/pcb.org.br\/portal2\/30289","title":{"rendered":"Posi\u00e7\u00e3o do Partido Comunista Sudan\u00eas (PCS)"},"content":{"rendered":"<p><img data-recalc-dims=\"1\" loading=\"lazy\" decoding=\"async\" data-attachment-id=\"30290\" data-permalink=\"https:\/\/pcb.org.br\/portal2\/30289\/image6-4\" data-orig-file=\"https:\/\/i0.wp.com\/pcb.org.br\/portal2\/wp-content\/uploads\/2023\/04\/image6-1.png?fit=820%2C460&amp;ssl=1\" data-orig-size=\"820,460\" data-comments-opened=\"0\" data-image-meta=\"{&quot;aperture&quot;:&quot;0&quot;,&quot;credit&quot;:&quot;&quot;,&quot;camera&quot;:&quot;&quot;,&quot;caption&quot;:&quot;&quot;,&quot;created_timestamp&quot;:&quot;0&quot;,&quot;copyright&quot;:&quot;&quot;,&quot;focal_length&quot;:&quot;0&quot;,&quot;iso&quot;:&quot;0&quot;,&quot;shutter_speed&quot;:&quot;0&quot;,&quot;title&quot;:&quot;&quot;,&quot;orientation&quot;:&quot;0&quot;}\" data-image-title=\"image(6)\" data-image-description=\"\" data-image-caption=\"\" data-large-file=\"https:\/\/i0.wp.com\/pcb.org.br\/portal2\/wp-content\/uploads\/2023\/04\/image6-1.png?fit=747%2C419&amp;ssl=1\" class=\"alignnone size-full wp-image-30290\" src=\"https:\/\/i0.wp.com\/pcb.org.br\/portal2\/wp-content\/uploads\/2023\/04\/image6-1.png?resize=747%2C419&#038;ssl=1\" alt=\"\" width=\"747\" height=\"419\" srcset=\"https:\/\/i0.wp.com\/pcb.org.br\/portal2\/wp-content\/uploads\/2023\/04\/image6-1.png?w=820&amp;ssl=1 820w, https:\/\/i0.wp.com\/pcb.org.br\/portal2\/wp-content\/uploads\/2023\/04\/image6-1.png?resize=300%2C168&amp;ssl=1 300w, https:\/\/i0.wp.com\/pcb.org.br\/portal2\/wp-content\/uploads\/2023\/04\/image6-1.png?resize=768%2C431&amp;ssl=1 768w\" sizes=\"auto, (max-width: 747px) 100vw, 747px\" \/><!--more--><\/p>\n<p><strong>A POSI\u00c7\u00c3O POL\u00cdTICA DO PARTIDO COMUNISTA SUDAN\u00caS DIANTE DO CONFLITO<\/strong><\/p>\n<p>Em abril de 2019, o ent\u00e3o presidente do Sud\u00e3o, Omar al-Bashir, sofreu um golpe ap\u00f3s 30 anos no poder, fruto de outro golpe militar que havia liderado em 1989.<\/p>\n<p>Um forte movimento popular que j\u00e1 estava em luta passou a promover manifesta\u00e7\u00f5es de massa contra a junta militar que assumiu o governo, exigindo a passagem de poder aos civis e elei\u00e7\u00f5es livres.<\/p>\n<p>O Partido Comunista Sudan\u00eas (PCS) \u00e9 um dos principais atores pol\u00edticos da resist\u00eancia.<\/p>\n<p>No \u00faltimo s\u00e1bado (15\/04), iniciou-se o conflito entre as for\u00e7as do atual presidente, o general Abdel Fattah al-Burhan, contra o l\u00edder do RSF (For\u00e7as de Apoio R\u00e1pido) do general Mohamed Hamdan Dagalo, mais conhecido como Hemedti.<\/p>\n<p>Esse conflito coloca em risco a popula\u00e7\u00e3o civil, que clama pela dissolu\u00e7\u00e3o da junta militar respons\u00e1vel por provocar essa situa\u00e7\u00e3o, abrindo um per\u00edodo para um governo civil na perspectiva do poder popular.<\/p>\n<p>Segue a Declara\u00e7\u00e3o Pol\u00edtica do Comit\u00ea Central do Partido Comunista Sudan\u00eas:<\/p>\n<p>O intenso e violento confronto militar armado entre os generais do comit\u00ea de seguran\u00e7a e suas for\u00e7as aliadas colocam nosso povo em risco e o exp\u00f5em \u00e0 gan\u00e2ncia das for\u00e7as contrarrevolucion\u00e1rias e a mais derramamento de sangue.<\/p>\n<p>Este conflito \u00e9 resultado do desvio pol\u00edtico das for\u00e7as militares e civis, que assumiram a lideran\u00e7a e o governo do pa\u00eds desde o in\u00edcio do processo revolucion\u00e1rio em abril de 2019 at\u00e9 agora.<\/p>\n<p>A cont\u00ednua viol\u00eancia e contra-viol\u00eancia vitimizam as massas populares que t\u00eam lutado pela continua\u00e7\u00e3o da revolu\u00e7\u00e3o e pela consecu\u00e7\u00e3o de um regime civil plenamente democr\u00e1tico. O caminho para o retorno \u00e0 vida normal come\u00e7a com o imediato e abrangente cessar fogo, a retirada dos ex\u00e9rcitos e mil\u00edcias das cidades, vilas e seu afastamento das comunidades de cidad\u00e3os nas cidades e \u00e1reas rurais.<\/p>\n<p>O que est\u00e1 acontecendo agora \u00e9 uma continua\u00e7\u00e3o do conflito pelo poder e pelo controle da riqueza do pa\u00eds, encorajado por algumas pot\u00eancias estrangeiras e executado por grupos armados subservientes a essas for\u00e7as externas. O come\u00e7o sangrento e a continuidade deste conflito s\u00e3o denunciados continuamente pelo nosso Partido, pois isso leva \u00e0 confus\u00e3o e intimida\u00e7\u00e3o dos cidad\u00e3os.<\/p>\n<p>Neste contexto, o Partido Comunista v\u00ea a urg\u00eancia em dissolver rapidamente todas as mil\u00edcias, recolher as armas espalhadas pelas cidades e zonas rurais e reconstituir o ex\u00e9rcito profissional nacional unificado.<\/p>\n<p>O Partido Comunista Sudan\u00eas pede a uni\u00e3o de nosso povo, de todas as for\u00e7as nacionais, for\u00e7as de mudan\u00e7a radical e comit\u00eas de resist\u00eancia em torno dos objetivos da revolu\u00e7\u00e3o, restaurando a paz, a seguran\u00e7a e a estabilidade. Essa \u00e9 a demanda do momento e a \u00fanica forma de emergir da crise atual, para recuperar o processo revolucion\u00e1rio e estabelecer a autoridade do povo no poder.<\/p>\n<p>Liberdade, paz, justi\u00e7a e governo civil s\u00e3o decis\u00f5es do povo. Sendo assim, o Partido Comunista Sudan\u00eas dirige a sua mensagem ao nosso povo para proteger bairros e \u00e1reas residenciais.<\/p>\n<p>O Partido Comunista Sudan\u00eas apela tamb\u00e9m aos povos do mundo, \u00e0s for\u00e7as democr\u00e1ticas e aos comunistas, para levantarem as bandeiras de solidariedade para com a luta do povo sudan\u00eas, no combate \u00e0s for\u00e7as hostis \u00e0 gloriosa Revolu\u00e7\u00e3o de Dezembro.<\/p>\n<p>Comit\u00ea Central do Partido Comunista Sudan\u00eas (Comit\u00ea Central do PCS), em sua reuni\u00e3o realizada em 15 de abril de 2023.<\/p>\n<p>Tradu\u00e7\u00e3o: Partido Comunista Brasileiro (PCB)<br \/>\nFonte: <a href=\"http:\/\/solidnet.org\/article\/Sudanese-CP-Statement-of-the-Central-Committee-on-the-latest-developments-in-Sudan-00001\/\">http:\/\/solidnet.org\/article\/Sudanese-CP-Statement-of-the-Central-Committee-on-the-latest-developments-in-Sudan-00001\/<\/a><\/p>\n","protected":false},"excerpt":{"rendered":"<a class=\"moretag\" href=\"https:\/\/pcb.org.br\/portal2\/30289\"> <\/a>","protected":false},"author":8,"featured_media":0,"comment_status":"closed","ping_status":"closed","sticky":false,"template":"","format":"standard","meta":{"jetpack_post_was_ever_published":false,"_jetpack_newsletter_access":"","_jetpack_dont_email_post_to_subs":false,"_jetpack_newsletter_tier_id":0,"_jetpack_memberships_contains_paywalled_content":false,"_jetpack_memberships_contains_paid_content":false,"footnotes":"","jetpack_publicize_message":"","jetpack_publicize_feature_enabled":true,"jetpack_social_post_already_shared":true,"jetpack_social_options":{"image_generator_settings":{"template":"highway","default_image_id":0,"font":"","enabled":false},"version":2}},"categories":[177,242,9,146,71,253],"tags":[228],"class_list":["post-30289","post","type-post","status-publish","format-standard","hentry","category-africa","category-eipco","category-s10-internacional","category-internacionalismo","category-c84-solidariedade","category-sudao","tag-5b"],"jetpack_publicize_connections":[],"jetpack_featured_media_url":"","jetpack_shortlink":"https:\/\/wp.me\/p659gw-7Sx","jetpack-related-posts":[],"jetpack_likes_enabled":true,"jetpack_sharing_enabled":true,"_links":{"self":[{"href":"https:\/\/pcb.org.br\/portal2\/wp-json\/wp\/v2\/posts\/30289","targetHints":{"allow":["GET"]}}],"collection":[{"href":"https:\/\/pcb.org.br\/portal2\/wp-json\/wp\/v2\/posts"}],"about":[{"href":"https:\/\/pcb.org.br\/portal2\/wp-json\/wp\/v2\/types\/post"}],"author":[{"embeddable":true,"href":"https:\/\/pcb.org.br\/portal2\/wp-json\/wp\/v2\/users\/8"}],"replies":[{"embeddable":true,"href":"https:\/\/pcb.org.br\/portal2\/wp-json\/wp\/v2\/comments?post=30289"}],"version-history":[{"count":1,"href":"https:\/\/pcb.org.br\/portal2\/wp-json\/wp\/v2\/posts\/30289\/revisions"}],"predecessor-version":[{"id":30291,"href":"https:\/\/pcb.org.br\/portal2\/wp-json\/wp\/v2\/posts\/30289\/revisions\/30291"}],"wp:attachment":[{"href":"https:\/\/pcb.org.br\/portal2\/wp-json\/wp\/v2\/media?parent=30289"}],"wp:term":[{"taxonomy":"category","embeddable":true,"href":"https:\/\/pcb.org.br\/portal2\/wp-json\/wp\/v2\/categories?post=30289"},{"taxonomy":"post_tag","embeddable":true,"href":"https:\/\/pcb.org.br\/portal2\/wp-json\/wp\/v2\/tags?post=30289"}],"curies":[{"name":"wp","href":"https:\/\/api.w.org\/{rel}","templated":true}]}}