{"id":30311,"date":"2023-04-24T18:45:53","date_gmt":"2023-04-24T21:45:53","guid":{"rendered":"https:\/\/pcb.org.br\/portal2\/?p=30311"},"modified":"2023-04-24T18:45:53","modified_gmt":"2023-04-24T21:45:53","slug":"paraguai-najeeb-amado-e-candidato-ao-senado-pelo-pcp","status":"publish","type":"post","link":"https:\/\/pcb.org.br\/portal2\/30311","title":{"rendered":"Paraguai: Najeeb Amado \u00e9 candidato ao senado pelo PCP"},"content":{"rendered":"<p><img data-recalc-dims=\"1\" loading=\"lazy\" decoding=\"async\" data-attachment-id=\"30312\" data-permalink=\"https:\/\/pcb.org.br\/portal2\/30311\/najeeb2\" data-orig-file=\"https:\/\/i0.wp.com\/pcb.org.br\/portal2\/wp-content\/uploads\/2023\/04\/najeeb2.jpg?fit=1600%2C1066&amp;ssl=1\" data-orig-size=\"1600,1066\" data-comments-opened=\"0\" data-image-meta=\"{&quot;aperture&quot;:&quot;0&quot;,&quot;credit&quot;:&quot;&quot;,&quot;camera&quot;:&quot;&quot;,&quot;caption&quot;:&quot;&quot;,&quot;created_timestamp&quot;:&quot;0&quot;,&quot;copyright&quot;:&quot;&quot;,&quot;focal_length&quot;:&quot;0&quot;,&quot;iso&quot;:&quot;0&quot;,&quot;shutter_speed&quot;:&quot;0&quot;,&quot;title&quot;:&quot;&quot;,&quot;orientation&quot;:&quot;0&quot;}\" data-image-title=\"najeeb2\" data-image-description=\"\" data-image-caption=\"\" data-large-file=\"https:\/\/i0.wp.com\/pcb.org.br\/portal2\/wp-content\/uploads\/2023\/04\/najeeb2.jpg?fit=747%2C498&amp;ssl=1\" class=\"alignnone size-large wp-image-30312\" src=\"https:\/\/i0.wp.com\/pcb.org.br\/portal2\/wp-content\/uploads\/2023\/04\/najeeb2.jpg?resize=747%2C498&#038;ssl=1\" alt=\"\" width=\"747\" height=\"498\" srcset=\"https:\/\/i0.wp.com\/pcb.org.br\/portal2\/wp-content\/uploads\/2023\/04\/najeeb2.jpg?resize=900%2C600&amp;ssl=1 900w, https:\/\/i0.wp.com\/pcb.org.br\/portal2\/wp-content\/uploads\/2023\/04\/najeeb2.jpg?resize=300%2C200&amp;ssl=1 300w, https:\/\/i0.wp.com\/pcb.org.br\/portal2\/wp-content\/uploads\/2023\/04\/najeeb2.jpg?resize=768%2C512&amp;ssl=1 768w, https:\/\/i0.wp.com\/pcb.org.br\/portal2\/wp-content\/uploads\/2023\/04\/najeeb2.jpg?resize=1536%2C1023&amp;ssl=1 1536w, https:\/\/i0.wp.com\/pcb.org.br\/portal2\/wp-content\/uploads\/2023\/04\/najeeb2.jpg?w=1600&amp;ssl=1 1600w\" sizes=\"auto, (max-width: 747px) 100vw, 747px\" \/><!--more--><\/p>\n<p>Candidato ao Senado comunista defende importantes projetos em benef\u00edcio da classe trabalhadora<\/p>\n<p>Trata-se de Najeeb Amado, candidato a senador pela Frente Guasu-\u00d1emongeta. \u00c9 um antigo militante do Partido Comunista Paraguaio, que pretende chegar ao Congresso na base de propostas que buscam representar os trabalhadores e outros campos de impacto social.<\/p>\n<p>Em conversa com a reda\u00e7\u00e3o do HOY de Naci\u00f3n Media, Najeeb Amado comentou que sua candidatura ao Senado foi uma decis\u00e3o coletiva da Dire\u00e7\u00e3o Nacional do Partido Comunista Paraguaio, do qual \u00e9 militante h\u00e1 27 anos. Indicou que a inten\u00e7\u00e3o de oferecer uma experi\u00eancia e estudo coletivos, coragem e uma condi\u00e7\u00e3o real de pessoas incorrupt\u00edveis e honestas, o motivou a se lan\u00e7ar nesta campanha eleitoral, que em sua percep\u00e7\u00e3o est\u00e1 gerando ades\u00e3o e apoio dos trabalhadores e trabalhadoras.<\/p>\n<p>Ele destacou que o slogan, da Lista 40 Op\u00e7\u00e3o 15, \u00e9 &#8220;Por um pa\u00eds para a classe trabalhadora&#8221;. Estamos plenamente convencidos da necessidade de superar esta situa\u00e7\u00e3o t\u00e3o injusta, onde a maioria dos trabalhadores tem pleno protagonismo no processo produtivo e nenhum no \u00e2mbito pol\u00edtico. &#8220;Com nossa presen\u00e7a no Senado, pretendemos alcan\u00e7ar a aposentadoria universal para todos os habitantes do pa\u00eds, al\u00e9m de reajustar o sal\u00e1rio e fazer com que ele passe a se reajustar automaticamente quando a cesta b\u00e1sica sofrer varia\u00e7\u00f5es de pre\u00e7os, exigindo real respeito \u00e0s leis que garantem o pagamento de horas extras, pagamento de trabalho em feriados e hor\u00e1rio noturno, bem como estabilidade no emprego e direiro \u00e0 previd\u00eancia social\u201d, afirmou.<\/p>\n<p>Candidato projeta 100 mil empregos para o Alto Paran\u00e1<\/p>\n<p>Al\u00e9m da aposentadoria universal, do sal\u00e1rio m\u00f3vel e da defesa e recupera\u00e7\u00e3o dos direitos conquistados pelos trabalhadores, o candidato prop\u00f5e que, a partir da altera\u00e7\u00e3o da Lei de Licita\u00e7\u00f5es, o Estado d\u00ea exclusividade aos pequenos produtores nas licita\u00e7\u00f5es de compra de alimentos, bem como crie condi\u00e7\u00f5es para que as microind\u00fastrias sejam fornecedoras de produtos de limpeza para institui\u00e7\u00f5es p\u00fablicas.<\/p>\n<p>Da mesma forma, prop\u00f5e tetos salariais que evitem sal\u00e1rios alt\u00edssimos nas institui\u00e7\u00f5es p\u00fablicas, mecanismos para recuperar terras e bens il\u00edcitos usurpados desde a \u00e9poca da ditadura de Stroessner. \u201cReivindicamos a igualdade de oportunidades e, portanto, um sistema de educa\u00e7\u00e3o, sa\u00fade, transporte e acesso \u00e0 moradia, que garanta condi\u00e7\u00f5es para o desenvolvimento de talentos, com forte investimento em ci\u00eancia, tecnologia e qualifica\u00e7\u00e3o profissional\u201d, enfatizou.<\/p>\n<p>SITUA\u00c7\u00c3O DA CONCERTA\u00c7\u00c3O<\/p>\n<p>Amado argumentou que em seu setor insistem em uma grande frente de trabalhadores e trabalhadoras para recuperar direitos e conquistar outros benef\u00edcios. Acrescentou que consideram importante derrotar a dupla colorada de Santiago Pe\u00f1a e Pedro Alliana, pelo que a vota\u00e7\u00e3o ser\u00e1 dirigida ao candidato da oposi\u00e7\u00e3o que tiver mais chances.<\/p>\n<p>\u201cA nossa posi\u00e7\u00e3o perante o pr\u00f3ximo governo ser\u00e1 de confronto, porque temos a certeza de que vai governar a servi\u00e7o dos patr\u00f5es e em detrimento dos interesses e direitos da maioria trabalhadora. Por isso insistimos em formar uma grande frente para enfrentar o pr\u00f3ximo governo e desenvolver uma postura independente como classe trabalhadora, projetando o Estado paraguaio capaz de garantir efetivamente a igualdade de oportunidades\u201d, destacou.<\/p>\n<p>Tradu\u00e7\u00e3o: Partido Comunista Brasileiro (PCB)<\/p>\n<p>Fonte:<\/p>\n<blockquote class=\"wp-embedded-content\" data-secret=\"l37oxaR8o1\"><p><a href=\"https:\/\/www.hoy.com.py\/politica\/candidato-al-senado-impulsa-importantes-proyectos-para-el-beneficio-de-los-trabajadores\">Candidato al Senado impulsa importantes proyectos para el beneficio de los trabajadores<\/a><\/p><\/blockquote>\n<p><iframe loading=\"lazy\" class=\"wp-embedded-content\" sandbox=\"allow-scripts\" security=\"restricted\" style=\"position: absolute; clip: rect(1px, 1px, 1px, 1px);\" title=\"\u00abCandidato al Senado impulsa importantes proyectos para el beneficio de los trabajadores\u00bb \u2014 Diario HOY\" src=\"https:\/\/www.hoy.com.py\/politica\/candidato-al-senado-impulsa-importantes-proyectos-para-el-beneficio-de-los-trabajadores\/embed#?secret=lTN72xDZhf#?secret=l37oxaR8o1\" data-secret=\"l37oxaR8o1\" width=\"600\" height=\"338\" frameborder=\"0\" marginwidth=\"0\" marginheight=\"0\" scrolling=\"no\"><\/iframe><\/p>\n<p>&nbsp;<\/p>\n","protected":false},"excerpt":{"rendered":"<a class=\"moretag\" href=\"https:\/\/pcb.org.br\/portal2\/30311\"> <\/a>","protected":false},"author":8,"featured_media":0,"comment_status":"closed","ping_status":"closed","sticky":false,"template":"","format":"standard","meta":{"jetpack_post_was_ever_published":false,"_jetpack_newsletter_access":"","_jetpack_dont_email_post_to_subs":false,"_jetpack_newsletter_tier_id":0,"_jetpack_memberships_contains_paywalled_content":false,"_jetpack_memberships_contains_paid_content":false,"footnotes":"","jetpack_publicize_message":"","jetpack_publicize_feature_enabled":true,"jetpack_social_post_already_shared":true,"jetpack_social_options":{"image_generator_settings":{"template":"highway","default_image_id":0,"font":"","enabled":false},"version":2}},"categories":[242,146,35],"tags":[234],"class_list":["post-30311","post","type-post","status-publish","format-standard","hentry","category-eipco","category-internacionalismo","category-c40-paraguai","tag-6b"],"jetpack_publicize_connections":[],"jetpack_featured_media_url":"","jetpack_shortlink":"https:\/\/wp.me\/p659gw-7ST","jetpack-related-posts":[],"jetpack_likes_enabled":true,"jetpack_sharing_enabled":true,"_links":{"self":[{"href":"https:\/\/pcb.org.br\/portal2\/wp-json\/wp\/v2\/posts\/30311","targetHints":{"allow":["GET"]}}],"collection":[{"href":"https:\/\/pcb.org.br\/portal2\/wp-json\/wp\/v2\/posts"}],"about":[{"href":"https:\/\/pcb.org.br\/portal2\/wp-json\/wp\/v2\/types\/post"}],"author":[{"embeddable":true,"href":"https:\/\/pcb.org.br\/portal2\/wp-json\/wp\/v2\/users\/8"}],"replies":[{"embeddable":true,"href":"https:\/\/pcb.org.br\/portal2\/wp-json\/wp\/v2\/comments?post=30311"}],"version-history":[{"count":1,"href":"https:\/\/pcb.org.br\/portal2\/wp-json\/wp\/v2\/posts\/30311\/revisions"}],"predecessor-version":[{"id":30313,"href":"https:\/\/pcb.org.br\/portal2\/wp-json\/wp\/v2\/posts\/30311\/revisions\/30313"}],"wp:attachment":[{"href":"https:\/\/pcb.org.br\/portal2\/wp-json\/wp\/v2\/media?parent=30311"}],"wp:term":[{"taxonomy":"category","embeddable":true,"href":"https:\/\/pcb.org.br\/portal2\/wp-json\/wp\/v2\/categories?post=30311"},{"taxonomy":"post_tag","embeddable":true,"href":"https:\/\/pcb.org.br\/portal2\/wp-json\/wp\/v2\/tags?post=30311"}],"curies":[{"name":"wp","href":"https:\/\/api.w.org\/{rel}","templated":true}]}}