{"id":30336,"date":"2023-05-02T10:42:16","date_gmt":"2023-05-02T13:42:16","guid":{"rendered":"https:\/\/pcb.org.br\/portal2\/?p=30336"},"modified":"2023-05-11T20:37:31","modified_gmt":"2023-05-11T23:37:31","slug":"salario-minimo-quem-tem-fome-tem-pressa","status":"publish","type":"post","link":"https:\/\/pcb.org.br\/portal2\/30336","title":{"rendered":"Sal\u00e1rio m\u00ednimo: quem tem fome tem pressa!"},"content":{"rendered":"<p><img data-recalc-dims=\"1\" loading=\"lazy\" decoding=\"async\" data-attachment-id=\"30337\" data-permalink=\"https:\/\/pcb.org.br\/portal2\/30336\/quem-tem-fome-tem-pressa-1\" data-orig-file=\"https:\/\/i0.wp.com\/pcb.org.br\/portal2\/wp-content\/uploads\/2023\/05\/quem-tem-fome-tem-pressa-1.jpg?fit=1553%2C1333&amp;ssl=1\" data-orig-size=\"1553,1333\" data-comments-opened=\"0\" data-image-meta=\"{&quot;aperture&quot;:&quot;0&quot;,&quot;credit&quot;:&quot;&quot;,&quot;camera&quot;:&quot;&quot;,&quot;caption&quot;:&quot;&quot;,&quot;created_timestamp&quot;:&quot;1683023129&quot;,&quot;copyright&quot;:&quot;&quot;,&quot;focal_length&quot;:&quot;0&quot;,&quot;iso&quot;:&quot;0&quot;,&quot;shutter_speed&quot;:&quot;0&quot;,&quot;title&quot;:&quot;&quot;,&quot;orientation&quot;:&quot;1&quot;}\" data-image-title=\"quem tem fome tem pressa-1\" data-image-description=\"\" data-image-caption=\"\" data-large-file=\"https:\/\/i0.wp.com\/pcb.org.br\/portal2\/wp-content\/uploads\/2023\/05\/quem-tem-fome-tem-pressa-1.jpg?fit=747%2C642&amp;ssl=1\" class=\"alignnone size-large wp-image-30337\" src=\"https:\/\/i0.wp.com\/pcb.org.br\/portal2\/wp-content\/uploads\/2023\/05\/quem-tem-fome-tem-pressa-1.jpg?resize=747%2C642&#038;ssl=1\" alt=\"\" width=\"747\" height=\"642\" srcset=\"https:\/\/i0.wp.com\/pcb.org.br\/portal2\/wp-content\/uploads\/2023\/05\/quem-tem-fome-tem-pressa-1.jpg?resize=900%2C773&amp;ssl=1 900w, https:\/\/i0.wp.com\/pcb.org.br\/portal2\/wp-content\/uploads\/2023\/05\/quem-tem-fome-tem-pressa-1.jpg?resize=300%2C258&amp;ssl=1 300w, https:\/\/i0.wp.com\/pcb.org.br\/portal2\/wp-content\/uploads\/2023\/05\/quem-tem-fome-tem-pressa-1.jpg?resize=768%2C659&amp;ssl=1 768w, https:\/\/i0.wp.com\/pcb.org.br\/portal2\/wp-content\/uploads\/2023\/05\/quem-tem-fome-tem-pressa-1.jpg?resize=1536%2C1318&amp;ssl=1 1536w, https:\/\/i0.wp.com\/pcb.org.br\/portal2\/wp-content\/uploads\/2023\/05\/quem-tem-fome-tem-pressa-1.jpg?w=1553&amp;ssl=1 1553w\" sizes=\"auto, (max-width: 747px) 100vw, 747px\" \/><!--more--><\/p>\n<p>Por Lucas Silva &#8211; Membro do Comit\u00ea Central e do Comit\u00ea Regional do PCB em SP, militante da Unidade Classista.<\/p>\n<p>Artigo publicado na edi\u00e7\u00e3o impressa de O Poder Popular de Mar\u00e7o\/2023<\/p>\n<p>Ap\u00f3s um processo intenso de luta pol\u00edtica entre os trabalhadores organizados e as v\u00e1rias representa\u00e7\u00f5es burguesas, a constitui\u00e7\u00e3o de 1988 foi promulgada ao fim da ditadura de 1964. Arrancamos conquistas parciais importantes, como a cria\u00e7\u00e3o do SUS, uma jornada de trabalho fixa (j\u00e1 defasada), a defini\u00e7\u00e3o e a irredutibilidade (respeitada com ressalvas) do sal\u00e1rio-m\u00ednimo, entre outras conquistas.<\/p>\n<p>Em tese, o sal\u00e1rio m\u00ednimo deveria servir para atender as necessidades vitais b\u00e1sicas, como moradia, alimenta\u00e7\u00e3o, educa\u00e7\u00e3o, sa\u00fade, lazer, vestu\u00e1rio, higiene, transporte e previd\u00eancia social. Por\u00e9m, \u00e9 poss\u00edvel atender todas as necessidades b\u00e1sicas com o valor atual? \u00c9 poss\u00edvel manter uma fam\u00edlia ou uma vida digna recebendo os atuais R$ 1.302 ou os futuros R$ 1.320? Entendemos que n\u00e3o, sobretudo pelos pre\u00e7os altos dos itens da cesta b\u00e1sica. Pegando o valor m\u00e9dio das capitais, com informa\u00e7\u00f5es do Dieese, a cesta b\u00e1sica mais barata \u00e9 de Aracaju, com m\u00e9dia de R$ 555,28, e a mais cara \u00e9 de S\u00e3o Paulo com m\u00e9dia de R$ 790,57 em janeiro\/2023. Com esses valores, 45,8% a 65,2% do sal\u00e1rio m\u00ednimo \u00e9 consumido somente com a cesta b\u00e1sica, fora moradia, transporte, lazer, etc.<\/p>\n<p>\u00c9 verdade que devemos respirar mais aliviados pela derrota que a parte consciente da classe trabalhadora imp\u00f4s ao bolsonarismo e aos grandes empres\u00e1rios que estavam por tr\u00e1s da campanha, das a\u00e7\u00f5es golpistas e da pol\u00edtica genocida. O governo neofascista de Bolsonaro-Guedes provocou perdas de R$ 1 mil no sal\u00e1rio-m\u00ednimo do trabalhador de janeiro de 2020 a dezembro de 2022. Esperar o qu\u00ea de um governo que n\u00e3o queria dar aux\u00edlio emergencial na pandemia, que decretou a morte de milhares de ind\u00edgenas Yanomami e cujo ministro da economia ficou famoso por dar v\u00e1rias declara\u00e7\u00f5es de \u00f3dio de classe aos trabalhadores?<\/p>\n<p>AUMENTO DO SAL\u00c1RIO M\u00cdNIMO J\u00c1!<\/p>\n<p>Passadas as comemora\u00e7\u00f5es e o al\u00edvio, voltamos as aten\u00e7\u00f5es para o governo progressista e de concilia\u00e7\u00e3o de classes do PT. Um governo que, comparado com o fascismo, tem mais sensibilidade com as demandas e necessidades do povo trabalhador, por\u00e9m, com diversas contradi\u00e7\u00f5es, uma vez que incorporou muitos setores liberais na sua composi\u00e7\u00e3o.<\/p>\n<p>Em meados de janeiro, ministros como Haddad e Tebet relativizaram ou tentaram embarreirar o mais do que justo aumento salarial. O movimento sindical, os movimentos populares e os partidos de esquerda prontamente contra-atacaram e denunciaram o absurdo de tais afirma\u00e7\u00f5es. As principais centrais encamparam a defesa de valores entre R$ 1.343 e 1.382. Diante das press\u00f5es, o presidente Lula respondeu e comunicou o aumento do SM para R$ 1.320 a partir de 1\u00ba de Maio. Entretanto, \u00e9 preciso aumentar o sal\u00e1rio acima de R$1.320 desde j\u00e1!<\/p>\n<p>S\u00e3o mais de 100 milh\u00f5es de brasileiros em situa\u00e7\u00e3o de inseguran\u00e7a alimentar, cerca de 33 milh\u00f5es de pessoas passando fome e quem tem fome tem pressa! C\u00e1lculos do Dieese mostram que, se o Programa de Valoriza\u00e7\u00e3o do Sal\u00e1rio M\u00ednimo n\u00e3o tivesse sido interrompido, hoje o valor deveria ser de R$ 1.382,71. O que significa uma valoriza\u00e7\u00e3o de 6,2%. De imediato precisamos fazer campanhas amplas de agita\u00e7\u00e3o para um aumento m\u00ednimo de R$1.382, que apesar de insuficiente, daria um certo al\u00edvio \u00e0s fam\u00edlias trabalhadoras. Junto a essa luta, colocamos no horizonte a conquista do sal\u00e1rio-m\u00ednimo constitucional, calculado pelo Dieese para sustentar uma fam\u00edlia de 4 pessoas, que com valores de janeiro, fica em torno de R$ 6.641,58.<\/p>\n<p>Vamos al\u00e9m, vamos ousar\u2026 conquistando o Sal\u00e1rio M\u00ednimo do Dieese, o que mais \u00e9 poss\u00edvel fazer? Podemos ousar dirigir os rumos da sociedade, podemos ousar acabar com a escravid\u00e3o assalariada, podemos ousar acabar com a explora\u00e7\u00e3o do ser humano, podemos avan\u00e7ar para construir um Brasil e um mundo novo, com o poder popular e o socialismo!<\/p>\n<p>&nbsp;<\/p>\n","protected":false},"excerpt":{"rendered":"<a class=\"moretag\" href=\"https:\/\/pcb.org.br\/portal2\/30336\"> <\/a>","protected":false},"author":8,"featured_media":0,"comment_status":"closed","ping_status":"closed","sticky":false,"template":"","format":"standard","meta":{"jetpack_post_was_ever_published":false,"_jetpack_newsletter_access":"","_jetpack_dont_email_post_to_subs":false,"_jetpack_newsletter_tier_id":0,"_jetpack_memberships_contains_paywalled_content":false,"_jetpack_memberships_contains_paid_content":false,"footnotes":"","jetpack_publicize_message":"","jetpack_publicize_feature_enabled":true,"jetpack_social_post_already_shared":true,"jetpack_social_options":{"image_generator_settings":{"template":"highway","default_image_id":0,"font":"","enabled":false},"version":2}},"categories":[214,66,10,15,31],"tags":[227],"class_list":["post-30336","post","type-post","status-publish","format-standard","hentry","category-1-de-maio","category-c79-nacional","category-s19-opiniao","category-s18-sindical","category-c31-unidade-classista","tag-5a"],"jetpack_publicize_connections":[],"jetpack_featured_media_url":"","jetpack_shortlink":"https:\/\/wp.me\/p659gw-7Ti","jetpack-related-posts":[],"jetpack_likes_enabled":true,"jetpack_sharing_enabled":true,"_links":{"self":[{"href":"https:\/\/pcb.org.br\/portal2\/wp-json\/wp\/v2\/posts\/30336","targetHints":{"allow":["GET"]}}],"collection":[{"href":"https:\/\/pcb.org.br\/portal2\/wp-json\/wp\/v2\/posts"}],"about":[{"href":"https:\/\/pcb.org.br\/portal2\/wp-json\/wp\/v2\/types\/post"}],"author":[{"embeddable":true,"href":"https:\/\/pcb.org.br\/portal2\/wp-json\/wp\/v2\/users\/8"}],"replies":[{"embeddable":true,"href":"https:\/\/pcb.org.br\/portal2\/wp-json\/wp\/v2\/comments?post=30336"}],"version-history":[{"count":2,"href":"https:\/\/pcb.org.br\/portal2\/wp-json\/wp\/v2\/posts\/30336\/revisions"}],"predecessor-version":[{"id":30339,"href":"https:\/\/pcb.org.br\/portal2\/wp-json\/wp\/v2\/posts\/30336\/revisions\/30339"}],"wp:attachment":[{"href":"https:\/\/pcb.org.br\/portal2\/wp-json\/wp\/v2\/media?parent=30336"}],"wp:term":[{"taxonomy":"category","embeddable":true,"href":"https:\/\/pcb.org.br\/portal2\/wp-json\/wp\/v2\/categories?post=30336"},{"taxonomy":"post_tag","embeddable":true,"href":"https:\/\/pcb.org.br\/portal2\/wp-json\/wp\/v2\/tags?post=30336"}],"curies":[{"name":"wp","href":"https:\/\/api.w.org\/{rel}","templated":true}]}}