{"id":3037,"date":"2012-06-20T05:24:35","date_gmt":"2012-06-20T05:24:35","guid":{"rendered":"http:\/\/pcb.org.br\/portal2\/?p=3037"},"modified":"2012-06-20T05:24:35","modified_gmt":"2012-06-20T05:24:35","slug":"maluf-e-pt-tudo-a-ver","status":"publish","type":"post","link":"https:\/\/pcb.org.br\/portal2\/3037","title":{"rendered":"Maluf e PT, tudo a ver"},"content":{"rendered":"<br \/>\n<hr \/>\n<p>As repercuss\u00f5es do apoio de Paulo Maluf ao candidato do PT a prefeitura de S\u00e3o Paulo foram enormes. Do tamanho da falta de mem\u00f3ria que dizem caracterizar o povo brasileiro. Como o Olhar Comunista n\u00e3o sofre desse mal, \u00e9 preciso lembrar que o &#8220;filhote da ditadura&#8221;, nas palavras do falecido Brizola, j\u00e1 havia apoiado Marta Suplicy no 2\u00ba turno das elei\u00e7\u00f5es paulistanas em 2004. Que ele e seu partido, o PP, fazem parte da base de sustenta\u00e7\u00e3o dos governos petistas h\u00e1 quase uma d\u00e9cada. Que a pol\u00edtica por eles implementada faz qualquer empreiteiro sorir. Enfim, Maluf e PT, tudo a ver&#8230;<\/p>\n<p>A foto de Lula apertando as m\u00e3os do ex-governador e prefeito, como padrinho deste &#8220;casamento&#8221;, s\u00f3 causou rebuli\u00e7o na m\u00eddia (aliada de primeira hora de Serra, vai explorar todas as contradi\u00e7\u00f5es da trajet\u00f3ria petista), entre as vi\u00favas de um PT que n\u00e3o existe mais &#8211; h\u00e1 muito tempo, ali\u00e1s &#8211; e entre oportunistas deslavados como a pr\u00f3pria Marta Suplicy, que recebeu o mesmo apoio em 2004 e agora, escanteada das hostes do gr\u00e3o-petismo, vai \u00e0 imprensa criticar o &#8220;feito&#8221;. Uma \u00fanica nota de dignidade em toda essa hist\u00f3ria ocorre com a postura de Luiza Erundina, que retirou seu nome da chapa encabe\u00e7ada por Fernando Haddad.<\/p>\n","protected":false},"excerpt":{"rendered":"\n\n\n\n\n\n\n\n\n\n\n\nO Olhar Comunista desta ter\u00e7a comenta as repercuss\u00f5es da alian\u00e7a fechada entre o PT e Paulo Maluf para a disputa da prefeitura de S\u00e3o Paulo.\n<a class=\"moretag\" href=\"https:\/\/pcb.org.br\/portal2\/3037\"> <\/a>","protected":false},"author":1,"featured_media":0,"comment_status":"open","ping_status":"open","sticky":false,"template":"","format":"standard","meta":{"jetpack_post_was_ever_published":false,"_jetpack_newsletter_access":"","_jetpack_dont_email_post_to_subs":false,"_jetpack_newsletter_tier_id":0,"_jetpack_memberships_contains_paywalled_content":false,"_jetpack_memberships_contains_paid_content":false,"footnotes":"","jetpack_publicize_message":"","jetpack_publicize_feature_enabled":true,"jetpack_social_post_already_shared":false,"jetpack_social_options":{"image_generator_settings":{"template":"highway","default_image_id":0,"font":"","enabled":false},"version":2}},"categories":[100],"tags":[],"class_list":["post-3037","post","type-post","status-publish","format-standard","hentry","category-c113-a-semana-no-olhar-comunista"],"jetpack_publicize_connections":[],"jetpack_featured_media_url":"","jetpack_shortlink":"https:\/\/wp.me\/p659gw-MZ","jetpack-related-posts":[],"jetpack_likes_enabled":true,"jetpack_sharing_enabled":true,"_links":{"self":[{"href":"https:\/\/pcb.org.br\/portal2\/wp-json\/wp\/v2\/posts\/3037","targetHints":{"allow":["GET"]}}],"collection":[{"href":"https:\/\/pcb.org.br\/portal2\/wp-json\/wp\/v2\/posts"}],"about":[{"href":"https:\/\/pcb.org.br\/portal2\/wp-json\/wp\/v2\/types\/post"}],"author":[{"embeddable":true,"href":"https:\/\/pcb.org.br\/portal2\/wp-json\/wp\/v2\/users\/1"}],"replies":[{"embeddable":true,"href":"https:\/\/pcb.org.br\/portal2\/wp-json\/wp\/v2\/comments?post=3037"}],"version-history":[{"count":0,"href":"https:\/\/pcb.org.br\/portal2\/wp-json\/wp\/v2\/posts\/3037\/revisions"}],"wp:attachment":[{"href":"https:\/\/pcb.org.br\/portal2\/wp-json\/wp\/v2\/media?parent=3037"}],"wp:term":[{"taxonomy":"category","embeddable":true,"href":"https:\/\/pcb.org.br\/portal2\/wp-json\/wp\/v2\/categories?post=3037"},{"taxonomy":"post_tag","embeddable":true,"href":"https:\/\/pcb.org.br\/portal2\/wp-json\/wp\/v2\/tags?post=3037"}],"curies":[{"name":"wp","href":"https:\/\/api.w.org\/{rel}","templated":true}]}}