{"id":30371,"date":"2023-05-09T12:32:34","date_gmt":"2023-05-09T15:32:34","guid":{"rendered":"https:\/\/pcb.org.br\/portal2\/?p=30371"},"modified":"2023-05-09T12:32:34","modified_gmt":"2023-05-09T15:32:34","slug":"solidariedade-ao-mst-lutar-nao-e-crime","status":"publish","type":"post","link":"https:\/\/pcb.org.br\/portal2\/30371","title":{"rendered":"Solidariedade ao MST! Lutar n\u00e3o \u00e9 crime!"},"content":{"rendered":"<p><img data-recalc-dims=\"1\" loading=\"lazy\" decoding=\"async\" data-attachment-id=\"30372\" data-permalink=\"https:\/\/pcb.org.br\/portal2\/30371\/mst-faz-manifestacao-por-reforma-agraria\" data-orig-file=\"https:\/\/i0.wp.com\/pcb.org.br\/portal2\/wp-content\/uploads\/2023\/05\/903789-mst-4852-scaled.jpg?fit=2560%2C1737&amp;ssl=1\" data-orig-size=\"2560,1737\" data-comments-opened=\"0\" data-image-meta=\"{&quot;aperture&quot;:&quot;2.8&quot;,&quot;credit&quot;:&quot;Fabio Rodrigues Pozzebom\/Ag\\u00eanci&quot;,&quot;camera&quot;:&quot;NIKON D4&quot;,&quot;caption&quot;:&quot;Bras\\u00edlia - Trabalhadores sem terra, que participam do 6\\u00ba Congresso Nacional do MST, fazem manifesta\\u00e7\\u00e3o em favor da reforma agr\\u00e1ria, na Esplanada dos Minist\\u00e9rios (Fabio Rodrigues Pozzebom\/Ag\\u00eancia Brasil)&quot;,&quot;created_timestamp&quot;:&quot;1392221460&quot;,&quot;copyright&quot;:&quot;Agencia Brasil&quot;,&quot;focal_length&quot;:&quot;135&quot;,&quot;iso&quot;:&quot;500&quot;,&quot;shutter_speed&quot;:&quot;0.0003125&quot;,&quot;title&quot;:&quot;MST faz manifesta\\u00e7\\u00e3o por reforma agr\\u00e1ria&quot;,&quot;orientation&quot;:&quot;1&quot;}\" data-image-title=\"MST faz manifesta\u00e7\u00e3o por reforma agr\u00e1ria\" data-image-description=\"\" data-image-caption=\"&lt;p&gt;Bras\u00edlia &amp;#8211; Trabalhadores sem terra, que participam do 6\u00ba Congresso Nacional do MST, fazem manifesta\u00e7\u00e3o em favor da reforma agr\u00e1ria, na Esplanada dos Minist\u00e9rios (Fabio Rodrigues Pozzebom\/Ag\u00eancia Brasil)&lt;\/p&gt;\n\" data-large-file=\"https:\/\/i0.wp.com\/pcb.org.br\/portal2\/wp-content\/uploads\/2023\/05\/903789-mst-4852-scaled.jpg?fit=747%2C507&amp;ssl=1\" class=\"size-large wp-image-30372\" src=\"https:\/\/i0.wp.com\/pcb.org.br\/portal2\/wp-content\/uploads\/2023\/05\/903789-mst-4852.jpg?resize=747%2C507&#038;ssl=1\" alt=\"\" width=\"747\" height=\"507\" srcset=\"https:\/\/i0.wp.com\/pcb.org.br\/portal2\/wp-content\/uploads\/2023\/05\/903789-mst-4852-scaled.jpg?resize=900%2C611&amp;ssl=1 900w, https:\/\/i0.wp.com\/pcb.org.br\/portal2\/wp-content\/uploads\/2023\/05\/903789-mst-4852-scaled.jpg?resize=300%2C204&amp;ssl=1 300w, https:\/\/i0.wp.com\/pcb.org.br\/portal2\/wp-content\/uploads\/2023\/05\/903789-mst-4852-scaled.jpg?resize=768%2C521&amp;ssl=1 768w, https:\/\/i0.wp.com\/pcb.org.br\/portal2\/wp-content\/uploads\/2023\/05\/903789-mst-4852-scaled.jpg?resize=1536%2C1042&amp;ssl=1 1536w, https:\/\/i0.wp.com\/pcb.org.br\/portal2\/wp-content\/uploads\/2023\/05\/903789-mst-4852-scaled.jpg?resize=2048%2C1390&amp;ssl=1 2048w, https:\/\/i0.wp.com\/pcb.org.br\/portal2\/wp-content\/uploads\/2023\/05\/903789-mst-4852-scaled.jpg?w=2241&amp;ssl=1 2241w\" sizes=\"auto, (max-width: 747px) 100vw, 747px\" \/><\/p>\n<p><!--more--><\/p>\n<p>Bras\u00edlia &#8211; Trabalhadores sem terra, que participam do 6\u00ba Congresso Nacional do MST, fazem manifesta\u00e7\u00e3o em favor da reforma agr\u00e1ria, na Esplanada dos Minist\u00e9rios (Fabio Rodrigues Pozzebom\/Ag\u00eancia Brasil)<\/p>\n<p><strong>Nota Pol\u00edtica do Partido Comunista Brasileiro &#8211; PCB<\/strong><\/p>\n<p>O Partido Comunista Brasileiro (PCB) manifesta seu rep\u00fadio \u00e0 forma\u00e7\u00e3o de uma Comiss\u00e3o Parlamentar de Inqu\u00e9rito (CPI) no congresso nacional brasileiro, com o prop\u00f3sito de criminalizar o Movimento dos(as) Trabalhadores(as) Sem Terra (MST) e outras organiza\u00e7\u00f5es pol\u00edticas e sociais inseridas na luta pela terra em nosso pa\u00eds.<\/p>\n<p>A ultradireita brasileira mant\u00e9m forte presen\u00e7a no parlamento brasileiro. Vinculada historicamente aos interesses dos latifundi\u00e1rios, tenta criminalizar os movimentos populares do campo com o objetivo expl\u00edcito de inviabilizar a luta pela reforma agr\u00e1ria popular. Esta CPI contra o MST tenta esconder os crimes do agroneg\u00f3cio, tais como o uso indiscriminado dos agrot\u00f3xicos, os crimes ambientais e as crescentes den\u00fancias de trabalho escravo.<\/p>\n<p>O PCB, fundado em 25 de mar\u00e7o de 1922, sempre esteve presente na luta pela terra e estar\u00e1 ao lado das organiza\u00e7\u00f5es que defendem os interesses do povo trabalhador do campo. Fomos a primeira organiza\u00e7\u00e3o a pautar a luta pela reforma agr\u00e1ria, apoiamos a resist\u00eancia popular no campo, constru\u00edmos as Ligas Camponesas e lideramos o processo de organiza\u00e7\u00e3o do movimento sindical dos(as) trabalhadores(as) rurais que originou na forma\u00e7\u00e3o da Confedera\u00e7\u00e3o Nacional dos Trabalhadores Agr\u00edcolas (CONTAG).<\/p>\n<p>Conclamamos as for\u00e7as populares, entidades sindicais, estudantis e os movimentos populares a repudiar mais esta tentativa de criminaliza\u00e7\u00e3o dos movimentos sociais e a manifestar apoio e solidariedade ao MST e demais organiza\u00e7\u00f5es de luta no campo. O acirramento da luta de classes tende a aumentar os conflitos no campo originados pelo desenvolvimento capitalista e a concentra\u00e7\u00e3o fundi\u00e1ria. Somente a luta pol\u00edtica organizada, com independ\u00eancia e combatividade, \u00e9 capaz de fortalecer a resist\u00eancia popular e garantir novas conquistas para a classe trabalhadora do campo e da cidade.<\/p>\n<p>CONTRA A CRIMINALIZA\u00c7\u00c3O DOS MOVIMENTOS POPULARES!<\/p>\n<p>TODO APOIO AO MST E DEMAIS ORGANIZA\u00c7\u00d5ES DE LUTA NO CAMPO!<\/p>\n<p>POR UMA REFORMA AGR\u00c1RIA RADICAL!<\/p>\n<p>Comiss\u00e3o Pol\u00edtica Nacional do PCB<\/p>\n","protected":false},"excerpt":{"rendered":"<a class=\"moretag\" href=\"https:\/\/pcb.org.br\/portal2\/30371\"> <\/a>","protected":false},"author":8,"featured_media":0,"comment_status":"closed","ping_status":"closed","sticky":false,"template":"","format":"standard","meta":{"jetpack_post_was_ever_published":false,"_jetpack_newsletter_access":"","_jetpack_dont_email_post_to_subs":false,"_jetpack_newsletter_tier_id":0,"_jetpack_memberships_contains_paywalled_content":false,"_jetpack_memberships_contains_paid_content":false,"footnotes":"","jetpack_publicize_message":"","jetpack_publicize_feature_enabled":true,"jetpack_social_post_already_shared":true,"jetpack_social_options":{"image_generator_settings":{"template":"highway","default_image_id":0,"font":"","enabled":false},"version":2}},"categories":[26,20,118],"tags":[219,246],"class_list":["post-30371","post","type-post","status-publish","format-standard","hentry","category-c25-notas-politicas-do-pcb","category-c1-popular","category-c131-reforma-agraria","tag-manchete","tag-np"],"jetpack_publicize_connections":[],"jetpack_featured_media_url":"","jetpack_shortlink":"https:\/\/wp.me\/p659gw-7TR","jetpack-related-posts":[],"jetpack_likes_enabled":true,"jetpack_sharing_enabled":true,"_links":{"self":[{"href":"https:\/\/pcb.org.br\/portal2\/wp-json\/wp\/v2\/posts\/30371","targetHints":{"allow":["GET"]}}],"collection":[{"href":"https:\/\/pcb.org.br\/portal2\/wp-json\/wp\/v2\/posts"}],"about":[{"href":"https:\/\/pcb.org.br\/portal2\/wp-json\/wp\/v2\/types\/post"}],"author":[{"embeddable":true,"href":"https:\/\/pcb.org.br\/portal2\/wp-json\/wp\/v2\/users\/8"}],"replies":[{"embeddable":true,"href":"https:\/\/pcb.org.br\/portal2\/wp-json\/wp\/v2\/comments?post=30371"}],"version-history":[{"count":1,"href":"https:\/\/pcb.org.br\/portal2\/wp-json\/wp\/v2\/posts\/30371\/revisions"}],"predecessor-version":[{"id":30373,"href":"https:\/\/pcb.org.br\/portal2\/wp-json\/wp\/v2\/posts\/30371\/revisions\/30373"}],"wp:attachment":[{"href":"https:\/\/pcb.org.br\/portal2\/wp-json\/wp\/v2\/media?parent=30371"}],"wp:term":[{"taxonomy":"category","embeddable":true,"href":"https:\/\/pcb.org.br\/portal2\/wp-json\/wp\/v2\/categories?post=30371"},{"taxonomy":"post_tag","embeddable":true,"href":"https:\/\/pcb.org.br\/portal2\/wp-json\/wp\/v2\/tags?post=30371"}],"curies":[{"name":"wp","href":"https:\/\/api.w.org\/{rel}","templated":true}]}}