{"id":30525,"date":"2023-06-11T20:44:40","date_gmt":"2023-06-11T23:44:40","guid":{"rendered":"https:\/\/pcb.org.br\/portal2\/?p=30525"},"modified":"2023-06-11T20:44:40","modified_gmt":"2023-06-11T23:44:40","slug":"60-anos-do-assassinato-de-wilfrido-jara","status":"publish","type":"post","link":"https:\/\/pcb.org.br\/portal2\/30525","title":{"rendered":"60 anos do assassinato de Wilfrido Jara"},"content":{"rendered":"<p><img data-recalc-dims=\"1\" loading=\"lazy\" decoding=\"async\" data-attachment-id=\"30526\" data-permalink=\"https:\/\/pcb.org.br\/portal2\/30525\/wilfrido-alvarez-1-1\" data-orig-file=\"https:\/\/i0.wp.com\/pcb.org.br\/portal2\/wp-content\/uploads\/2023\/06\/wilfrido-alvarez-1-1.jpg?fit=224%2C300&amp;ssl=1\" data-orig-size=\"224,300\" data-comments-opened=\"0\" data-image-meta=\"{&quot;aperture&quot;:&quot;0&quot;,&quot;credit&quot;:&quot;&quot;,&quot;camera&quot;:&quot;&quot;,&quot;caption&quot;:&quot;&quot;,&quot;created_timestamp&quot;:&quot;1675764259&quot;,&quot;copyright&quot;:&quot;&quot;,&quot;focal_length&quot;:&quot;0&quot;,&quot;iso&quot;:&quot;0&quot;,&quot;shutter_speed&quot;:&quot;0&quot;,&quot;title&quot;:&quot;&quot;,&quot;orientation&quot;:&quot;1&quot;}\" data-image-title=\"wilfrido-alvarez-1-1\" data-image-description=\"\" data-image-caption=\"\" data-large-file=\"https:\/\/i0.wp.com\/pcb.org.br\/portal2\/wp-content\/uploads\/2023\/06\/wilfrido-alvarez-1-1.jpg?fit=224%2C300&amp;ssl=1\" class=\"alignnone size-full wp-image-30526\" src=\"https:\/\/i0.wp.com\/pcb.org.br\/portal2\/wp-content\/uploads\/2023\/06\/wilfrido-alvarez-1-1.jpg?resize=224%2C300&#038;ssl=1\" alt=\"\" width=\"224\" height=\"300\" \/><!--more--><\/p>\n<p>Mem\u00f3ria do Futuro<\/p>\n<p>Jornal Adelante! &#8211; Partido Comunista Paraguaio<\/p>\n<p>Passaram-se 60 anos do assassinato de Wilfrido \u00c1lvarez Jara, Secret\u00e1rio Geral do Partido Comunista Paraguaio e respons\u00e1vel pela estrutura\u00e7\u00e3o da FULNA.<\/p>\n<p>Seu nome consta da lista oficial de detidos-desaparecidos pela ditadura de Stroessner, registrada no Minist\u00e9rio da Justi\u00e7a. Relatos de seus companheiros afirmam que seu corpo foi entregue \u00e0 fam\u00edlia ap\u00f3s ter sido assassinado sob tortura.<\/p>\n<p>&#8220;Volta com o sorriso do caminho inocente com que incendiou o dia&#8230; volta com aqueles camaradas que s\u00e3o sal da terra e com ele voltam \u00e0 regi\u00e3o e na hora de redimir o sangue do crime e do ultraje&#8221;.<\/p>\n<p>Wilfrido foi jogador de futebol de um time de primeira, professor, dirigente canavieiro e militante comunista. Ele trabalhava para a Diretoria da Frente Unida de Liberta\u00e7\u00e3o Nacional (FULNA) quando foi assassinado por agentes stroessnistas em 8 de junho de 1963. Seu ref\u00fagio foi invadido por um esquadr\u00e3o da morte comandado pelo sanguin\u00e1rio comiss\u00e1rio Mustaf\u00e1 Abdala, que foi morto por um tiro disparado por Wilfrido, quando este se defendia do ataque enquanto permitia a fuga de outros militantes comunistas que estavam com ele.<\/p>\n<p>Segundo depoimentos de seus companheiros, quando estava morrendo, \u00c1lvarez foi torturado e seu corpo foi entregue \u00e0 fam\u00edlia. Esses dados n\u00e3o puderam ser corroborados pela Diretoria de Mem\u00f3ria e Repara\u00e7\u00e3o, \u00f3rg\u00e3o p\u00fablico encarregado da busca das mais de 440 pessoas registradas como detidas\/desaparecidas no \u00e2mbito do terrorismo de Estado perpetrado entre 1954 e 1989 e do genocida Plano Condor.<\/p>\n<p>\u00abUm homem inteiro, ele tinha a poeira da cidade no rosto. Ele levantou-se para os que se deitaram \/ vestiu o sol todas as manh\u00e3s \/ noite ap\u00f3s noite iluminou o dia \/ dia a dia tocou a aurora \/ sofreu pris\u00e3o por ser livre \/ levou luz de casa em casa, \/ pediu pelos que n\u00e3o pedem \/ pelos outros feriram seu cora\u00e7\u00e3o&#8221;, assim o descreve seu camarada Elvio Romero no poema &#8220;Com aquele mesmo cora\u00e7\u00e3o que cantava&#8221;.<\/p>\n<p>\u00abVolta assim esta tarde, volta com o sorriso do caminho inocente com que incendiou o dia \/ com aquela fortaleza florestal dos seus sonhos \/ com aqueles camaradas que s\u00e3o sal da terra \/ e voltam, com a ele voltam \u00e0 regi\u00e3o e ao tempo \/ para redimir o sangue do crime e da indigna\u00e7\u00e3o (&#8230;) \/ Voltam com aquele mesmo cora\u00e7\u00e3o que cantou\u00bb.<\/p>\n<p>Nesta data, compartilhamos o resgate feito por outra grande refer\u00eancia da luta revolucion\u00e1ria, Luis Casabianca, em suas Cr\u00f4nicas do Povo Insurgente:<\/p>\n<p>CASAL<\/p>\n<p>Na tarefa de estruturar o comando central da FULNA fomos liderados pelo camarada Wilfrido \u00c1lvarez Jara, cujo pseud\u00f4nimo era \u201cCasal\u201d, secret\u00e1rio-geral do nosso Partido. Os camaradas \u00c1lex Rafael Barrett, o tenente da Marinha Federico Tatter, o estudante de medicina Joel Fil\u00e1rtiga, Carmen Soler e eu formamos o n\u00facleo.<\/p>\n<p>Recordo que nos encontr\u00e1vamos na casa de uma freira, cheia de santos e quadros. Carmen a conquistara por aquele arriscado trabalho solid\u00e1rio. Entrar\u00edamos antes do amanhecer e sair\u00edamos depois de escurecer.<\/p>\n<p>O camarada Wilfrido \u00c1lvarez era muito popular. Ele era jogador de futebol em um clube da primeira divis\u00e3o.<\/p>\n<p>Anos depois de ter dirigido pessoalmente nosso trabalho clandestino de prepara\u00e7\u00e3o e dire\u00e7\u00e3o da luta armada em 1959 e 1960, em um momento infeliz em 1963, quando continuou sem pausa e sem descanso nessa tarefa, seu ref\u00fagio foi invadido por um esquadr\u00e3o da morte comandado pelo comiss\u00e1rio Mustaf\u00e1 Abdala, ent\u00e3o executado com uma bala certeira pelo camarada Wilfrido, que se defendeu do ataque com tiros e assim permitiu a fuga de v\u00e1rios camaradas que estavam com ele reunidos. Mais tarde, o camarada \u00c1lvarez, morrendo, foi torturado at\u00e9 a morte.<\/p>\n<p>Na clandestinidade, pontualidade era vida e liberdade, pois n\u00e3o pod\u00edamos nos esbarrar nas entradas e sa\u00eddas. Em pontos ou encontros nas ruas, pra\u00e7as ou igrejas, o hor\u00e1rio exato evitava esperas que pudessem levantar suspeitas nos \u201colhos e ouvidos\u201d do tirano.<\/p>\n<p>Nossa queda (Carmen e eu) nas garras da pol\u00edcia, em 1960, deveu-se ao fato de que, ao corrermos de um abrigo para outro, n\u00e3o rasgamos e queimamos todos os pap\u00e9is que revelavam nossa milit\u00e2ncia comunista. Os sabujos encontraram restos de \u201cAvante!\u201d, porta-voz do nosso Partido, que serviram de in\u00edcio \u00e0 investiga\u00e7\u00e3o, monitoriza\u00e7\u00e3o e captura de n\u00f3s dois.<\/p>\n<p>A m\u00e1quina de escrever era outra ferramenta cujo uso dev\u00edamos administrar com cuidado, pois o menor descuido nos exporia. N\u00e3o pod\u00edamos us\u00e1-lo no sil\u00eancio da noite ou no in\u00edcio da manh\u00e3.<\/p>\n<p>T\u00ednhamos que ouvir a R\u00e1dio Havana e a R\u00e1dio Moscou em sil\u00eancio.<\/p>\n<p>Aqueles de n\u00f3s que eram conhecidos n\u00e3o podiam viajar de \u00f4nibus ou bonde. A p\u00e9 tinha que ser nosso deslocamento, no escuro da noite ou de madrugada.<\/p>\n<p>Lu\u00eds Casabianca. Clandestino e debaixo d&#8217;\u00e1gua. Cr\u00f4nicas do povo insurgente (2012). p\u00e1gina 42<\/p>\n<p>*Imagem de capa: Wilfrido \u00c1lvarez. Entrada no Brasil por ocasi\u00e3o de viagem para participar de curso de forma\u00e7\u00e3o pol\u00edtica organizado pelo Partido Comunista Brasileiro em 1955, Carteira de Imigra\u00e7\u00e3o dos Consulados Brasileiros, 1900-1965, Arquivo Nacional do Rio de Janeiro.<\/p>\n<div dir=\"auto\">Dispon\u00edvel em:<\/div>\n<div dir=\"auto\"><\/div>\n<div dir=\"auto\"><a href=\"https:\/\/www.familysearch.org\/\" target=\"_blank\" rel=\"noopener noreferrer\" data-saferedirecturl=\"https:\/\/www.google.com\/url?q=https:\/\/www.familysearch.org&amp;source=gmail&amp;ust=1686613082400000&amp;usg=AOvVaw1UdcIpYmvVTYz833NqNPGe\">https:\/\/www.familysearch.org<\/a>, extra\u00edda del Diccionario biogr\u00e1fico de las izquierdas latinoamericanas. Disponible en\u00a0<a href=\"http:\/\/diccionario.cedinci.org\/\" target=\"_blank\" rel=\"noopener noreferrer\" data-saferedirecturl=\"https:\/\/www.google.com\/url?q=http:\/\/diccionario.cedinci.org&amp;source=gmail&amp;ust=1686613082400000&amp;usg=AOvVaw1c-RizoPNiEW81Qoey_v-G\">http:\/\/diccionario.cedinci.org<\/a><\/div>\n<div dir=\"auto\"><\/div>\n<p><a href=\"https:\/\/adelantenoticias.com\/2023\/06\/09\/60-anos-del-asesinato-de-wilfrido-alvarez-jara\/\" target=\"_blank\" rel=\"noopener noreferrer\" data-saferedirecturl=\"https:\/\/www.google.com\/url?q=https:\/\/adelantenoticias.com\/2023\/06\/09\/60-anos-del-asesinato-de-wilfrido-alvarez-jara\/&amp;source=gmail&amp;ust=1686613082400000&amp;usg=AOvVaw3hbbzLV7zzzQ81dUQZFu5h\">https:\/\/adelantenoticias.com\/<wbr \/>2023\/06\/09\/60-anos-del-<wbr \/>asesinato-de-wilfrido-alvarez-<wbr \/>jara\/<\/a><\/p>\n<div dir=\"auto\"><\/div>\n<div dir=\"auto\">Tradu\u00e7\u00e3o: Partido Comunista Brasileiro (PCB)<\/div>\n<div dir=\"auto\"><\/div>\n<div dir=\"auto\">Fonte:\u00a0<a href=\"https:\/\/adelantenoticias.com\/2023\/06\/09\/60-anos-del-asesinato-de-wilfrido-alvarez-jara\/\" target=\"_blank\" rel=\"noopener\" data-saferedirecturl=\"https:\/\/www.google.com\/url?q=https:\/\/adelantenoticias.com\/2023\/06\/09\/60-anos-del-asesinato-de-wilfrido-alvarez-jara\/&amp;source=gmail&amp;ust=1686613082400000&amp;usg=AOvVaw3hbbzLV7zzzQ81dUQZFu5h\">https:\/\/adelantenoticias.com\/<wbr \/>2023\/06\/09\/60-anos-del-<wbr \/>asesinato-de-wilfrido-alvarez-<wbr \/>jara\/<\/a><\/div>\n","protected":false},"excerpt":{"rendered":"<a class=\"moretag\" href=\"https:\/\/pcb.org.br\/portal2\/30525\"> <\/a>","protected":false},"author":8,"featured_media":0,"comment_status":"closed","ping_status":"closed","sticky":false,"template":"","format":"standard","meta":{"jetpack_post_was_ever_published":false,"_jetpack_newsletter_access":"","_jetpack_dont_email_post_to_subs":false,"_jetpack_newsletter_tier_id":0,"_jetpack_memberships_contains_paywalled_content":false,"_jetpack_memberships_contains_paid_content":false,"footnotes":"","jetpack_publicize_message":"","jetpack_publicize_feature_enabled":true,"jetpack_social_post_already_shared":true,"jetpack_social_options":{"image_generator_settings":{"template":"highway","default_image_id":0,"font":"","enabled":false},"version":2}},"categories":[242,146,35,36],"tags":[234],"class_list":["post-30525","post","type-post","status-publish","format-standard","hentry","category-eipco","category-internacionalismo","category-c40-paraguai","category-c41-unidade-comunista","tag-6b"],"jetpack_publicize_connections":[],"jetpack_featured_media_url":"","jetpack_shortlink":"https:\/\/wp.me\/p659gw-7Wl","jetpack-related-posts":[],"jetpack_likes_enabled":true,"jetpack_sharing_enabled":true,"_links":{"self":[{"href":"https:\/\/pcb.org.br\/portal2\/wp-json\/wp\/v2\/posts\/30525","targetHints":{"allow":["GET"]}}],"collection":[{"href":"https:\/\/pcb.org.br\/portal2\/wp-json\/wp\/v2\/posts"}],"about":[{"href":"https:\/\/pcb.org.br\/portal2\/wp-json\/wp\/v2\/types\/post"}],"author":[{"embeddable":true,"href":"https:\/\/pcb.org.br\/portal2\/wp-json\/wp\/v2\/users\/8"}],"replies":[{"embeddable":true,"href":"https:\/\/pcb.org.br\/portal2\/wp-json\/wp\/v2\/comments?post=30525"}],"version-history":[{"count":1,"href":"https:\/\/pcb.org.br\/portal2\/wp-json\/wp\/v2\/posts\/30525\/revisions"}],"predecessor-version":[{"id":30527,"href":"https:\/\/pcb.org.br\/portal2\/wp-json\/wp\/v2\/posts\/30525\/revisions\/30527"}],"wp:attachment":[{"href":"https:\/\/pcb.org.br\/portal2\/wp-json\/wp\/v2\/media?parent=30525"}],"wp:term":[{"taxonomy":"category","embeddable":true,"href":"https:\/\/pcb.org.br\/portal2\/wp-json\/wp\/v2\/categories?post=30525"},{"taxonomy":"post_tag","embeddable":true,"href":"https:\/\/pcb.org.br\/portal2\/wp-json\/wp\/v2\/tags?post=30525"}],"curies":[{"name":"wp","href":"https:\/\/api.w.org\/{rel}","templated":true}]}}