{"id":30536,"date":"2023-06-15T13:15:08","date_gmt":"2023-06-15T16:15:08","guid":{"rendered":"https:\/\/pcb.org.br\/portal2\/?p=30536"},"modified":"2023-06-15T13:15:08","modified_gmt":"2023-06-15T16:15:08","slug":"todo-apoio-as-greves-da-educacao","status":"publish","type":"post","link":"https:\/\/pcb.org.br\/portal2\/30536","title":{"rendered":"Todo apoio \u00e0s greves da educa\u00e7\u00e3o!"},"content":{"rendered":"<p><img data-recalc-dims=\"1\" loading=\"lazy\" decoding=\"async\" data-attachment-id=\"30537\" data-permalink=\"https:\/\/pcb.org.br\/portal2\/30536\/image-1-25\" data-orig-file=\"https:\/\/i0.wp.com\/pcb.org.br\/portal2\/wp-content\/uploads\/2023\/06\/image-1-2.png?fit=875%2C502&amp;ssl=1\" data-orig-size=\"875,502\" data-comments-opened=\"0\" data-image-meta=\"{&quot;aperture&quot;:&quot;0&quot;,&quot;credit&quot;:&quot;&quot;,&quot;camera&quot;:&quot;&quot;,&quot;caption&quot;:&quot;&quot;,&quot;created_timestamp&quot;:&quot;0&quot;,&quot;copyright&quot;:&quot;&quot;,&quot;focal_length&quot;:&quot;0&quot;,&quot;iso&quot;:&quot;0&quot;,&quot;shutter_speed&quot;:&quot;0&quot;,&quot;title&quot;:&quot;&quot;,&quot;orientation&quot;:&quot;0&quot;}\" data-image-title=\"image (1)\" data-image-description=\"\" data-image-caption=\"\" data-large-file=\"https:\/\/i0.wp.com\/pcb.org.br\/portal2\/wp-content\/uploads\/2023\/06\/image-1-2.png?fit=747%2C429&amp;ssl=1\" class=\"alignnone size-full wp-image-30537\" src=\"https:\/\/i0.wp.com\/pcb.org.br\/portal2\/wp-content\/uploads\/2023\/06\/image-1-2.png?resize=747%2C429&#038;ssl=1\" alt=\"\" width=\"747\" height=\"429\" srcset=\"https:\/\/i0.wp.com\/pcb.org.br\/portal2\/wp-content\/uploads\/2023\/06\/image-1-2.png?w=875&amp;ssl=1 875w, https:\/\/i0.wp.com\/pcb.org.br\/portal2\/wp-content\/uploads\/2023\/06\/image-1-2.png?resize=300%2C172&amp;ssl=1 300w, https:\/\/i0.wp.com\/pcb.org.br\/portal2\/wp-content\/uploads\/2023\/06\/image-1-2.png?resize=768%2C441&amp;ssl=1 768w\" sizes=\"auto, (max-width: 747px) 100vw, 747px\" \/><!--more--><\/p>\n<p>Jornal da Unidade Classista &#8211; junho de 2023<\/p>\n<p>Trabalhadores e trabalhadoras da Educa\u00e7\u00e3o do Amazonas, Distrito Federal e Rio de Janeiro entraram em greve no m\u00eas de maio. As categorias reivindicam o pagamento do piso salarial nacional, dos reajustes n\u00e3o pagos anteriormente, o pagamento das progress\u00f5es, al\u00e9m de outras pautas sobre melhorias das condi\u00e7\u00f5es de trabalho e estudo.<\/p>\n<p>Al\u00e9m disso, trabalhadores\/as da Educa\u00e7\u00e3o de todo o pa\u00eds est\u00e3o em luta pela revoga\u00e7\u00e3o do Novo Ensino M\u00e9dio (NEM), um projeto articulado pela burguesia brasileira e seus representantes na pol\u00edtica institucional, que prejudica os estudantes da escola p\u00fablica e desvaloriza ainda mais os professores, que est\u00e3o sendo duramente sobrecarregados e for\u00e7ados a trabalhar com conte\u00fados para os quais n\u00e3o foram formados, sob amea\u00e7a de ficarem com suas cargas de trabalho incompletas. Essa press\u00e3o adicional tem afetado negativamente o desempenho dos educadores e das educadoras e prejudicado a qualidade do ensino oferecido aos estudantes.<\/p>\n<p>A revoga\u00e7\u00e3o do NEM n\u00e3o cair\u00e1 dos c\u00e9us e, por isso, precisa de participa\u00e7\u00e3o ativa dos sindicatos, entidades estudantis e de toda a sociedade. A consulta \u201cp\u00fablica\u201d aberta pelo Minist\u00e9rio da Educa\u00e7\u00e3o est\u00e1 em fase de encerramento e, desde seu an\u00fancio, j\u00e1 mostrou o car\u00e1ter verticalizado, com a tutela da burguesia, que n\u00e3o modifica e tampouco melhora as condi\u00e7\u00f5es de trabalho e estudo. Educadores e estudantes n\u00e3o querem avalia\u00e7\u00f5es ou ajustes e sim a sua revoga\u00e7\u00e3o!<\/p>\n<p>A Unidade Classista apoia todas as mobiliza\u00e7\u00f5es dos trabalhadores e das trabalhadoras da Educa\u00e7\u00e3o e reafirma seu compromisso por uma Educa\u00e7\u00e3o Popular p\u00fablica, gratuita, laica e de qualidade!<\/p>\n<p>Em um cen\u00e1rio de carestia, com a alta dos pre\u00e7os de tudo aquilo que \u00e9 necess\u00e1rio para o povo trabalhador sobreviver, de desmonte dos servi\u00e7os p\u00fablicos e precariza\u00e7\u00e3o das condi\u00e7\u00f5es de trabalho na educa\u00e7\u00e3o, inclusive com a inclus\u00e3o do FUNDEB no novo teto de gastos, somente o acirramento da luta de classes, tendo o socialismo como horizonte, possibilitar\u00e1 a conquista de uma vida digna e uma verdadeira educa\u00e7\u00e3o popular!<\/p>\n<p>CONTRA O \u201cARCABOU\u00c7O FISCAL\u201d!<br \/>\nA CLASSE TRABALHADORA QUER DIGNIDADE DE VIDA!<\/p>\n<p>Em toda Am\u00e9rica Latina vemos a dificuldade de mobiliza\u00e7\u00e3o da classe trabalhadora. Enquanto a esquerda n\u00e3o consegue avan\u00e7ar al\u00e9m do progressismo, o fascismo continua se enraizando e crescendo. Apesar de parecer em coma frente aos \u00faltimos esc\u00e2ndalos de corrup\u00e7\u00e3o, o neofascismo brasileiro continua vivo, inclusive atentando contra a vida nos ataques nas escolas.<\/p>\n<p>Depois de quase meio ano sem a presen\u00e7a do neofascista Jair Bolsonaro na presid\u00eancia, a expectativa da classe trabalhadora em avan\u00e7ar em direitos e dignidade de vida segue amea\u00e7ada. O capitalismo continua se alterando, estimulando cada vez mais os trabalhos desregulados, individuais e fora da carta de direitos trabalhistas. O MEI, inclusive, existe h\u00e1 15 anos e a maioria das pessoas vinculadas ao \u201cmicroempreendedorismo individual\u201d trabalham mais do que 8 horas di\u00e1rias e nunca conseguiram tirar f\u00e9rias.<\/p>\n<p>Aqui no Brasil, o mote para o novo governo de \u201cdeixa o homem governar\u201d tenta frear as cr\u00edticas contra as pol\u00edticas desastrosas para a classe, como o chamado \u201carcabou\u00e7o fiscal\u201d, que nada mais \u00e9 do que um novo teto de gastos para impedir investimentos na sa\u00fade e educa\u00e7\u00e3o. Com esse novo teto, o governo se compromete ainda mais a beneficiar os banqueiros, especuladores e grandes empres\u00e1rios e se nega a priorizar as metas sociais, metas de empregos, distribui\u00e7\u00e3o de renda, desenvolvimento econ\u00f4mico e social.<\/p>\n<p>No mesmo dia de sua aprova\u00e7\u00e3o na C\u00e2mara dos Deputados, no dia 24 de maio, tamb\u00e9m tivemos atos em v\u00e1rias cidades do pa\u00eds contra o projeto do \u201ccalabou\u00e7o\u201d fiscal que agora segue para ser votado no Senado. Mais uma vez \u00e9 necess\u00e1rio afirmar que o desequil\u00edbrio das contas p\u00fablicas n\u00e3o tem nada a ver com os investimentos sociais ou com aumento de sal\u00e1rio. A origem desse problema vem da pol\u00edtica de juros praticadas pelo Banco Central, que transformou o Brasil em ref\u00e9m dos interesses dos banqueiros e especuladores.<\/p>\n<p>O atual governo n\u00e3o ser\u00e1 capaz de romper com esse modelo porque \u00e9 parte dele, e n\u00f3s trabalhadores e trabalhadoras teremos de tomar os rumos do pa\u00eds com nossas pr\u00f3prias m\u00e3os. \u00c9 hora de a classe trabalhadora, unida \u00e0s for\u00e7as populares e aos movimentos sociais, se mobilizar em torno das lutas concretas contra as medidas burguesas de contrarreformas e retiradas de direitos e, ao mesmo tempo, debater um programa de mais largo prazo para romper com o sistema capitalista e construir a revolu\u00e7\u00e3o socialista no Brasil.<\/p>\n","protected":false},"excerpt":{"rendered":"<a class=\"moretag\" href=\"https:\/\/pcb.org.br\/portal2\/30536\"> <\/a>","protected":false},"author":8,"featured_media":0,"comment_status":"closed","ping_status":"closed","sticky":false,"template":"","format":"standard","meta":{"jetpack_post_was_ever_published":false,"_jetpack_newsletter_access":"","_jetpack_dont_email_post_to_subs":false,"_jetpack_newsletter_tier_id":0,"_jetpack_memberships_contains_paywalled_content":false,"_jetpack_memberships_contains_paid_content":false,"footnotes":"","jetpack_publicize_message":"","jetpack_publicize_feature_enabled":true,"jetpack_social_post_already_shared":true,"jetpack_social_options":{"image_generator_settings":{"template":"highway","default_image_id":0,"font":"","enabled":false},"version":2}},"categories":[60,56,15,31],"tags":[221],"class_list":["post-30536","post","type-post","status-publish","format-standard","hentry","category-c71-educacao","category-c67-greve","category-s18-sindical","category-c31-unidade-classista","tag-2a"],"jetpack_publicize_connections":[],"jetpack_featured_media_url":"","jetpack_shortlink":"https:\/\/wp.me\/p659gw-7Ww","jetpack-related-posts":[],"jetpack_likes_enabled":true,"jetpack_sharing_enabled":true,"_links":{"self":[{"href":"https:\/\/pcb.org.br\/portal2\/wp-json\/wp\/v2\/posts\/30536","targetHints":{"allow":["GET"]}}],"collection":[{"href":"https:\/\/pcb.org.br\/portal2\/wp-json\/wp\/v2\/posts"}],"about":[{"href":"https:\/\/pcb.org.br\/portal2\/wp-json\/wp\/v2\/types\/post"}],"author":[{"embeddable":true,"href":"https:\/\/pcb.org.br\/portal2\/wp-json\/wp\/v2\/users\/8"}],"replies":[{"embeddable":true,"href":"https:\/\/pcb.org.br\/portal2\/wp-json\/wp\/v2\/comments?post=30536"}],"version-history":[{"count":1,"href":"https:\/\/pcb.org.br\/portal2\/wp-json\/wp\/v2\/posts\/30536\/revisions"}],"predecessor-version":[{"id":30538,"href":"https:\/\/pcb.org.br\/portal2\/wp-json\/wp\/v2\/posts\/30536\/revisions\/30538"}],"wp:attachment":[{"href":"https:\/\/pcb.org.br\/portal2\/wp-json\/wp\/v2\/media?parent=30536"}],"wp:term":[{"taxonomy":"category","embeddable":true,"href":"https:\/\/pcb.org.br\/portal2\/wp-json\/wp\/v2\/categories?post=30536"},{"taxonomy":"post_tag","embeddable":true,"href":"https:\/\/pcb.org.br\/portal2\/wp-json\/wp\/v2\/tags?post=30536"}],"curies":[{"name":"wp","href":"https:\/\/api.w.org\/{rel}","templated":true}]}}