{"id":30553,"date":"2023-06-21T16:52:54","date_gmt":"2023-06-21T19:52:54","guid":{"rendered":"https:\/\/pcb.org.br\/portal2\/?p=30553"},"modified":"2023-06-21T16:52:54","modified_gmt":"2023-06-21T19:52:54","slug":"o-rio-transbordado-da-hipocrisia-burguesa","status":"publish","type":"post","link":"https:\/\/pcb.org.br\/portal2\/30553","title":{"rendered":"O rio transbordado da hipocrisia burguesa"},"content":{"rendered":"<p><img data-recalc-dims=\"1\" loading=\"lazy\" decoding=\"async\" data-attachment-id=\"30554\" data-permalink=\"https:\/\/pcb.org.br\/portal2\/30553\/image11-3\" data-orig-file=\"https:\/\/i0.wp.com\/pcb.org.br\/portal2\/wp-content\/uploads\/2023\/06\/image11.png?fit=1170%2C700&amp;ssl=1\" data-orig-size=\"1170,700\" data-comments-opened=\"0\" data-image-meta=\"{&quot;aperture&quot;:&quot;0&quot;,&quot;credit&quot;:&quot;&quot;,&quot;camera&quot;:&quot;&quot;,&quot;caption&quot;:&quot;&quot;,&quot;created_timestamp&quot;:&quot;0&quot;,&quot;copyright&quot;:&quot;&quot;,&quot;focal_length&quot;:&quot;0&quot;,&quot;iso&quot;:&quot;0&quot;,&quot;shutter_speed&quot;:&quot;0&quot;,&quot;title&quot;:&quot;&quot;,&quot;orientation&quot;:&quot;0&quot;}\" data-image-title=\"image(11)\" data-image-description=\"\" data-image-caption=\"\" data-large-file=\"https:\/\/i0.wp.com\/pcb.org.br\/portal2\/wp-content\/uploads\/2023\/06\/image11.png?fit=747%2C447&amp;ssl=1\" class=\"alignnone size-large wp-image-30554\" src=\"https:\/\/i0.wp.com\/pcb.org.br\/portal2\/wp-content\/uploads\/2023\/06\/image11.png?resize=747%2C447&#038;ssl=1\" alt=\"\" width=\"747\" height=\"447\" srcset=\"https:\/\/i0.wp.com\/pcb.org.br\/portal2\/wp-content\/uploads\/2023\/06\/image11.png?resize=900%2C538&amp;ssl=1 900w, https:\/\/i0.wp.com\/pcb.org.br\/portal2\/wp-content\/uploads\/2023\/06\/image11.png?resize=300%2C179&amp;ssl=1 300w, https:\/\/i0.wp.com\/pcb.org.br\/portal2\/wp-content\/uploads\/2023\/06\/image11.png?resize=768%2C459&amp;ssl=1 768w, https:\/\/i0.wp.com\/pcb.org.br\/portal2\/wp-content\/uploads\/2023\/06\/image11.png?w=1170&amp;ssl=1 1170w\" sizes=\"auto, (max-width: 747px) 100vw, 747px\" \/><!--more--><\/p>\n<p>Imagem: Prefeitura POA \/ Divulga\u00e7\u00e3o<\/p>\n<p>Sobre as enchentes e as mortes no Vale dos Sinos<\/p>\n<p>Nota Pol\u00edtica do PCB Vale dos Sinos (RS)<\/p>\n<p>Quando est\u00e1vamos redigindo essa nota, j\u00e1 havia a confirma\u00e7\u00e3o de 14 mortos em todo o estado do RS e uma pessoa seguia desaparecida. A Defesa Civil afirmava que 2,1 milh\u00f5es de pessoas no estado foram afetadas pela passagem do ciclone extratropical, que atingiu com for\u00e7a o litoral ga\u00facho e provocou uma s\u00e9rie de danos em diversas regi\u00f5es, principalmente na regi\u00e3o metropolitana de Porto Alegre, Litoral Norte, Parte da Serra Ga\u00facha e nos vales dos rios Taquari e dos Sinos, sendo este \u00faltimo nosso foco de an\u00e1lise aqui.<\/p>\n<p>Em nossa regi\u00e3o, morreram dois moradores de S\u00e3o Leopoldo, uma de Esteio e um de Novo Hamburgo. Nossos militantes testemunharam e sofreram na pele a cat\u00e1strofe ambiental. De fato, mesmo com um ideal sistema de drenagem urbano adequado \u00e0s necessidades da popula\u00e7\u00e3o e ao clima local, seria dif\u00edcil suportar o enorme volume de \u00e1gua registrado em S\u00e3o Leopoldo (cerca de 246 ml) entre a noite de quinta (15) e sexta-feira (16). No entanto, trag\u00e9dias como esta s\u00e3o potencializadas pela precariedade na presta\u00e7\u00e3o dos servi\u00e7os p\u00fablicos de saneamento e abastecimento, pelas poucas pol\u00edticas de preven\u00e7\u00e3o e resgate e pela precariedade das habita\u00e7\u00f5es nas zonas de risco. Logo, s\u00e3o os pobres os maiores atingidos.<\/p>\n<p>Bairros inteiros continuam debaixo d\u2019\u00e1gua, m\u00f3veis e ve\u00edculos foram arrastados e perdidos, milhares est\u00e3o desabrigados, vidas foram ceifadas e continuam as buscas pelos desaparecidos, nesse que foi um fim de semana triste em nossa regi\u00e3o. Gostar\u00edamos, antes de prosseguir com esta nota, saudar a enorme solidariedade da popula\u00e7\u00e3o do Vale dos Sinos no socorro aos desabrigados pelas enchentes, que foram buscar abrigo em gin\u00e1sios de esportes e eventos, resid\u00eancias de parentes, espa\u00e7os comunit\u00e1rios, galp\u00f5es de CTGs e igrejas. A solidariedade vem muito dos setores mais pobres e precarizados de nossa regi\u00e3o, demonstrando que a solidariedade de classe \u00e9 muito forte ainda em nosso estado. Convocamos nossos militantes, amigos e simpatizantes a se somarem na solidariedade aos moradores e contribuir com o que for poss\u00edvel neste momento.<\/p>\n<p>N\u00e3o podemos deixar de dizer aqui que vidas poderiam ter sido preservadas e a destrui\u00e7\u00e3o provocada pelas chuvas poderia ser muito, mas muito diminu\u00edda, se n\u00e3o fosse uma s\u00e9rie de problemas vis\u00edveis desde antes de a trag\u00e9dia acontecer. A come\u00e7ar pelo atraso da Defesa Civil do RS em executar uma pol\u00edtica de preven\u00e7\u00e3o e se antecipar ao resgate dos moradores residentes das zonas de risco. H\u00e1 dias era anunciado que um ciclone extratropical passaria com enorme intensidade na costa e traria intensas chuvas e ventos para a regi\u00e3o. A resposta foi lenta e muito aqu\u00e9m do necess\u00e1rio para salvar vidas e evitar a maior parte da destrui\u00e7\u00e3o do pouco patrim\u00f4nio restante dessa popula\u00e7\u00e3o.<\/p>\n<p>Em entrevista coletiva concedida na Prefeitura de S\u00e3o Leopoldo no s\u00e1bado, dia 17, o Ministro da Integra\u00e7\u00e3o Nacional, Waldez G\u00f3es, informa que o reduzido quadro de funcion\u00e1rios da Defesa Civil nos tr\u00eas entes federativos \u2013 Federal, Estadual e Municipal \u2013 prejudica bastante a qualidade da resposta e a deixa bastante dependente do envolvimento de outras for\u00e7as, como os bombeiros e o Ex\u00e9rcito, para realizar opera\u00e7\u00f5es de resgate e preven\u00e7\u00e3o, havendo ainda a dificuldade de coordena\u00e7\u00e3o conjunta dessas opera\u00e7\u00f5es. Podemos desde j\u00e1 afirmar que h\u00e1 a precariza\u00e7\u00e3o do servi\u00e7o p\u00fablico prestado pela Defesa Civil, que sofre com um reduzido quadro de funcion\u00e1rios e com um or\u00e7amento abaixo do necess\u00e1rio para cumprir suas fun\u00e7\u00f5es e lidar com uma trag\u00e9dia dessas. A comitiva enviada pelo Presidente Lula, o governador do estado Eduardo Leite (PSDB) e o Prefeito de S\u00e3o Leopoldo Ary Vanazzi (PT) usavam coletes da Defesa Civil durante a coletiva de imprensa, o que, embora simb\u00f3lico e com boas inten\u00e7\u00f5es, n\u00e3o apaga o fato de a pol\u00edtica institucional n\u00e3o garantir o pleno funcionamento de \u00f3rg\u00e3os como a Defesa Civil. De boas inten\u00e7\u00f5es o caminho das enchentes continua pavimentado e bem alagado.<\/p>\n<p>Outro ponto \u00e9 a sobrecarga das casas de bomba operadas pela SEMAE em S\u00e3o Leopoldo e pela Corsan Vale Dos Sinos: al\u00e9m de n\u00e3o possu\u00edrem independ\u00eancia energ\u00e9tica, n\u00e3o contam com geradores e equipamentos que garantam seu funcionamento em caso de falta de energia. As cidades do Vale dos Sinos s\u00e3o atendidas pela companhia privatizada de energia RGE, que recentemente promoveu um aumento na cobran\u00e7a das tarifas de luz. Essa briga para garantir uma melhor estrutura para a casa das bombas (reivindica\u00e7\u00e3o antiga, diga-se de passagem), envolve desde a proposital precariza\u00e7\u00e3o dos servi\u00e7os p\u00fablicos (os trabalhadores da Corsan est\u00e3o numa encarni\u00e7ada luta contra a privatiza\u00e7\u00e3o) at\u00e9 a indisposi\u00e7\u00e3o de empresas privatizadas de realizar investimentos em infraestrutura de qualidade, o que gera somente o benef\u00edcio direto para a popula\u00e7\u00e3o da regi\u00e3o, e n\u00e3o agrada seus acionistas, interessados em lucros cada vez maiores e aos pol\u00edticos sedentos por obras a serem apadrinhadas somente por eles e que lhes garantam o cargo nas pr\u00f3ximas elei\u00e7\u00f5es. Logo, \u00e9 a velha mesquinhez de nossa classe pol\u00edtica que muito bem defende os interesses dos empres\u00e1rios e que deixa moradores de Sapucaia do Sul, Esteio e Canoas, por exemplo, debaixo d\u2019\u00e1gua, que condena a UPA de Sapiranga a ficar alagada e retirar \u00e0s pressas pacientes em leitos e mesmo lugares n\u00e3o alagados a ficarem sem abastecimento de \u00e1gua, por falta do retorno da energia necess\u00e1ria para colocar as casas de bomba em funcionamento. S\u00e3o as companhias privadas fugindo de sua responsabilidade em entregar um servi\u00e7o de qualidade para a popula\u00e7\u00e3o, atingindo muito mais a nossa classe trabalhadora e oprimida.<\/p>\n<p>Chegamos \u00e0 quest\u00e3o da moradia. As zonas mais afetadas s\u00e3o encostas de morros, arroios e \u00e1reas ao redor do Rio Dos Sinos, inundadas, destru\u00eddas pela enxurrada ou por deslizamentos de terra. Todos os arroios de Novo Hamburgo e S\u00e3o Leopoldo transbordaram. Muitos bairros t\u00eam partes alagadas que s\u00f3 amea\u00e7am crescer em raz\u00e3o de as \u00e1guas ainda aumentarem de n\u00edvel no Rio dos Sinos e terem sido anunciadas mais chuvas para essa semana. O fato de a maioria dos trabalhadores residirem nestes bairros afastados dos centros \u00e9 resultante das ocupa\u00e7\u00f5es e lotes concedidos por gest\u00f5es antigas dentro do leito do rio com a justificativa de serem muitas vezes pr\u00f3ximos aos seus postos de trabalho fabril. Recebem pouco investimento p\u00fablico, demoram a ser asfaltados, saneamento b\u00e1sico \u00e9 um mito e a constru\u00e7\u00e3o de determinadas resid\u00eancias, por mais bem feita que possam ser, ficam ref\u00e9ns de obras de conten\u00e7\u00e3o de enchentes como diques, que sempre voltam em promessas de campanha eleitoral, mas nunca cumpridas por sua execu\u00e7\u00e3o exceder o tempo de mandatos dos pol\u00edticos e, portanto, dif\u00edcil de ser explorada como vitrine eleitoral. Assim, mesmo pol\u00edticas de regula\u00e7\u00e3o de ocupa\u00e7\u00f5es para as converter em casas e apartamentos populares, de melhor constru\u00e7\u00e3o e seguran\u00e7a territorial est\u00e3o tamb\u00e9m no campo das promessas e nas declara\u00e7\u00f5es quando trag\u00e9dias como esta ocorrem e destroem casas.<\/p>\n<p>H\u00e1 um elemento perverso no final que nos ajuda a entender um pouco a dimens\u00e3o da trag\u00e9dia. \u00c9 bem sabido que, por mais que os governantes, no bom senso que a situa\u00e7\u00e3o impunha, pedissem para que a popula\u00e7\u00e3o n\u00e3o sa\u00edsse de suas casas (e tal an\u00fancio era feito desde o final da noite de quinta, dia 15), muitos trabalhadores ainda eram pressionados a atravessar arroios transbordados, avenidas alagadas, \u00e1rvores despencadas e fios energizados ca\u00eddos nas ruas em contato com a \u00e1gua; a esperar horas debaixo de chuva, vento e frio por \u00f4nibus, que al\u00e9m da redu\u00e7\u00e3o de frota, tamb\u00e9m ficavam ilhados em enchentes. \u00c9 que a f\u00e9 de seus patr\u00f5es no lucro parece mais forte que as for\u00e7as da natureza, coagindo milhares de trabalhadores a sair de suas resid\u00eancias sem saber se v\u00e3o conseguir de fato chegar aos postos de trabalho e se seus dependentes vulner\u00e1veis, casas e bens materiais estar\u00e3o ali quando retornarem. Agora que os patr\u00f5es percebem a dimens\u00e3o da trag\u00e9dia, somente ap\u00f3s ela afetar at\u00e9 os locais de trabalho e sua produ\u00e7\u00e3o, correm para limpar a pr\u00f3pria imagem em filantropia barata e postagens de solidariedade como jogada de marketing.<\/p>\n<p>A for\u00e7a da solidariedade organizada de nossa classe em momentos como este coloca em evid\u00eancia a necessidade de fortalecer a organiza\u00e7\u00e3o direta e permanente dos trabalhadores do Vale do Rio Dos Sinos, que n\u00e3o podem ficar dependentes do governo de ocasi\u00e3o para utilizar seus espa\u00e7os de organiza\u00e7\u00e3o e conv\u00edvio a servi\u00e7o de nossos irm\u00e3os de classe. Associa\u00e7\u00f5es de bairros, movimentos populares de habita\u00e7\u00e3o, coletivos sociais e v\u00e1rios lutadores sociais prestam, cada um ao seu modo e dentro de suas compet\u00eancias, uma an\u00f4nima e abnegada contribui\u00e7\u00e3o. Uma empatia enorme para com nossa classe se soma \u00e0s a\u00e7\u00f5es de solidariedade, socorrendo quem mais precisa e apontando as limita\u00e7\u00f5es do estado capitalista em garantir que trag\u00e9dias como essas n\u00e3o retirem mais a vida de nossos irm\u00e3os de classe. Podem ter certeza que h\u00e1 camaradas do PCB do Vale dos Sinos nestas a\u00e7\u00f5es. &#8220;N\u00f3s por n\u00f3s&#8221; nunca fez tanto sentido como agora, quando o frio se intensifica e mais chuvas s\u00e3o anunciadas.<\/p>\n<p>A tarefa \u00e9 \u00e1rdua, exige paci\u00eancia, forma\u00e7\u00e3o e convic\u00e7\u00e3o, mas necess\u00e1ria. A nossa classe depende disso. Estas s\u00e3o as tarefas colocadas aos comunistas.<\/p>\n<p>S\u00e3o Leopoldo, 19 de Junho de 2023<\/p>\n<p>&nbsp;<\/p>\n","protected":false},"excerpt":{"rendered":"<a class=\"moretag\" href=\"https:\/\/pcb.org.br\/portal2\/30553\"> <\/a>","protected":false},"author":8,"featured_media":0,"comment_status":"closed","ping_status":"closed","sticky":false,"template":"","format":"standard","meta":{"jetpack_post_was_ever_published":false,"_jetpack_newsletter_access":"","_jetpack_dont_email_post_to_subs":false,"_jetpack_newsletter_tier_id":0,"_jetpack_memberships_contains_paywalled_content":false,"_jetpack_memberships_contains_paid_content":false,"footnotes":"","jetpack_publicize_message":"","jetpack_publicize_feature_enabled":true,"jetpack_social_post_already_shared":true,"jetpack_social_options":{"image_generator_settings":{"template":"highway","default_image_id":0,"font":"","enabled":false},"version":2}},"categories":[207,26],"tags":[224],"class_list":["post-30553","post","type-post","status-publish","format-standard","hentry","category-lutas-nos-estados","category-c25-notas-politicas-do-pcb","tag-3b"],"jetpack_publicize_connections":[],"jetpack_featured_media_url":"","jetpack_shortlink":"https:\/\/wp.me\/p659gw-7WN","jetpack-related-posts":[],"jetpack_likes_enabled":true,"jetpack_sharing_enabled":true,"_links":{"self":[{"href":"https:\/\/pcb.org.br\/portal2\/wp-json\/wp\/v2\/posts\/30553","targetHints":{"allow":["GET"]}}],"collection":[{"href":"https:\/\/pcb.org.br\/portal2\/wp-json\/wp\/v2\/posts"}],"about":[{"href":"https:\/\/pcb.org.br\/portal2\/wp-json\/wp\/v2\/types\/post"}],"author":[{"embeddable":true,"href":"https:\/\/pcb.org.br\/portal2\/wp-json\/wp\/v2\/users\/8"}],"replies":[{"embeddable":true,"href":"https:\/\/pcb.org.br\/portal2\/wp-json\/wp\/v2\/comments?post=30553"}],"version-history":[{"count":1,"href":"https:\/\/pcb.org.br\/portal2\/wp-json\/wp\/v2\/posts\/30553\/revisions"}],"predecessor-version":[{"id":30555,"href":"https:\/\/pcb.org.br\/portal2\/wp-json\/wp\/v2\/posts\/30553\/revisions\/30555"}],"wp:attachment":[{"href":"https:\/\/pcb.org.br\/portal2\/wp-json\/wp\/v2\/media?parent=30553"}],"wp:term":[{"taxonomy":"category","embeddable":true,"href":"https:\/\/pcb.org.br\/portal2\/wp-json\/wp\/v2\/categories?post=30553"},{"taxonomy":"post_tag","embeddable":true,"href":"https:\/\/pcb.org.br\/portal2\/wp-json\/wp\/v2\/tags?post=30553"}],"curies":[{"name":"wp","href":"https:\/\/api.w.org\/{rel}","templated":true}]}}