{"id":30613,"date":"2023-07-11T15:07:25","date_gmt":"2023-07-11T18:07:25","guid":{"rendered":"https:\/\/pcb.org.br\/portal2\/?p=30613"},"modified":"2023-07-11T15:07:25","modified_gmt":"2023-07-11T18:07:25","slug":"solidariedade-com-os-irmaos-kononovich","status":"publish","type":"post","link":"https:\/\/pcb.org.br\/portal2\/30613","title":{"rendered":"Solidariedade com os irm\u00e3os Kononovich"},"content":{"rendered":"<p><img data-recalc-dims=\"1\" loading=\"lazy\" decoding=\"async\" data-attachment-id=\"30614\" data-permalink=\"https:\/\/pcb.org.br\/portal2\/30613\/image-1-29\" data-orig-file=\"https:\/\/i0.wp.com\/pcb.org.br\/portal2\/wp-content\/uploads\/2023\/07\/image-1-2.png?fit=705%2C470&amp;ssl=1\" data-orig-size=\"705,470\" data-comments-opened=\"0\" data-image-meta=\"{&quot;aperture&quot;:&quot;0&quot;,&quot;credit&quot;:&quot;&quot;,&quot;camera&quot;:&quot;&quot;,&quot;caption&quot;:&quot;&quot;,&quot;created_timestamp&quot;:&quot;0&quot;,&quot;copyright&quot;:&quot;&quot;,&quot;focal_length&quot;:&quot;0&quot;,&quot;iso&quot;:&quot;0&quot;,&quot;shutter_speed&quot;:&quot;0&quot;,&quot;title&quot;:&quot;&quot;,&quot;orientation&quot;:&quot;0&quot;}\" data-image-title=\"image (1)\" data-image-description=\"\" data-image-caption=\"\" data-large-file=\"https:\/\/i0.wp.com\/pcb.org.br\/portal2\/wp-content\/uploads\/2023\/07\/image-1-2.png?fit=705%2C470&amp;ssl=1\" class=\"alignnone size-full wp-image-30614\" src=\"https:\/\/i0.wp.com\/pcb.org.br\/portal2\/wp-content\/uploads\/2023\/07\/image-1-2.png?resize=705%2C470&#038;ssl=1\" alt=\"\" width=\"705\" height=\"470\" srcset=\"https:\/\/i0.wp.com\/pcb.org.br\/portal2\/wp-content\/uploads\/2023\/07\/image-1-2.png?w=705&amp;ssl=1 705w, https:\/\/i0.wp.com\/pcb.org.br\/portal2\/wp-content\/uploads\/2023\/07\/image-1-2.png?resize=300%2C200&amp;ssl=1 300w\" sizes=\"auto, (max-width: 705px) 100vw, 705px\" \/><!--more--><\/p>\n<p>Partido Comunista da Irlanda<\/p>\n<p>O Partido Comunista da Irlanda se une aos partidos comunistas e outras for\u00e7as progressistas e de esquerda em todo o mundo para condenar as amea\u00e7as de morte, persegui\u00e7\u00f5es e outras formas de intimida\u00e7\u00e3o cont\u00ednua contra os jovens l\u00edderes comunistas Aleksander Kononovich e seu irm\u00e3o Mikhail Kononovich, que est\u00e3o em pris\u00e3o domiciliar na Ucr\u00e2nia.<\/p>\n<p>Ap\u00f3s o in\u00edcio da guerra por procura\u00e7\u00e3o da OTAN contra a R\u00fassia na Ucr\u00e2nia, o Servi\u00e7o de Seguran\u00e7a da Ucr\u00e2nia (SBU) arrastou para a pris\u00e3o os irm\u00e3os Kononovich, l\u00edderes da Uni\u00e3o da Juventude Comunista Leninista da Ucr\u00e2nia (LKSMU), em Kiev, no dia 6 de mar\u00e7o de 2022. A pris\u00e3o desencadeou protestos generalizados de grupos progressistas e comunistas na Europa e em todo mundo, que denunciaram a medida como parte do expurgo iniciado pelas autoridades ucranianas apoiadas pela UE-OTAN contra comunistas, socialistas e outros cr\u00edticos do regime de Zelensky em nome da &#8220;seguran\u00e7a nacional&#8221;.<\/p>\n<p>Em julho de 2022, um julgamento espalhafatoso dos irm\u00e3os Kononovich come\u00e7ou no Tribunal Distrital de Solomensky em Kiev. Eles foram colocados em pris\u00e3o domiciliar em Kiev &#8211; embora n\u00e3o tenham cometido crime algum, exceto se posicionarem em oposi\u00e7\u00e3o \u00e0 guerra genocida e \u00e0 destrui\u00e7\u00e3o de seu pa\u00eds para servir aos interesses imperialistas dos EUA.<\/p>\n<p>No in\u00edcio da \u00faltima semana, os irm\u00e3os Kononovich, em um apelo, afirmaram que o regime do presidente Volodymyr Zelensky estava tentando assassin\u00e1-los. Eles relataram que um policial, Yevgen Kravchuk, havia repetidamente visitado sua casa e amea\u00e7ado mat\u00e1-los. O mesmo policial tamb\u00e9m fez uma postagem no Facebook fazendo uma chamada p\u00fablica para o assassinato e revelando o endere\u00e7o de sua casa.<\/p>\n<p>Diante dessas amea\u00e7as, o Partido Comunista da Irlanda reitera o pedido de liberta\u00e7\u00e3o imediata dos irm\u00e3os. Mesmo antes do in\u00edcio da atual guerra na Ucr\u00e2nia, o regime p\u00f3s-golpe de Zelensky havia iniciado uma pol\u00edtica de &#8216;descomuniza\u00e7\u00e3o&#8217; e persegui\u00e7\u00e3o aos comunistas. Em maio de 2015, as leis de descomuniza\u00e7\u00e3o entraram em vigor na Ucr\u00e2nia, o que significa que o Partido Comunista da Ucr\u00e2nia (KPU) n\u00e3o pode usar s\u00edmbolos comunistas ou cantar a Internacional. O KPU foi proibido de disputar elei\u00e7\u00f5es em 2015. O jornal Rabochaya Gazeta foi banido, e l\u00edderes e membros do Partido sofreram a repress\u00e3o policial e os ataques de grupos de extrema-direita.<\/p>\n<p>Enfrentando todas essas dificuldades, membros do KPU e da LKSMU continuaram a organizar protestos contra a descomuniza\u00e7\u00e3o, as pol\u00edticas agr\u00e1rias em favor das corpora\u00e7\u00f5es, o apoio do governo a grupos neonazistas, o aumento dos pre\u00e7os da eletricidade e da \u00e1gua e o expansionismo da OTAN. Eles tamb\u00e9m organizaram campanhas pedindo uma solu\u00e7\u00e3o pac\u00edfica para o conflito R\u00fassia-Ucr\u00e2nia.<\/p>\n<p>O PC da Irlanda exorta todas as for\u00e7as progressistas na Irlanda e no exterior a prestarem solidariedade e apoio aos nossos camaradas comunistas na Ucr\u00e2nia e compartilha a seguinte declara\u00e7\u00e3o dos irm\u00e3os Kononowicz:<\/p>\n<p>&#8220;N\u00f3s, os irm\u00e3os Kononowicz, comunistas ucranianos e antifascistas, apelamos \u00e0 Federa\u00e7\u00e3o Mundial da Juventude Democr\u00e1tica, aos comunistas, a todos as organiza\u00e7\u00f5es de esquerda e antifascistas da Europa e do mundo. Declaramos oficialmente que o regime de Zelensky est\u00e1 preparando nosso assassinato. O regime, liderado pelo atual policial Yevgen Kravchuk, nos amea\u00e7ou p\u00fablica e repetidamente, alertando sobre o nosso assassinato.<\/p>\n<p>O policial escreveu chamados no Facebook pelo nosso assassinato e divulgou nosso endere\u00e7o residencial, sabendo que estamos em pris\u00e3o domiciliar e n\u00e3o podemos ir a lugar nenhum, ent\u00e3o estamos presos. Somente um policial da ativa pode fazer esses tipos de declara\u00e7\u00f5es e apela\u00e7\u00f5es em p\u00fablico sem medo de ningu\u00e9m.<\/p>\n<p>Fomos banidos oficialmente e deixam claro que ningu\u00e9m ser\u00e1 punido por nos matar. \u00c9 a pr\u00e1tica da Alemanha nazista na d\u00e9cada de 1930, quando comunistas e antifascistas foram colocados fora da lei. O regime de Zelensky quer encenar uma execu\u00e7\u00e3o na forma de espet\u00e1culo.<\/p>\n<p>Camaradas, por favor, protestem contra as embaixadas e consulados da Ucr\u00e2nia, os escrit\u00f3rios de representa\u00e7\u00e3o da Uni\u00e3o Europ\u00e9ia, a OSCE e outras autoridades e organiza\u00e7\u00f5es internacionais exigindo das autoridades ucranianas &#8220;n\u00e3o permitir o assassinato dos antifascistas Kononowicz&#8221;. Por favor, nos apoiem e n\u00e3o permitam nosso assassinato pelo regime de Zelensky.&#8221;<\/p>\n<p>Em solidariedade<\/p>\n<p>Comit\u00ea Executivo Nacional do Partido Comunista da Irlanda<\/p>\n<p><span style=\"font-size: large;\">Tradu\u00e7\u00e3o: Partido Comunista Brasileiro (PCB)<\/span><\/p>\n<p><span style=\"font-size: large;\">Fonte:\u00a0<a href=\"http:\/\/solidnet.org\/article\/CP-of-Ireland-Solidarity-with-Aleksander-Kononovich-and-his-brother-Mikhail-Kononovich\/\" target=\"_blank\" rel=\"noopener\" data-saferedirecturl=\"https:\/\/www.google.com\/url?q=http:\/\/solidnet.org\/article\/CP-of-Ireland-Solidarity-with-Aleksander-Kononovich-and-his-brother-Mikhail-Kononovich\/&amp;source=gmail&amp;ust=1689182653674000&amp;usg=AOvVaw1ZSQX5pVA6IunHWj3yauO3\">http:\/\/solidnet.org\/article\/<wbr \/>CP-of-Ireland-Solidarity-with-<wbr \/>Aleksander-Kononovich-and-his-<wbr \/>brother-Mikhail-Kononovich\/<\/a><\/span><\/p>\n","protected":false},"excerpt":{"rendered":"<a class=\"moretag\" href=\"https:\/\/pcb.org.br\/portal2\/30613\"> <\/a>","protected":false},"author":8,"featured_media":0,"comment_status":"closed","ping_status":"closed","sticky":false,"template":"","format":"standard","meta":{"jetpack_post_was_ever_published":false,"_jetpack_newsletter_access":"","_jetpack_dont_email_post_to_subs":false,"_jetpack_newsletter_tier_id":0,"_jetpack_memberships_contains_paywalled_content":false,"_jetpack_memberships_contains_paid_content":false,"footnotes":"","jetpack_publicize_message":"","jetpack_publicize_feature_enabled":true,"jetpack_social_post_already_shared":true,"jetpack_social_options":{"image_generator_settings":{"template":"highway","default_image_id":0,"font":"","enabled":false},"version":2}},"categories":[73,38,146,125],"tags":[234],"class_list":["post-30613","post","type-post","status-publish","format-standard","hentry","category-c86-anti-imperialismo","category-c43-imperialismo","category-internacionalismo","category-c138-ucrania","tag-6b"],"jetpack_publicize_connections":[],"jetpack_featured_media_url":"","jetpack_shortlink":"https:\/\/wp.me\/p659gw-7XL","jetpack-related-posts":[],"jetpack_likes_enabled":true,"jetpack_sharing_enabled":true,"_links":{"self":[{"href":"https:\/\/pcb.org.br\/portal2\/wp-json\/wp\/v2\/posts\/30613","targetHints":{"allow":["GET"]}}],"collection":[{"href":"https:\/\/pcb.org.br\/portal2\/wp-json\/wp\/v2\/posts"}],"about":[{"href":"https:\/\/pcb.org.br\/portal2\/wp-json\/wp\/v2\/types\/post"}],"author":[{"embeddable":true,"href":"https:\/\/pcb.org.br\/portal2\/wp-json\/wp\/v2\/users\/8"}],"replies":[{"embeddable":true,"href":"https:\/\/pcb.org.br\/portal2\/wp-json\/wp\/v2\/comments?post=30613"}],"version-history":[{"count":1,"href":"https:\/\/pcb.org.br\/portal2\/wp-json\/wp\/v2\/posts\/30613\/revisions"}],"predecessor-version":[{"id":30615,"href":"https:\/\/pcb.org.br\/portal2\/wp-json\/wp\/v2\/posts\/30613\/revisions\/30615"}],"wp:attachment":[{"href":"https:\/\/pcb.org.br\/portal2\/wp-json\/wp\/v2\/media?parent=30613"}],"wp:term":[{"taxonomy":"category","embeddable":true,"href":"https:\/\/pcb.org.br\/portal2\/wp-json\/wp\/v2\/categories?post=30613"},{"taxonomy":"post_tag","embeddable":true,"href":"https:\/\/pcb.org.br\/portal2\/wp-json\/wp\/v2\/tags?post=30613"}],"curies":[{"name":"wp","href":"https:\/\/api.w.org\/{rel}","templated":true}]}}