{"id":30654,"date":"2023-07-21T13:03:42","date_gmt":"2023-07-21T16:03:42","guid":{"rendered":"https:\/\/pcb.org.br\/portal2\/?p=30654"},"modified":"2023-07-21T13:03:42","modified_gmt":"2023-07-21T16:03:42","slug":"comunicado-do-secretario-geral-do-pcb-sobre-os-ataques-publicos-ao-partido","status":"publish","type":"post","link":"https:\/\/pcb.org.br\/portal2\/30654","title":{"rendered":"Comunicado do Secret\u00e1rio Geral do PCB sobre os ataques p\u00fablicos ao Partido"},"content":{"rendered":"<p><img data-recalc-dims=\"1\" loading=\"lazy\" decoding=\"async\" data-attachment-id=\"30655\" data-permalink=\"https:\/\/pcb.org.br\/portal2\/30654\/image-2-13\" data-orig-file=\"https:\/\/i0.wp.com\/pcb.org.br\/portal2\/wp-content\/uploads\/2023\/07\/image-2-3.png?fit=1200%2C675&amp;ssl=1\" data-orig-size=\"1200,675\" data-comments-opened=\"0\" data-image-meta=\"{&quot;aperture&quot;:&quot;0&quot;,&quot;credit&quot;:&quot;&quot;,&quot;camera&quot;:&quot;&quot;,&quot;caption&quot;:&quot;&quot;,&quot;created_timestamp&quot;:&quot;0&quot;,&quot;copyright&quot;:&quot;&quot;,&quot;focal_length&quot;:&quot;0&quot;,&quot;iso&quot;:&quot;0&quot;,&quot;shutter_speed&quot;:&quot;0&quot;,&quot;title&quot;:&quot;&quot;,&quot;orientation&quot;:&quot;0&quot;}\" data-image-title=\"image (2)\" data-image-description=\"\" data-image-caption=\"\" data-large-file=\"https:\/\/i0.wp.com\/pcb.org.br\/portal2\/wp-content\/uploads\/2023\/07\/image-2-3.png?fit=747%2C420&amp;ssl=1\" class=\"alignnone size-large wp-image-30655\" src=\"https:\/\/i0.wp.com\/pcb.org.br\/portal2\/wp-content\/uploads\/2023\/07\/image-2-3.png?resize=747%2C420&#038;ssl=1\" alt=\"\" width=\"747\" height=\"420\" srcset=\"https:\/\/i0.wp.com\/pcb.org.br\/portal2\/wp-content\/uploads\/2023\/07\/image-2-3.png?resize=900%2C506&amp;ssl=1 900w, https:\/\/i0.wp.com\/pcb.org.br\/portal2\/wp-content\/uploads\/2023\/07\/image-2-3.png?resize=300%2C169&amp;ssl=1 300w, https:\/\/i0.wp.com\/pcb.org.br\/portal2\/wp-content\/uploads\/2023\/07\/image-2-3.png?resize=768%2C432&amp;ssl=1 768w, https:\/\/i0.wp.com\/pcb.org.br\/portal2\/wp-content\/uploads\/2023\/07\/image-2-3.png?w=1200&amp;ssl=1 1200w\" sizes=\"auto, (max-width: 747px) 100vw, 747px\" \/><!--more--><\/p>\n<p>Camaradas,<\/p>\n<p>Estamos acompanhando no PCB as a\u00e7\u00f5es e desdobramentos de um movimento que j\u00e1 se configurou como um grupo fracionista, cuja atua\u00e7\u00e3o aponta para a forma\u00e7\u00e3o de uma tend\u00eancia organizada com atua\u00e7\u00e3o liquidacionista contra nosso Partido. Trata-se ainda de um pequeno grupo, cuja limitada a\u00e7\u00e3o na realidade concreta da luta de classes contrasta com a farta presen\u00e7a nas redes virtuais. Est\u00e3o atr\u00e1s de engajamento e buscando espalhar mentiras e cal\u00fanias contra a dire\u00e7\u00e3o do Partido para criar confus\u00e3o entre a milit\u00e2ncia, mirando especialmente nos Coletivos Partid\u00e1rios.<\/p>\n<p>Pergunto: a quem interessa, em lives e redes virtuais, informar procedimentos da estrutura interna do PCB e realizar narrativa mentirosa contra a dire\u00e7\u00e3o do Partido? Quais os objetivos de um grupo que se organiza ao arrepio de nossa forma organizativa, constituindo aparelhos pr\u00f3prios, meios pr\u00f3prios de comunica\u00e7\u00e3o, figuras p\u00fablicas pr\u00f3prias? Aonde leva o processo de disputa, por fora das inst\u00e2ncias partid\u00e1rias, de sua estrutura e de seus militantes?<\/p>\n<p>O grupo exp\u00f5e a vida interna de um partido revolucion\u00e1rio indiscriminadamente, sem dar a m\u00ednima se e como nossos inimigos v\u00e3o se aproveitar dessas informa\u00e7\u00f5es. \u00c9 lament\u00e1vel ver alguns, que tanto t\u00eam falado em &#8220;preocupa\u00e7\u00e3o com a seguran\u00e7a&#8221;, praticarem tamanha exposi\u00e7\u00e3o do PCB, de suas e seus dirigentes &#8211; muitas\/os das\/dos quais t\u00eam sofrido amea\u00e7as desde que essa hist\u00f3ria come\u00e7ou, sobretudo nossas dirigentes mulheres! Quem ganha com isso? Para onde aponta essa movimenta\u00e7\u00e3o?<\/p>\n<p>Os movimentos desse grupo e o papel antileninista manifestado nas redes, contra nossa hist\u00f3ria e nossos princ\u00edpios, denotam uma pr\u00e1tica que rompe abertamente com nossas resolu\u00e7\u00f5es de organiza\u00e7\u00e3o, calcadas em d\u00e9cadas de experi\u00eancia constru\u00edda pelos partidos comunistas em todo o mundo. Prop\u00f5em a convoca\u00e7\u00e3o de um congresso extraordin\u00e1rio com a participa\u00e7\u00e3o de n\u00e3o militantes do PCB, numa evidente afronta aos nossos princ\u00edpios organizativos, rasgando as resolu\u00e7\u00f5es de nossos congressos e nosso estatuto.<\/p>\n<p>Caso fosse vitorioso, esse projeto levaria a um partido muito diferente do PCB: um partido marcado pela guerra de tend\u00eancias internas, a filia\u00e7\u00e3o em massa, a indistin\u00e7\u00e3o entre membro e n\u00e3o-membro do partido. Partidos assim j\u00e1 existem por a\u00ed! Queremos que o PCB se torne um deles?<\/p>\n<p>Os militantes dos coletivos que ainda n\u00e3o foram recrutados para nossas c\u00e9lulas ter\u00e3o o momento certo de participar das tomadas de decis\u00e3o sobre a pol\u00edtica do PCB, ou seja, quando se tornarem militantes do PCB. Agora \u00e9 hora de todas e todos, militantes do PCB e dos Coletivos, defendermos o nosso partido dessa tentativa de golpe, que aponta claramente para a liquida\u00e7\u00e3o do PCB que conhecemos.<\/p>\n<p>A Reconstru\u00e7\u00e3o Revolucion\u00e1ria do PCB \u00e9 fruto de esfor\u00e7o e imensa dedica\u00e7\u00e3o de mulheres, homens, jovens, idosos, negras, camaradas de diferentes orienta\u00e7\u00f5es sexuais, uns mais experientes e outros menos experimentados, enfim: ela \u00e9 fruto de cada um\/a de n\u00f3s, da dire\u00e7\u00e3o \u00e0 base do Partido, ao longo dos \u00faltimos trinta anos. Temos a responsabilidade hist\u00f3rica de n\u00e3o permitir que esse processo seja agora interrompido por quem n\u00e3o se mostra \u00e0 altura do desafio de constru\u00ed-lo coletivamente, desrespeitando a diversidade e os espa\u00e7os democr\u00e1ticos de nosso Partido. Estes espa\u00e7os devem sempre ser aperfei\u00e7oados, mas temos total clareza de que a lava\u00e7\u00e3o de roupa suja em redes sociais n\u00e3o \u00e9 o caminho para esse aperfei\u00e7oamento.<\/p>\n<p>\u00c9 hora de o coletivo dirigente assumir seu papel hist\u00f3rico: acompanhar os CRs, Coletivos partid\u00e1rios e Fra\u00e7\u00f5es nacionais. Dialogar com militantes do Partido e dos nossos Coletivos, simpatizantes e aliados, orientar internamente o trabalho do nosso Partido e defender nossa organiza\u00e7\u00e3o e seus m\u00e9todos de trabalho. Apesar das provoca\u00e7\u00f5es, n\u00e3o sairemos das batalhas das lutas de classes para nos submetermos ao modo de funcionamento das redes sociais, que n\u00e3o \u00e9 controlado por n\u00f3s e refor\u00e7a enormemente o individualismo. Esse grupo est\u00e1 buscando dividir o Partido, mas ser\u00e1 derrotado como foram todas as tentativas realizadas no passado.<\/p>\n<p>Nossa linha pol\u00edtica \u00e9 um imenso patrim\u00f4nio da revolu\u00e7\u00e3o brasileira. A nossa t\u00e1tica est\u00e1 submetida ao projeto estrat\u00e9gico da Reconstru\u00e7\u00e3o Revolucion\u00e1ria do PCB, sem etapismo, sem subordina\u00e7\u00e3o aos governos de plant\u00e3o, com o firme prop\u00f3sito de lutar em campo aberto pelo projeto de reorganiza\u00e7\u00e3o da classe trabalhadora, com a a\u00e7\u00e3o de combate contra a ordem capitalista e suas opress\u00f5es, com o nosso reiterado compromisso hist\u00f3rico em defesa do socialismo e do internacionalismo prolet\u00e1rio. Estaremos firmes na defesa do Partido e seus m\u00e9todos de trabalho, sempre lutando pela emancipa\u00e7\u00e3o da classe trabalhadora.<\/p>\n<p>Seguiremos resolutos, com convic\u00e7\u00e3o e firmeza ideol\u00f3gica para combater o liquidacionismo e avan\u00e7ar na luta da nossa classe.<\/p>\n<p>Fomos, somos e seremos comunistas!<\/p>\n<p>Edmilson Costa, Secret\u00e1rio Geral do Partido Comunista Brasileiro (PCB)<\/p>\n","protected":false},"excerpt":{"rendered":"<a class=\"moretag\" href=\"https:\/\/pcb.org.br\/portal2\/30654\"> <\/a>","protected":false},"author":8,"featured_media":0,"comment_status":"closed","ping_status":"closed","sticky":false,"template":"","format":"standard","meta":{"jetpack_post_was_ever_published":false,"_jetpack_newsletter_access":"","_jetpack_dont_email_post_to_subs":false,"_jetpack_newsletter_tier_id":0,"_jetpack_memberships_contains_paywalled_content":false,"_jetpack_memberships_contains_paid_content":false,"footnotes":"","jetpack_publicize_message":"","jetpack_publicize_feature_enabled":true,"jetpack_social_post_already_shared":true,"jetpack_social_options":{"image_generator_settings":{"template":"highway","default_image_id":0,"font":"","enabled":false},"version":2}},"categories":[26,383],"tags":[219,246],"class_list":["post-30654","post","type-post","status-publish","format-standard","hentry","category-c25-notas-politicas-do-pcb","category-pronunciamentos-da-secretaria-geral","tag-manchete","tag-np"],"jetpack_publicize_connections":[],"jetpack_featured_media_url":"","jetpack_shortlink":"https:\/\/wp.me\/p659gw-7Yq","jetpack-related-posts":[],"jetpack_likes_enabled":true,"jetpack_sharing_enabled":true,"_links":{"self":[{"href":"https:\/\/pcb.org.br\/portal2\/wp-json\/wp\/v2\/posts\/30654","targetHints":{"allow":["GET"]}}],"collection":[{"href":"https:\/\/pcb.org.br\/portal2\/wp-json\/wp\/v2\/posts"}],"about":[{"href":"https:\/\/pcb.org.br\/portal2\/wp-json\/wp\/v2\/types\/post"}],"author":[{"embeddable":true,"href":"https:\/\/pcb.org.br\/portal2\/wp-json\/wp\/v2\/users\/8"}],"replies":[{"embeddable":true,"href":"https:\/\/pcb.org.br\/portal2\/wp-json\/wp\/v2\/comments?post=30654"}],"version-history":[{"count":1,"href":"https:\/\/pcb.org.br\/portal2\/wp-json\/wp\/v2\/posts\/30654\/revisions"}],"predecessor-version":[{"id":30656,"href":"https:\/\/pcb.org.br\/portal2\/wp-json\/wp\/v2\/posts\/30654\/revisions\/30656"}],"wp:attachment":[{"href":"https:\/\/pcb.org.br\/portal2\/wp-json\/wp\/v2\/media?parent=30654"}],"wp:term":[{"taxonomy":"category","embeddable":true,"href":"https:\/\/pcb.org.br\/portal2\/wp-json\/wp\/v2\/categories?post=30654"},{"taxonomy":"post_tag","embeddable":true,"href":"https:\/\/pcb.org.br\/portal2\/wp-json\/wp\/v2\/tags?post=30654"}],"curies":[{"name":"wp","href":"https:\/\/api.w.org\/{rel}","templated":true}]}}