{"id":30711,"date":"2023-08-10T16:23:00","date_gmt":"2023-08-10T19:23:00","guid":{"rendered":"https:\/\/pcb.org.br\/portal2\/?p=30711"},"modified":"2023-08-10T16:23:00","modified_gmt":"2023-08-10T19:23:00","slug":"paraguai-o-verdadeiro-nome-da-ditadura","status":"publish","type":"post","link":"https:\/\/pcb.org.br\/portal2\/30711","title":{"rendered":"Paraguai: o verdadeiro nome da ditadura"},"content":{"rendered":"<p><img data-recalc-dims=\"1\" loading=\"lazy\" decoding=\"async\" data-attachment-id=\"30712\" data-permalink=\"https:\/\/pcb.org.br\/portal2\/30711\/image11-5\" data-orig-file=\"https:\/\/i0.wp.com\/pcb.org.br\/portal2\/wp-content\/uploads\/2023\/08\/image11.png?fit=519%2C519&amp;ssl=1\" data-orig-size=\"519,519\" data-comments-opened=\"0\" data-image-meta=\"{&quot;aperture&quot;:&quot;0&quot;,&quot;credit&quot;:&quot;&quot;,&quot;camera&quot;:&quot;&quot;,&quot;caption&quot;:&quot;&quot;,&quot;created_timestamp&quot;:&quot;0&quot;,&quot;copyright&quot;:&quot;&quot;,&quot;focal_length&quot;:&quot;0&quot;,&quot;iso&quot;:&quot;0&quot;,&quot;shutter_speed&quot;:&quot;0&quot;,&quot;title&quot;:&quot;&quot;,&quot;orientation&quot;:&quot;0&quot;}\" data-image-title=\"image(11)\" data-image-description=\"\" data-image-caption=\"\" data-large-file=\"https:\/\/i0.wp.com\/pcb.org.br\/portal2\/wp-content\/uploads\/2023\/08\/image11.png?fit=519%2C519&amp;ssl=1\" class=\"alignnone size-full wp-image-30712\" src=\"https:\/\/i0.wp.com\/pcb.org.br\/portal2\/wp-content\/uploads\/2023\/08\/image11.png?resize=519%2C519&#038;ssl=1\" alt=\"\" width=\"519\" height=\"519\" srcset=\"https:\/\/i0.wp.com\/pcb.org.br\/portal2\/wp-content\/uploads\/2023\/08\/image11.png?w=519&amp;ssl=1 519w, https:\/\/i0.wp.com\/pcb.org.br\/portal2\/wp-content\/uploads\/2023\/08\/image11.png?resize=300%2C300&amp;ssl=1 300w, https:\/\/i0.wp.com\/pcb.org.br\/portal2\/wp-content\/uploads\/2023\/08\/image11.png?resize=150%2C150&amp;ssl=1 150w\" sizes=\"auto, (max-width: 519px) 100vw, 519px\" \/><!--more--><\/p>\n<p>An\u00e1lise | Por John Sherrard<\/p>\n<p>Adelante! &#8211; Jornal do Partido Comunista Paraguaio<\/p>\n<p>Em artigo anterior, discuti a presen\u00e7a hist\u00f3rica de grupos de extrema-direita no Paraguai ao longo do s\u00e9culo XX, bem como sua liga\u00e7\u00e3o com atividades criminosas. Esses acontecimentos configuraram a posi\u00e7\u00e3o do Paraguai como um n\u00e3o-lugar na ordem internacional, que vigora at\u00e9 hoje, constituindo-se como um ref\u00fagio na Am\u00e9rica Latina para o crime, a delinqu\u00eancia, a ultradireita e o imperialismo.<\/p>\n<p>De 1947 at\u00e9 hoje, o regime colorado foi se consolidando cada vez mais profundamente e hoje, mais do que nunca, depois de 03 de fevereiro de 1989, quase n\u00e3o encontra espa\u00e7o para a oposi\u00e7\u00e3o. O Paraguai est\u00e1 em uma eterna transi\u00e7\u00e3o para uma democracia que nunca d\u00e1 sinais de chegar. Talvez porque at\u00e9 agora a \u00faltima ditadura n\u00e3o tenha sido capaz de ser nomeada adequadamente em voz alta.<\/p>\n<p>A indigna\u00e7\u00e3o de in\u00fameras pessoas ligadas ao campo da cultura e das artes para com os herdeiros do stroessenismo \u2014que usam sua fam\u00edlia e seu capital social para se beneficiar dos j\u00e1 escassos aux\u00edlios p\u00fablicos\u2014 nos mostra que existem lacunas de consci\u00eancia quanto ao verdadeiro nome da ditadura.<\/p>\n<p>A ditadura de Stroessner foi uma ditadura civil-militar, na qual o aspecto civil foi convenientemente omitido e hoje persiste na figura dos \u201cherdeiros\u201d.<\/p>\n<p>\u201cSe algo perturba a mem\u00f3ria da ditadura, que a sociedade argentina tem sustentado com tanta tenacidade, \u00e9 a constata\u00e7\u00e3o de que n\u00e3o foi um evento meramente militar\u201d, diz ao ElDiarioAR o historiador argentino Ezequiel Adamovsky. Sobre o Paraguai, o historiador Fernando Mart\u00ednez Escobar afirma no El Nacional: \u201ca ditadura de Stroessner foi civil-militar, n\u00e3o foi uma ditadura apoiada apenas pelos militares, mas tamb\u00e9m teve um importante bra\u00e7o pol\u00edtico civil\u201d.<\/p>\n<p>Hoje os militares e a pol\u00edcia n\u00e3o mandam mais. O bra\u00e7o militar da ditadura caiu, for\u00e7ado pelo fim da Guerra Fria. No entanto, o bra\u00e7o civil da ditadura de Stroessner permanece intacto; exibe ainda hoje mais vitalidade do que nunca, agora renovada com novas gera\u00e7\u00f5es de herdeiros que comp\u00f5em uma classe aristocr\u00e1tica semelhante \u00e0 nobreza europeia.<\/p>\n<p>A esse respeito, \u00e9 obrigat\u00f3ria a leitura das investiga\u00e7\u00f5es de An\u00edbal Miranda e Idilio M\u00e9ndez Grimaldi, com nomes e sobrenomes dos que hoje det\u00eam &#8220;t\u00edtulos nobres&#8221; no Paraguai, pa\u00eds t\u00e3o profundamente desigual, compar\u00e1vel ao de uma sociedade medieval. \u201cEmpres\u00e1rios, a Igreja, v\u00e1rias figuras do liberalismo e boa parte da imprensa tiveram que lidar por d\u00e9cadas com seu inc\u00f4modo passado de colabora\u00e7\u00e3o\u201d, diz Adamovsky.<\/p>\n<p>Suas palavras se aplicam perfeitamente ao Paraguai, com um bra\u00e7o civil formado tamb\u00e9m por toda sorte de agentes de intelig\u00eancia, alcaguetes, contrabandistas, narcotraficantes, dentre outros criminosos e delinquentes. Atualmente, esse setor civil do regime tamb\u00e9m \u00e9 fortalecido pela presen\u00e7a dos \u201cherdeiros\u201d, descendentes dos repressores e usurpadores, que ostentam privil\u00e9gios escandalosos em um dos pa\u00edses mais pobres da Am\u00e9rica Latina.<\/p>\n<p>A ditadura de Stroessner foi uma ditadura civil-militar. Seus herdeiros ainda governam e, como se n\u00e3o bastasse, alguns se dedicam \u00e0s artes e ganham bolsas de estudo, enquanto a maioria dos artistas vive dividida entre a fome, a mis\u00e9ria, a falta de assist\u00eancia m\u00e9dica e o apoio zero \u2014 como seria de se esperar em uma sociedade feudal estamental.<\/p>\n<p>Pode-se falar em democracia se n\u00e3o houver mem\u00f3ria, verdade, justi\u00e7a e repara\u00e7\u00e3o? Apontar o \u00f3bvio \u00e9 um exerc\u00edcio necess\u00e1rio onde reina o sil\u00eancio.<\/p>\n<p>Ilustra\u00e7\u00e3o do in\u00edcio: Avante!<\/p>\n","protected":false},"excerpt":{"rendered":"<a class=\"moretag\" href=\"https:\/\/pcb.org.br\/portal2\/30711\"> <\/a>","protected":false},"author":8,"featured_media":0,"comment_status":"closed","ping_status":"closed","sticky":false,"template":"","format":"standard","meta":{"jetpack_post_was_ever_published":false,"_jetpack_newsletter_access":"","_jetpack_dont_email_post_to_subs":false,"_jetpack_newsletter_tier_id":0,"_jetpack_memberships_contains_paywalled_content":false,"_jetpack_memberships_contains_paid_content":false,"footnotes":"","jetpack_publicize_message":"","jetpack_publicize_feature_enabled":true,"jetpack_social_post_already_shared":true,"jetpack_social_options":{"image_generator_settings":{"template":"highway","default_image_id":0,"font":"","enabled":false},"version":2}},"categories":[242,9,75,35,36],"tags":[228],"class_list":["post-30711","post","type-post","status-publish","format-standard","hentry","category-eipco","category-s10-internacional","category-c88-internacionalismo","category-c40-paraguai","category-c41-unidade-comunista","tag-5b"],"jetpack_publicize_connections":[],"jetpack_featured_media_url":"","jetpack_shortlink":"https:\/\/wp.me\/p659gw-7Zl","jetpack-related-posts":[],"jetpack_likes_enabled":true,"jetpack_sharing_enabled":true,"_links":{"self":[{"href":"https:\/\/pcb.org.br\/portal2\/wp-json\/wp\/v2\/posts\/30711","targetHints":{"allow":["GET"]}}],"collection":[{"href":"https:\/\/pcb.org.br\/portal2\/wp-json\/wp\/v2\/posts"}],"about":[{"href":"https:\/\/pcb.org.br\/portal2\/wp-json\/wp\/v2\/types\/post"}],"author":[{"embeddable":true,"href":"https:\/\/pcb.org.br\/portal2\/wp-json\/wp\/v2\/users\/8"}],"replies":[{"embeddable":true,"href":"https:\/\/pcb.org.br\/portal2\/wp-json\/wp\/v2\/comments?post=30711"}],"version-history":[{"count":1,"href":"https:\/\/pcb.org.br\/portal2\/wp-json\/wp\/v2\/posts\/30711\/revisions"}],"predecessor-version":[{"id":30713,"href":"https:\/\/pcb.org.br\/portal2\/wp-json\/wp\/v2\/posts\/30711\/revisions\/30713"}],"wp:attachment":[{"href":"https:\/\/pcb.org.br\/portal2\/wp-json\/wp\/v2\/media?parent=30711"}],"wp:term":[{"taxonomy":"category","embeddable":true,"href":"https:\/\/pcb.org.br\/portal2\/wp-json\/wp\/v2\/categories?post=30711"},{"taxonomy":"post_tag","embeddable":true,"href":"https:\/\/pcb.org.br\/portal2\/wp-json\/wp\/v2\/tags?post=30711"}],"curies":[{"name":"wp","href":"https:\/\/api.w.org\/{rel}","templated":true}]}}