{"id":30721,"date":"2023-08-11T19:08:01","date_gmt":"2023-08-11T22:08:01","guid":{"rendered":"https:\/\/pcb.org.br\/portal2\/?p=30721"},"modified":"2023-08-11T19:08:01","modified_gmt":"2023-08-11T22:08:01","slug":"nota-do-pcb-rn-em-defesa-do-pcb","status":"publish","type":"post","link":"https:\/\/pcb.org.br\/portal2\/30721","title":{"rendered":"Nota do PCB\/RN: em defesa do PCB!"},"content":{"rendered":"<p><img data-recalc-dims=\"1\" loading=\"lazy\" decoding=\"async\" data-attachment-id=\"30722\" data-permalink=\"https:\/\/pcb.org.br\/portal2\/30721\/366494605_678383060999077_4549429414716287148_n\" data-orig-file=\"https:\/\/i0.wp.com\/pcb.org.br\/portal2\/wp-content\/uploads\/2023\/08\/366494605_678383060999077_4549429414716287148_n.jpg?fit=526%2C526&amp;ssl=1\" data-orig-size=\"526,526\" data-comments-opened=\"0\" data-image-meta=\"{&quot;aperture&quot;:&quot;0&quot;,&quot;credit&quot;:&quot;&quot;,&quot;camera&quot;:&quot;&quot;,&quot;caption&quot;:&quot;&quot;,&quot;created_timestamp&quot;:&quot;0&quot;,&quot;copyright&quot;:&quot;&quot;,&quot;focal_length&quot;:&quot;0&quot;,&quot;iso&quot;:&quot;0&quot;,&quot;shutter_speed&quot;:&quot;0&quot;,&quot;title&quot;:&quot;&quot;,&quot;orientation&quot;:&quot;0&quot;}\" data-image-title=\"366494605_678383060999077_4549429414716287148_n\" data-image-description=\"\" data-image-caption=\"\" data-large-file=\"https:\/\/i0.wp.com\/pcb.org.br\/portal2\/wp-content\/uploads\/2023\/08\/366494605_678383060999077_4549429414716287148_n.jpg?fit=526%2C526&amp;ssl=1\" class=\"alignnone size-full wp-image-30722\" src=\"https:\/\/i0.wp.com\/pcb.org.br\/portal2\/wp-content\/uploads\/2023\/08\/366494605_678383060999077_4549429414716287148_n.jpg?resize=526%2C526&#038;ssl=1\" alt=\"\" width=\"526\" height=\"526\" srcset=\"https:\/\/i0.wp.com\/pcb.org.br\/portal2\/wp-content\/uploads\/2023\/08\/366494605_678383060999077_4549429414716287148_n.jpg?w=526&amp;ssl=1 526w, https:\/\/i0.wp.com\/pcb.org.br\/portal2\/wp-content\/uploads\/2023\/08\/366494605_678383060999077_4549429414716287148_n.jpg?resize=300%2C300&amp;ssl=1 300w, https:\/\/i0.wp.com\/pcb.org.br\/portal2\/wp-content\/uploads\/2023\/08\/366494605_678383060999077_4549429414716287148_n.jpg?resize=150%2C150&amp;ssl=1 150w\" sizes=\"auto, (max-width: 526px) 100vw, 526px\" \/><!--more--><\/p>\n<p>Diante de todo o conjunto de controv\u00e9rsias p\u00fablicas em que o Partido Comunista Brasileiro se viu envolvido, nacional e regionalmente, n\u00f3s do PCB no Rio Grande do Norte gostar\u00edamos de explicitar, para todos aqueles e todas aquelas que nos t\u00eam como uma refer\u00eancia pol\u00edtica, que recha\u00e7amos todas as formas de fracionismo.<\/p>\n<p>\u00c9 importante destacar que, a partir desse posicionamento, n\u00e3o estamos objetivando esconder a exist\u00eancia de problemas internos que precisam ser superados. Destacamos que o PCB\/RN vem, desde 2015, passando por um processo gradual de reconstru\u00e7\u00e3o que, como \u00e9 natural em todas essas din\u00e2micas, apresenta avan\u00e7os, limites e desafios. Contudo, mesmo diante destas limita\u00e7\u00f5es, o nosso direcionamento sempre foi pela busca de organicidade interna e de unidade na luta pol\u00edtica.<\/p>\n<p>Denunciamos a forma como alguns destes problemas est\u00e3o sendo publicamente divulgados. Essa maneira de tratar quest\u00f5es de tamanha import\u00e2ncia serve apenas para alimentar rupturas internas que, no fundo, se configura como uma estrat\u00e9gia pol\u00edtica para deslegitimar as atuais dire\u00e7\u00f5es do partido, que foram democraticamente constitu\u00eddas. Por isso que, mesmo ciente de todos os problemas que temos, e que certamente precisam ser corrigidos, nada justifica o ataque que algumas pessoas e grupos pol\u00edticos est\u00e3o publicamente realizando contra o partido.<\/p>\n<p>A presen\u00e7a de diverg\u00eancias e posicionamentos distintos dentro do nosso Partido representa uma qualidade positiva que, diferentemente do que algumas pessoas e grupos pol\u00edticos est\u00e3o divulgando, deve servir para fortalecer a nossa unidade interna. Nesse sentido, estamos ampliando os nossos esfor\u00e7os para que esta situa\u00e7\u00e3o seja corretamente apreciada e superada, isto \u00e9, dentro dos espa\u00e7os internos do partido e a partir das media\u00e7\u00f5es entre as nossas inst\u00e2ncias organizativas.<\/p>\n<p>O Partido Comunista Brasileiro no RN tem o compromisso de defender as inst\u00e2ncias do nosso partido, o nosso Estatuto e nossas Resolu\u00e7\u00f5es &#8211; que balizam nossa forma de organiza\u00e7\u00e3o e de atua\u00e7\u00e3o junto a classe trabalhadora e as camadas populares, pelo Poder Popular, no rumo do Socialismo e na perspectiva do Comunismo.<\/p>\n<p>Viva o Partid\u00e3o!<\/p>\n<p>FOMOS, SOMOS E SEREMOS COMUNISTAS!<\/p>\n","protected":false},"excerpt":{"rendered":"<a class=\"moretag\" href=\"https:\/\/pcb.org.br\/portal2\/30721\"> <\/a>","protected":false},"author":8,"featured_media":0,"comment_status":"closed","ping_status":"closed","sticky":false,"template":"","format":"standard","meta":{"jetpack_post_was_ever_published":false,"_jetpack_newsletter_access":"","_jetpack_dont_email_post_to_subs":false,"_jetpack_newsletter_tier_id":0,"_jetpack_memberships_contains_paywalled_content":false,"_jetpack_memberships_contains_paid_content":false,"footnotes":"","jetpack_publicize_message":"","jetpack_publicize_feature_enabled":true,"jetpack_social_post_already_shared":true,"jetpack_social_options":{"image_generator_settings":{"template":"highway","default_image_id":0,"font":"","enabled":false},"version":2}},"categories":[207,26],"tags":[222],"class_list":["post-30721","post","type-post","status-publish","format-standard","hentry","category-lutas-nos-estados","category-c25-notas-politicas-do-pcb","tag-2b"],"jetpack_publicize_connections":[],"jetpack_featured_media_url":"","jetpack_shortlink":"https:\/\/wp.me\/p659gw-7Zv","jetpack-related-posts":[],"jetpack_likes_enabled":true,"jetpack_sharing_enabled":true,"_links":{"self":[{"href":"https:\/\/pcb.org.br\/portal2\/wp-json\/wp\/v2\/posts\/30721","targetHints":{"allow":["GET"]}}],"collection":[{"href":"https:\/\/pcb.org.br\/portal2\/wp-json\/wp\/v2\/posts"}],"about":[{"href":"https:\/\/pcb.org.br\/portal2\/wp-json\/wp\/v2\/types\/post"}],"author":[{"embeddable":true,"href":"https:\/\/pcb.org.br\/portal2\/wp-json\/wp\/v2\/users\/8"}],"replies":[{"embeddable":true,"href":"https:\/\/pcb.org.br\/portal2\/wp-json\/wp\/v2\/comments?post=30721"}],"version-history":[{"count":1,"href":"https:\/\/pcb.org.br\/portal2\/wp-json\/wp\/v2\/posts\/30721\/revisions"}],"predecessor-version":[{"id":30723,"href":"https:\/\/pcb.org.br\/portal2\/wp-json\/wp\/v2\/posts\/30721\/revisions\/30723"}],"wp:attachment":[{"href":"https:\/\/pcb.org.br\/portal2\/wp-json\/wp\/v2\/media?parent=30721"}],"wp:term":[{"taxonomy":"category","embeddable":true,"href":"https:\/\/pcb.org.br\/portal2\/wp-json\/wp\/v2\/categories?post=30721"},{"taxonomy":"post_tag","embeddable":true,"href":"https:\/\/pcb.org.br\/portal2\/wp-json\/wp\/v2\/tags?post=30721"}],"curies":[{"name":"wp","href":"https:\/\/api.w.org\/{rel}","templated":true}]}}