{"id":30751,"date":"2023-08-18T12:29:18","date_gmt":"2023-08-18T15:29:18","guid":{"rendered":"https:\/\/pcb.org.br\/portal2\/?p=30751"},"modified":"2023-08-18T12:29:18","modified_gmt":"2023-08-18T15:29:18","slug":"pcb-ce-nota-politica-contra-o-fracionismo-e-em-defesa-do-pcb","status":"publish","type":"post","link":"https:\/\/pcb.org.br\/portal2\/30751","title":{"rendered":"PCB-CE: Nota Pol\u00edtica contra o fracionismo e em defesa do PCB"},"content":{"rendered":"<p><img data-recalc-dims=\"1\" loading=\"lazy\" decoding=\"async\" data-attachment-id=\"30752\" data-permalink=\"https:\/\/pcb.org.br\/portal2\/30751\/snapinsta-app_367939866_1707164786450476_5753769176074153192_n_1080\" data-orig-file=\"https:\/\/i0.wp.com\/pcb.org.br\/portal2\/wp-content\/uploads\/2023\/08\/Snapinsta.app_367939866_1707164786450476_5753769176074153192_n_1080.jpg?fit=1080%2C1350&amp;ssl=1\" data-orig-size=\"1080,1350\" data-comments-opened=\"0\" data-image-meta=\"{&quot;aperture&quot;:&quot;0&quot;,&quot;credit&quot;:&quot;&quot;,&quot;camera&quot;:&quot;&quot;,&quot;caption&quot;:&quot;&quot;,&quot;created_timestamp&quot;:&quot;0&quot;,&quot;copyright&quot;:&quot;&quot;,&quot;focal_length&quot;:&quot;0&quot;,&quot;iso&quot;:&quot;0&quot;,&quot;shutter_speed&quot;:&quot;0&quot;,&quot;title&quot;:&quot;&quot;,&quot;orientation&quot;:&quot;0&quot;}\" data-image-title=\"Snapinsta.app_367939866_1707164786450476_5753769176074153192_n_1080\" data-image-description=\"\" data-image-caption=\"\" data-large-file=\"https:\/\/i0.wp.com\/pcb.org.br\/portal2\/wp-content\/uploads\/2023\/08\/Snapinsta.app_367939866_1707164786450476_5753769176074153192_n_1080.jpg?fit=720%2C900&amp;ssl=1\" class=\"alignnone size-large wp-image-30752\" src=\"https:\/\/i0.wp.com\/pcb.org.br\/portal2\/wp-content\/uploads\/2023\/08\/Snapinsta.app_367939866_1707164786450476_5753769176074153192_n_1080.jpg?resize=720%2C900&#038;ssl=1\" alt=\"\" width=\"720\" height=\"900\" srcset=\"https:\/\/i0.wp.com\/pcb.org.br\/portal2\/wp-content\/uploads\/2023\/08\/Snapinsta.app_367939866_1707164786450476_5753769176074153192_n_1080.jpg?resize=720%2C900&amp;ssl=1 720w, https:\/\/i0.wp.com\/pcb.org.br\/portal2\/wp-content\/uploads\/2023\/08\/Snapinsta.app_367939866_1707164786450476_5753769176074153192_n_1080.jpg?resize=240%2C300&amp;ssl=1 240w, https:\/\/i0.wp.com\/pcb.org.br\/portal2\/wp-content\/uploads\/2023\/08\/Snapinsta.app_367939866_1707164786450476_5753769176074153192_n_1080.jpg?resize=768%2C960&amp;ssl=1 768w, https:\/\/i0.wp.com\/pcb.org.br\/portal2\/wp-content\/uploads\/2023\/08\/Snapinsta.app_367939866_1707164786450476_5753769176074153192_n_1080.jpg?w=1080&amp;ssl=1 1080w\" sizes=\"auto, (max-width: 720px) 100vw, 720px\" \/><!--more--><\/p>\n<p>O Comit\u00ea Regional do PCB no Cear\u00e1, em seu \u00faltimo pleno, realizado neste domingo (6), se debru\u00e7ou acerca da crise que assola o partido na atual conjuntura, diante do fracionismo declarado em um suposto manifesto cuja inten\u00e7\u00e3o \u00e9 disputar e confundir nossas bases, prevalecendo a tentativa de passar por cima das resolu\u00e7\u00f5es leg\u00edtimas do nosso XVI Congresso, mediante ataques ao Comit\u00ea Central e exposi\u00e7\u00e3o p\u00fablica da nossa vida interna.<\/p>\n<p>Diante desse cen\u00e1rio, o CR do Cear\u00e1 aprovou em unanimidade o rep\u00fadio \u00e0 convoca\u00e7\u00e3o do suposto &#8220;XVII Congresso Extraordin\u00e1rio do PCB&#8221;, agitado pela tend\u00eancia fracionista, por entendermos que se trata de uma tentativa golpista contra o XVI Congresso do partido. Nos preocupa vermos as movimenta\u00e7\u00f5es fracionistas atuarem atrav\u00e9s de plen\u00e1rias, indo em sentido contr\u00e1rio ao nosso modo de organiza\u00e7\u00e3o em c\u00e9lulas, bem como o desrespeito das resolu\u00e7\u00f5es acerca da rela\u00e7\u00e3o entre partido e seus coletivos.<\/p>\n<p>As cr\u00edticas \u00e0 condu\u00e7\u00e3o dos trabalhos de dire\u00e7\u00e3o, seja no CC ou nos CRs, devem ecoar nos espa\u00e7os leg\u00edtimos, buscando o convencimento coletivo para o crescimento da organiza\u00e7\u00e3o com qualidade e ousadia, refletindo os desafios do movimento comunista e revolucion\u00e1rio diante do quadro atual da conjuntura. Enquanto partido \u00e9 importante assumir para a milit\u00e2ncia que enfrentamos problemas organizativos e que as cr\u00edticas visando a supera\u00e7\u00e3o desses problemas s\u00e3o bem-vindas e necess\u00e1rias. Por\u00e9m, a pr\u00e1tica pol\u00edtica incentivada pelo fracionismo, al\u00e9m da inten\u00e7\u00e3o real de criar a desconfian\u00e7a e a desuni\u00e3o no seio do partido, estimula pr\u00e1ticas danosas \u00e0 milit\u00e2ncia, como a exposi\u00e7\u00e3o de e-mails, de mensagens de signal, de documentos internos, e at\u00e9 mesmo a exposi\u00e7\u00e3o pessoal de camaradas nas redes sociais. Combatemos firmemente essas pr\u00e1ticas pelo preju\u00edzo que causam, n\u00e3o apenas na vida interna partid\u00e1ria, mas tamb\u00e9m nos locais em que fazemos trabalho de base.<\/p>\n<p>O PCB no Cear\u00e1 expressa a unidade de a\u00e7\u00e3o do complexo partid\u00e1rio, ao ter em sua composi\u00e7\u00e3o oper\u00e1rios da constru\u00e7\u00e3o civil e da ind\u00fastria de cal\u00e7ados, lutadores do campo, estudantes, professores, homens, mulheres, negros e negras, LGBTQIA+ e diversos setores do mundo do trabalho. Essa diversidade entre a classe trabalhadora \u00e9 o que nos permitir\u00e1 avan\u00e7ar na unidade em defesa do partido, diante da tarefa hist\u00f3rica que temos de continuar nas ruas, locais de trabalho, de estudo e de moradia contra os ataques promovidos pela burguesia e pelo governo atual, bem como avan\u00e7ar na realiza\u00e7\u00e3o da nossa Conferencia Pol\u00edtica, conforme aprovada em resolu\u00e7\u00e3o do XVI Congresso.<\/p>\n<p>Enquanto inst\u00e2ncia intermedi\u00e1ria entre as c\u00e9lulas e o Comit\u00ea Central, o CR do Cear\u00e1 n\u00e3o medir\u00e1 esfor\u00e7os para garantir o correto debate interno no pr\u00f3ximo per\u00edodo, em conjunto com as Coordena\u00e7\u00f5es Estaduais dos nossos coletivos partid\u00e1rios, sem deixar de garantir a nossa presen\u00e7a nas diversas lutas da classe trabalhadora no Cear\u00e1, seja nos canteiros de obras, nas ocupa\u00e7\u00f5es e lutas por moradia, na luta contra o novo ensino m\u00e9dio e, mais adiante, no Grito dos Exclu\u00eddos.<\/p>\n<p>Assinam esta nota pol\u00edtica:<br \/>\nComit\u00ea Regional do PCB &#8211; Cear\u00e1<br \/>\nCoordena\u00e7\u00e3o Regional da UJC &#8211; Cear\u00e1<br \/>\nCoordena\u00e7\u00e3o Estadual da Unidade Classista<br \/>\nCoordena\u00e7\u00e3o Estadual do CFCAM &#8211; Cear\u00e1<br \/>\nCoordena\u00e7\u00e3o Estadual do CNMO &#8211; Cear\u00e1<br \/>\nCoordena\u00e7\u00e3o Estadual do Coletivo LGBT Comunista<\/p>\n","protected":false},"excerpt":{"rendered":"<a class=\"moretag\" href=\"https:\/\/pcb.org.br\/portal2\/30751\"> <\/a>","protected":false},"author":8,"featured_media":0,"comment_status":"closed","ping_status":"closed","sticky":false,"template":"","format":"standard","meta":{"jetpack_post_was_ever_published":false,"_jetpack_newsletter_access":"","_jetpack_dont_email_post_to_subs":false,"_jetpack_newsletter_tier_id":0,"_jetpack_memberships_contains_paywalled_content":false,"_jetpack_memberships_contains_paid_content":false,"footnotes":"","jetpack_publicize_message":"","jetpack_publicize_feature_enabled":true,"jetpack_social_post_already_shared":true,"jetpack_social_options":{"image_generator_settings":{"template":"highway","default_image_id":0,"font":"","enabled":false},"version":2}},"categories":[26],"tags":[223],"class_list":["post-30751","post","type-post","status-publish","format-standard","hentry","category-c25-notas-politicas-do-pcb","tag-3a"],"jetpack_publicize_connections":[],"jetpack_featured_media_url":"","jetpack_shortlink":"https:\/\/wp.me\/p659gw-7ZZ","jetpack-related-posts":[],"jetpack_likes_enabled":true,"jetpack_sharing_enabled":true,"_links":{"self":[{"href":"https:\/\/pcb.org.br\/portal2\/wp-json\/wp\/v2\/posts\/30751","targetHints":{"allow":["GET"]}}],"collection":[{"href":"https:\/\/pcb.org.br\/portal2\/wp-json\/wp\/v2\/posts"}],"about":[{"href":"https:\/\/pcb.org.br\/portal2\/wp-json\/wp\/v2\/types\/post"}],"author":[{"embeddable":true,"href":"https:\/\/pcb.org.br\/portal2\/wp-json\/wp\/v2\/users\/8"}],"replies":[{"embeddable":true,"href":"https:\/\/pcb.org.br\/portal2\/wp-json\/wp\/v2\/comments?post=30751"}],"version-history":[{"count":1,"href":"https:\/\/pcb.org.br\/portal2\/wp-json\/wp\/v2\/posts\/30751\/revisions"}],"predecessor-version":[{"id":30753,"href":"https:\/\/pcb.org.br\/portal2\/wp-json\/wp\/v2\/posts\/30751\/revisions\/30753"}],"wp:attachment":[{"href":"https:\/\/pcb.org.br\/portal2\/wp-json\/wp\/v2\/media?parent=30751"}],"wp:term":[{"taxonomy":"category","embeddable":true,"href":"https:\/\/pcb.org.br\/portal2\/wp-json\/wp\/v2\/categories?post=30751"},{"taxonomy":"post_tag","embeddable":true,"href":"https:\/\/pcb.org.br\/portal2\/wp-json\/wp\/v2\/tags?post=30751"}],"curies":[{"name":"wp","href":"https:\/\/api.w.org\/{rel}","templated":true}]}}