{"id":30754,"date":"2023-08-20T19:40:22","date_gmt":"2023-08-20T22:40:22","guid":{"rendered":"https:\/\/pcb.org.br\/portal2\/?p=30754"},"modified":"2023-08-20T19:44:31","modified_gmt":"2023-08-20T22:44:31","slug":"nota-politica-do-pcb-de-mato-grosso","status":"publish","type":"post","link":"https:\/\/pcb.org.br\/portal2\/30754","title":{"rendered":"Nota Pol\u00edtica do PCB de Mato Grosso"},"content":{"rendered":"<p><img data-recalc-dims=\"1\" loading=\"lazy\" decoding=\"async\" data-attachment-id=\"30760\" data-permalink=\"https:\/\/pcb.org.br\/portal2\/30754\/img_20230818_170651_952\" data-orig-file=\"https:\/\/i0.wp.com\/pcb.org.br\/portal2\/wp-content\/uploads\/2023\/08\/IMG_20230818_170651_952.jpg?fit=1080%2C1080&amp;ssl=1\" data-orig-size=\"1080,1080\" data-comments-opened=\"0\" data-image-meta=\"{&quot;aperture&quot;:&quot;0&quot;,&quot;credit&quot;:&quot;&quot;,&quot;camera&quot;:&quot;&quot;,&quot;caption&quot;:&quot;&quot;,&quot;created_timestamp&quot;:&quot;0&quot;,&quot;copyright&quot;:&quot;&quot;,&quot;focal_length&quot;:&quot;0&quot;,&quot;iso&quot;:&quot;0&quot;,&quot;shutter_speed&quot;:&quot;0&quot;,&quot;title&quot;:&quot;&quot;,&quot;orientation&quot;:&quot;0&quot;}\" data-image-title=\"IMG_20230818_170651_952\" data-image-description=\"\" data-image-caption=\"\" data-large-file=\"https:\/\/i0.wp.com\/pcb.org.br\/portal2\/wp-content\/uploads\/2023\/08\/IMG_20230818_170651_952.jpg?fit=747%2C747&amp;ssl=1\" class=\"alignnone size-large wp-image-30760\" src=\"https:\/\/i0.wp.com\/pcb.org.br\/portal2\/wp-content\/uploads\/2023\/08\/IMG_20230818_170651_952.jpg?resize=747%2C747&#038;ssl=1\" alt=\"\" width=\"747\" height=\"747\" srcset=\"https:\/\/i0.wp.com\/pcb.org.br\/portal2\/wp-content\/uploads\/2023\/08\/IMG_20230818_170651_952.jpg?resize=900%2C900&amp;ssl=1 900w, https:\/\/i0.wp.com\/pcb.org.br\/portal2\/wp-content\/uploads\/2023\/08\/IMG_20230818_170651_952.jpg?resize=300%2C300&amp;ssl=1 300w, https:\/\/i0.wp.com\/pcb.org.br\/portal2\/wp-content\/uploads\/2023\/08\/IMG_20230818_170651_952.jpg?resize=150%2C150&amp;ssl=1 150w, https:\/\/i0.wp.com\/pcb.org.br\/portal2\/wp-content\/uploads\/2023\/08\/IMG_20230818_170651_952.jpg?resize=768%2C768&amp;ssl=1 768w, https:\/\/i0.wp.com\/pcb.org.br\/portal2\/wp-content\/uploads\/2023\/08\/IMG_20230818_170651_952.jpg?w=1080&amp;ssl=1 1080w\" sizes=\"auto, (max-width: 747px) 100vw, 747px\" \/><\/p>\n<p><!--more--><\/p>\n<p>Estou preso \u00e0 vida e olho meus companheiros.<br \/>\nEst\u00e3o taciturnos, mas nutrem grandes esperan\u00e7as.<br \/>\nEntre eles, considero a enorme realidade.<br \/>\nO presente \u00e9 t\u00e3o grande, n\u00e3o nos afastemos.<br \/>\nN\u00e3o nos afastemos muito, vamos de m\u00e3os dadas<\/p>\n<p>Carlos Drummond de Andrade<\/p>\n<p>Depois de quase centen\u00e1ria hist\u00f3ria nas lutas centrais da nossa classe, o Partido Comunista Brasileiro foi reorganizado em terras matogrossenses em 2015. De l\u00e1 pra c\u00e1, mesmo com muitas dificuldades, temos nos dedicado diariamente \u00e0 consolida\u00e7\u00e3o desse operador pol\u00edtico que consideramos fundamental, mesmo que n\u00e3o \u00fanico, para a constru\u00e7\u00e3o do Poder Popular e da revolu\u00e7\u00e3o socialista brasileira, pelo seu programa e por sua forma organizativa. Fazemos, assim, parte do trabalho coletivo de Reconstru\u00e7\u00e3o Revolucion\u00e1ria dos comunistas brasileiros, que j\u00e1 h\u00e1 mais de tr\u00eas d\u00e9cadas \u00e9 materializado por milhares de camaradas em todo o pa\u00eds.<\/p>\n<p>Dada a crise que se instaurou em nosso Partido, com den\u00fancias e ataques externos, al\u00e9m de debates organizativos levantados nas redes sociais, vimos reafirmar nossa convic\u00e7\u00e3o na constru\u00e7\u00e3o coletiva do PCB, suas inst\u00e2ncias, sua juventude, a UJC, sua corrente sindical, a Unidade Classista, e seus coletivos, LGBT Comunista, CFCAM e CMNO.<\/p>\n<p>Tal crise \u00e9 produzida pela a\u00e7\u00e3o irrespons\u00e1vel de um grupo que se constituiu enquanto fra\u00e7\u00e3o dentro do Partido e que operou investidas articuladas contra as dire\u00e7\u00f5es, a milit\u00e2ncia e a forma organizativa do PCB. Est\u00e1 mais do que claro que se consolida um processo de cria\u00e7\u00e3o de uma nova organiza\u00e7\u00e3o por parte desse grupo fracionista, que advoga para si a legitimidade de continuadores do PCB e orienta todos aqueles que t\u00eam acordo com a sua nova proposta a avan\u00e7\u00e1-la internamente em todas as nossas inst\u00e2ncias, al\u00e9m da pr\u00f3pria disputa externa, que transita sem muito esfor\u00e7o da cr\u00edtica \u00e0 exposi\u00e7\u00e3o de camaradas, seus nomes e fotos, empreendendo a esses um sem n\u00famero de ataques pessoais.<\/p>\n<p>Tudo isso enquanto nossos inimigos de classe assistem de camarote e tomam nota. Essa tentativa de tomar de assalto as nossas inst\u00e2ncias internas e os nossos coletivos nos parece um oportunismo inaceit\u00e1vel e que j\u00e1 mancha de in\u00edcio tal iniciativa. A palavra de ordem de um \u201cXVII Congresso (extraordin\u00e1rio) do PCB\u201d tem por meta confundir e ocultar da milit\u00e2ncia que se trata do Congresso de uma outra organiza\u00e7\u00e3o pol\u00edtica. \u00c9 a viola\u00e7\u00e3o da unidade encoberta com gritos de unidade!<\/p>\n<p>N\u00e3o temos d\u00favidas dos nossos problemas, os conhecemos muito bem e temos buscado solu\u00e7\u00f5es no trabalho coletivo e no tempo que esse trabalho exige. A despeito disso, do mesmo modo que n\u00e3o operamos a partir da romantiza\u00e7\u00e3o de um partido que faz sua pol\u00edtica cotidiana em confronto com o real e suas contradi\u00e7\u00f5es, tamb\u00e9m n\u00e3o trabalhamos com simplifica\u00e7\u00f5es baratas que demonizam camaradas e os exp\u00f5em publicamente, incentivando o seu \u201clinchamento virtual\u201d em uma cruzada abertamente fratricida e autof\u00e1gica.<\/p>\n<p>Tamb\u00e9m n\u00e3o nos parece plaus\u00edvel a afirma\u00e7\u00e3o dos fracionistas de que n\u00e3o havia qualquer possibilidade para debate interno sobre as quest\u00f5es que eles julgam centrais e que motivam seu rompimento e seus ataques p\u00fablicos, haja vista que muitos desses ocupavam espa\u00e7os de dire\u00e7\u00e3o no Comit\u00ea Central de nosso Partido, nos nossos coletivos e em muitos Comit\u00eas Regionais, al\u00e9m dos espa\u00e7os de c\u00e9lulas, que n\u00e3o devem ser menosprezadas em um partido realmente leninista. N\u00e3o \u00e9 preciso um esfor\u00e7o muito grande, tampouco um acesso privilegiado, para saber que tais inst\u00e2ncias n\u00e3o foram esgotadas, se \u00e9 que elas sequer foram suficientemente provocadas sobre tais quest\u00f5es.<\/p>\n<p>As acusa\u00e7\u00f5es de que o Comit\u00ea Central ou a Comiss\u00e3o Pol\u00edtica Nacional se transformaram em uma fra\u00e7\u00e3o tamb\u00e9m nos parece agredir a verdade, tendo em vista que s\u00e3o inst\u00e2ncias democraticamente eleitas a partir do nosso m\u00e9todo organizativo, aprovado em nossos Congressos, do mesmo modo que foram muitos desses que hoje se lan\u00e7am contra o CC. Cabe a cada inst\u00e2ncia ponderar constantemente n\u00e3o s\u00f3 sobre a sua atua\u00e7\u00e3o, mas sobre o funcionamento de todo o Partido, fazendo o necess\u00e1rio debate interno. Contudo, isso n\u00e3o justifica que camaradas com posi\u00e7\u00f5es minorit\u00e1rias em suas inst\u00e2ncias se sintam confort\u00e1veis para ferir nossa forma organizativa. \u00c9 preciso fortalecer a compreens\u00e3o de que as dire\u00e7\u00f5es partid\u00e1rias s\u00e3o tarefas militantes e, como tais, n\u00e3o s\u00e3o compat\u00edveis com seu uso enquanto vitrines de constru\u00e7\u00e3o personalista.<\/p>\n<p>Tampouco coadunamos com a acusa\u00e7\u00e3o \u2013 central na argumenta\u00e7\u00e3o do grupo fracionista \u2013 de que as Resolu\u00e7\u00f5es do XVI Congresso Nacional do PCB estejam sendo feridas pelo seu corpo diretivo. As acusa\u00e7\u00f5es de desvios apresentadas n\u00e3o s\u00f3 n\u00e3o se sustentam \u2013 a despeito dos problemas existentes \u2013, como parecem bastante secund\u00e1rias diante dos efeitos da crise aberta em nossa organiza\u00e7\u00e3o. Ou seja, ao fim e ao cabo, trata-se de uma disputa de dire\u00e7\u00e3o bastante esvaziada de programa pol\u00edtico alternativo, e por meios absolutamente conden\u00e1veis.<\/p>\n<p>Como j\u00e1 falamos, ainda temos bastante no que avan\u00e7ar, por exemplo: na profissionaliza\u00e7\u00e3o da nossa atua\u00e7\u00e3o; na inser\u00e7\u00e3o em setores estrat\u00e9gicos; na rela\u00e7\u00e3o entre dire\u00e7\u00f5es e bases; no espa\u00e7o interno de debates (que \u00e9 falho, mas existente); na regulamenta\u00e7\u00e3o mais clara de processos disciplinares e de apura\u00e7\u00e3o de den\u00fancias, em especial de ass\u00e9dios etc. A nosso ver, esses s\u00e3o problemas que se tornam mais salientes no momento de crise que passamos no Brasil, no confronto com o nosso crescimento enquanto organiza\u00e7\u00e3o e dos novos ac\u00famulos pol\u00edticos que tivemos nas \u00faltimas d\u00e9cadas. S\u00e3o esses ac\u00famulos que, em grande medida, nos fazem avan\u00e7ar e fazem avan\u00e7ar a luta dos trabalhadores e trabalhadoras brasileiras, ao mesmo tempo em que explicitam as limita\u00e7\u00f5es t\u00e1ticas com as quais devemos lidar cotidianamente, e as quais devem ser superadas coletivamente.<\/p>\n<p>Se por um lado n\u00e3o podemos, mecanicamente, associar toda essa crise \u00e0 conjuntura geral, por outro lado, \u00e9 ineg\u00e1vel que vivemos tempos de duras derrotas da nossa classe, no mundo e no Brasil, e que isso reverbera em crises em nossas organiza\u00e7\u00f5es. Parece-nos certo tamb\u00e9m que a velocidade da atua\u00e7\u00e3o individual e individualizante nas redes sociais, que s\u00e3o de propriedade e dominadas pelo capital monopolista, tem pressionado nossas organiza\u00e7\u00f5es, eliminando o tempo do debate coletivo e, com frequ\u00eancia, pautando nossa aten\u00e7\u00e3o, quando n\u00e3o a nossa atua\u00e7\u00e3o. \u00c9 fundamental para qualquer organiza\u00e7\u00e3o comunista fazer a disputa, na medida do poss\u00edvel, desses espa\u00e7os. Mas temos que reconhecer que s\u00e3o grandes e, muitas vezes, incontorn\u00e1veis seus limites.<\/p>\n<p>Apenas com a manuten\u00e7\u00e3o da nossa tradi\u00e7\u00e3o de democracia no debate interno e unidade na a\u00e7\u00e3o \u00e9 que poderemos lidar de forma acertada com esses e tantos outros desafios que o tempo presente nos imp\u00f5e. E uma coisa \u00e9 certa: n\u00e3o avan\u00e7aremos no aprofundamento da nossa pol\u00edtica no seio da nossa classe, tampouco avan\u00e7aremos no aprimoramento desse centen\u00e1rio operador revolucion\u00e1rio, se nos deixarmos ser pautados pela urg\u00eancia fabricada, pela pol\u00eamica instrumentalizada, pelo m\u00e9todo oportunista, por uma pol\u00edtica personalista e pelo golpismo como ferramenta de resolu\u00e7\u00e3o de disputas.<\/p>\n<p>Seguiremos no PCB porque lugar de comunista \u00e9 no Partido Comunista. A hist\u00f3ria e o triunfo da nossa classe dir\u00e3o o lugar dos oportunistas.<\/p>\n<p>Fomos, somos e seremos comunistas!<\/p>\n<p>Em defesa do PCB!<br \/>\nPelo Poder Popular!<br \/>\nRumo ao socialismo!<\/p>\n<p>Comit\u00ea Regional do Partido Comunista Brasileiro em Mato Grosso<\/p>\n<p>15 de agosto de 2023<\/p>\n","protected":false},"excerpt":{"rendered":"<a class=\"moretag\" href=\"https:\/\/pcb.org.br\/portal2\/30754\"> <\/a>","protected":false},"author":8,"featured_media":0,"comment_status":"closed","ping_status":"closed","sticky":false,"template":"","format":"standard","meta":{"jetpack_post_was_ever_published":false,"_jetpack_newsletter_access":"","_jetpack_dont_email_post_to_subs":false,"_jetpack_newsletter_tier_id":0,"_jetpack_memberships_contains_paywalled_content":false,"_jetpack_memberships_contains_paid_content":false,"footnotes":"","jetpack_publicize_message":"","jetpack_publicize_feature_enabled":true,"jetpack_social_post_already_shared":true,"jetpack_social_options":{"image_generator_settings":{"template":"highway","default_image_id":0,"font":"","enabled":false},"version":2}},"categories":[26],"tags":[225],"class_list":["post-30754","post","type-post","status-publish","format-standard","hentry","category-c25-notas-politicas-do-pcb","tag-4a"],"jetpack_publicize_connections":[],"jetpack_featured_media_url":"","jetpack_shortlink":"https:\/\/wp.me\/p659gw-802","jetpack-related-posts":[],"jetpack_likes_enabled":true,"jetpack_sharing_enabled":true,"_links":{"self":[{"href":"https:\/\/pcb.org.br\/portal2\/wp-json\/wp\/v2\/posts\/30754","targetHints":{"allow":["GET"]}}],"collection":[{"href":"https:\/\/pcb.org.br\/portal2\/wp-json\/wp\/v2\/posts"}],"about":[{"href":"https:\/\/pcb.org.br\/portal2\/wp-json\/wp\/v2\/types\/post"}],"author":[{"embeddable":true,"href":"https:\/\/pcb.org.br\/portal2\/wp-json\/wp\/v2\/users\/8"}],"replies":[{"embeddable":true,"href":"https:\/\/pcb.org.br\/portal2\/wp-json\/wp\/v2\/comments?post=30754"}],"version-history":[{"count":2,"href":"https:\/\/pcb.org.br\/portal2\/wp-json\/wp\/v2\/posts\/30754\/revisions"}],"predecessor-version":[{"id":30761,"href":"https:\/\/pcb.org.br\/portal2\/wp-json\/wp\/v2\/posts\/30754\/revisions\/30761"}],"wp:attachment":[{"href":"https:\/\/pcb.org.br\/portal2\/wp-json\/wp\/v2\/media?parent=30754"}],"wp:term":[{"taxonomy":"category","embeddable":true,"href":"https:\/\/pcb.org.br\/portal2\/wp-json\/wp\/v2\/categories?post=30754"},{"taxonomy":"post_tag","embeddable":true,"href":"https:\/\/pcb.org.br\/portal2\/wp-json\/wp\/v2\/tags?post=30754"}],"curies":[{"name":"wp","href":"https:\/\/api.w.org\/{rel}","templated":true}]}}