{"id":3077,"date":"2012-06-26T13:15:09","date_gmt":"2012-06-26T13:15:09","guid":{"rendered":"http:\/\/pcb.org.br\/portal2\/?p=3077"},"modified":"2012-06-26T13:15:09","modified_gmt":"2012-06-26T13:15:09","slug":"contra-o-golpe-apoiamos-a-luta-do-povo-e-da-juventude-paraguaia","status":"publish","type":"post","link":"https:\/\/pcb.org.br\/portal2\/3077","title":{"rendered":"CONTRA O GOLPE! APOIAMOS A LUTA DO POVO E DA JUVENTUDE PARAGUAIA"},"content":{"rendered":"\n<p>O golpe de estado impetrado no Paraguai no dia 22 de julho de 2012 revela a faceta mais c\u00ednica, covarde e autorit\u00e1ria da direita e do imperialismo na Am\u00e9rica Latina. A destitui\u00e7\u00e3o do Presidente Lugo, eleito pelo povo paraguaio, ap\u00f3s d\u00e9cadas de ditaduras e de dom\u00ednio do conservador Partido Colorado, representa um duro golpe nas lutas por democracia e justi\u00e7a social do povo e da juventude paraguaia.<\/p>\n<p>\u00c9 not\u00f3rio que o impedimento de Lugo est\u00e1 sendo financiado e conduzido pelo capital internacional associado \u00e0 burguesia local, que se sentiram atacados em seu \u201cdireito sagrado a propriedade privada\u201d com a crescente luta de massas pela reforma agr\u00e1ria que se desenvolve em todo o pa\u00eds. E que teve no massacre de Camendiy\u00fa, que resultou na morte de onze companheiros sem-terra, uma das express\u00f5es de como esta quest\u00e3o vem sendo conduzida no Paraguai.<\/p>\n<p>Repudiamos o Golpe, assim como repudiamos a grande m\u00eddia que vem procurando dar um ar de \u201cnormalidade\u201d e de \u201crespeito \u00e0s regras democr\u00e1ticas\u201d as a\u00e7\u00f5es produzidas pelos golpistas.<\/p>\n<p>Cobramos do Governo Dilma que saia de cima do muro, e tome a iniciativa de n\u00e3o reconhecer o governo golpista e de romper rela\u00e7\u00f5es diplom\u00e1ticas e comerciais enquanto o Presidente Lugo n\u00e3o seja reconduzido ao cargo. A manuten\u00e7\u00e3o da postura adotada pelo Itamaraty revelar\u00e1 o consentimento com o golpe de estado e a preocupa\u00e7\u00e3o em atender aos interesses sub-imperialistas que o Estado brasileiro historicamente construiu em rela\u00e7\u00e3o ao Paraguai.<\/p>\n<p>N\u00e3o criamos ilus\u00f5es com rela\u00e7\u00e3o \u00e0 democracia burguesa. Sabemos que as verdadeiras lutas por democracia e pela recondu\u00e7\u00e3o do Presidente Lugo ser\u00e1 fruto das lutas nas ruas e no campo, que j\u00e1 vem sendo articuladas pelos lutadores paraguaios.<\/p>\n<p>O povo e a juventude paraguaia saber\u00e3o conduzir a luta pela real democracia, sem vacila\u00e7\u00e3o e sem concilia\u00e7\u00e3o.<\/p>\n<p>Coordena\u00e7\u00e3o Nacional da Uni\u00e3o da Juventude Comunista<\/p>\n<p>Junho 2012<\/p>\n","protected":false},"excerpt":{"rendered":"\n\n\nCr\u00e9dito: Terra.com.br\n\n\n\n\n\n\n\n\nCoordena\u00e7\u00e3o Nacional da Uni\u00e3o da Juventude Comunista\n<a class=\"moretag\" href=\"https:\/\/pcb.org.br\/portal2\/3077\"> <\/a>","protected":false},"author":1,"featured_media":0,"comment_status":"open","ping_status":"open","sticky":false,"template":"","format":"standard","meta":{"jetpack_post_was_ever_published":false,"_jetpack_newsletter_access":"","_jetpack_dont_email_post_to_subs":false,"_jetpack_newsletter_tier_id":0,"_jetpack_memberships_contains_paywalled_content":false,"_jetpack_memberships_contains_paid_content":false,"footnotes":"","jetpack_publicize_message":"","jetpack_publicize_feature_enabled":true,"jetpack_social_post_already_shared":false,"jetpack_social_options":{"image_generator_settings":{"template":"highway","default_image_id":0,"font":"","enabled":false},"version":2}},"categories":[35],"tags":[],"class_list":["post-3077","post","type-post","status-publish","format-standard","hentry","category-c40-paraguai"],"jetpack_publicize_connections":[],"jetpack_featured_media_url":"","jetpack_shortlink":"https:\/\/wp.me\/p659gw-ND","jetpack-related-posts":[],"jetpack_likes_enabled":true,"jetpack_sharing_enabled":true,"_links":{"self":[{"href":"https:\/\/pcb.org.br\/portal2\/wp-json\/wp\/v2\/posts\/3077","targetHints":{"allow":["GET"]}}],"collection":[{"href":"https:\/\/pcb.org.br\/portal2\/wp-json\/wp\/v2\/posts"}],"about":[{"href":"https:\/\/pcb.org.br\/portal2\/wp-json\/wp\/v2\/types\/post"}],"author":[{"embeddable":true,"href":"https:\/\/pcb.org.br\/portal2\/wp-json\/wp\/v2\/users\/1"}],"replies":[{"embeddable":true,"href":"https:\/\/pcb.org.br\/portal2\/wp-json\/wp\/v2\/comments?post=3077"}],"version-history":[{"count":0,"href":"https:\/\/pcb.org.br\/portal2\/wp-json\/wp\/v2\/posts\/3077\/revisions"}],"wp:attachment":[{"href":"https:\/\/pcb.org.br\/portal2\/wp-json\/wp\/v2\/media?parent=3077"}],"wp:term":[{"taxonomy":"category","embeddable":true,"href":"https:\/\/pcb.org.br\/portal2\/wp-json\/wp\/v2\/categories?post=3077"},{"taxonomy":"post_tag","embeddable":true,"href":"https:\/\/pcb.org.br\/portal2\/wp-json\/wp\/v2\/tags?post=3077"}],"curies":[{"name":"wp","href":"https:\/\/api.w.org\/{rel}","templated":true}]}}