{"id":3079,"date":"2012-06-27T15:52:20","date_gmt":"2012-06-27T15:52:20","guid":{"rendered":"http:\/\/pcb.org.br\/portal2\/?p=3079"},"modified":"2012-06-27T15:52:20","modified_gmt":"2012-06-27T15:52:20","slug":"irmao-de-jose-montenegro-de-lima-estara-no-congresso-da-ujc","status":"publish","type":"post","link":"https:\/\/pcb.org.br\/portal2\/3079","title":{"rendered":"Irm\u00e3o de Jos\u00e9 Montenegro de Lima estar\u00e1 no Congresso da UJC"},"content":{"rendered":"\n<p>O Partido Comunista Brasileiro (PCB), nas figuras de seu secret\u00e1rio-geral Ivan Pinheiro e do membro do Comit\u00ea Central Dinarco Reis Filho (presidente da Funda\u00e7\u00e3o Dinarco Reis), encontraram-se em Fortaleza (CE) com Francisco Montenegro de Lima, irm\u00e3o do camarada assassinato pela ditadura militar, e desde ent\u00e3o desaparecido, Jos\u00e9 Montenegro de Lima.<\/p>\n<p>Quando de seu desaparecimento, Jos\u00e9 Montenegro era o respons\u00e1vel pelo trabalho do Partido no segmento juvenil. Dessa forma, Ivan e Dinarco convidaram Francisco para estar presente ao pr\u00f3ximo Congresso da Uni\u00e3o da Juventude Comunista (UJC), que ser\u00e1 realizado em Niter\u00f3i (RJ) de 12 a 15 de julho. Durante o evento, Jos\u00e9 Montenegro ser\u00e1 homenageado in memorian com a Medalha Dinarco Reis. Francisco aceitou o convite e receber\u00e1, em nome do irm\u00e3o, a comenda criada para homenagear os militantes comunistas brasileiros.<\/p>\n","protected":false},"excerpt":{"rendered":"\n\n\nCr\u00e9dito: PCB\n\n\n\n\n\n\n\n\n<a class=\"moretag\" href=\"https:\/\/pcb.org.br\/portal2\/3079\"> <\/a>","protected":false},"author":1,"featured_media":0,"comment_status":"open","ping_status":"open","sticky":false,"template":"","format":"standard","meta":{"jetpack_post_was_ever_published":false,"_jetpack_newsletter_access":"","_jetpack_dont_email_post_to_subs":false,"_jetpack_newsletter_tier_id":0,"_jetpack_memberships_contains_paywalled_content":false,"_jetpack_memberships_contains_paid_content":false,"footnotes":"","jetpack_publicize_message":"","jetpack_publicize_feature_enabled":true,"jetpack_social_post_already_shared":false,"jetpack_social_options":{"image_generator_settings":{"template":"highway","default_image_id":0,"font":"","enabled":false},"version":2}},"categories":[46],"tags":[],"class_list":["post-3079","post","type-post","status-publish","format-standard","hentry","category-c56-memoria"],"jetpack_publicize_connections":[],"jetpack_featured_media_url":"","jetpack_shortlink":"https:\/\/wp.me\/p659gw-NF","jetpack-related-posts":[],"jetpack_likes_enabled":true,"jetpack_sharing_enabled":true,"_links":{"self":[{"href":"https:\/\/pcb.org.br\/portal2\/wp-json\/wp\/v2\/posts\/3079","targetHints":{"allow":["GET"]}}],"collection":[{"href":"https:\/\/pcb.org.br\/portal2\/wp-json\/wp\/v2\/posts"}],"about":[{"href":"https:\/\/pcb.org.br\/portal2\/wp-json\/wp\/v2\/types\/post"}],"author":[{"embeddable":true,"href":"https:\/\/pcb.org.br\/portal2\/wp-json\/wp\/v2\/users\/1"}],"replies":[{"embeddable":true,"href":"https:\/\/pcb.org.br\/portal2\/wp-json\/wp\/v2\/comments?post=3079"}],"version-history":[{"count":0,"href":"https:\/\/pcb.org.br\/portal2\/wp-json\/wp\/v2\/posts\/3079\/revisions"}],"wp:attachment":[{"href":"https:\/\/pcb.org.br\/portal2\/wp-json\/wp\/v2\/media?parent=3079"}],"wp:term":[{"taxonomy":"category","embeddable":true,"href":"https:\/\/pcb.org.br\/portal2\/wp-json\/wp\/v2\/categories?post=3079"},{"taxonomy":"post_tag","embeddable":true,"href":"https:\/\/pcb.org.br\/portal2\/wp-json\/wp\/v2\/tags?post=3079"}],"curies":[{"name":"wp","href":"https:\/\/api.w.org\/{rel}","templated":true}]}}