{"id":30805,"date":"2023-09-07T19:40:45","date_gmt":"2023-09-07T22:40:45","guid":{"rendered":"https:\/\/pcb.org.br\/portal2\/?p=30805"},"modified":"2023-09-07T19:40:45","modified_gmt":"2023-09-07T22:40:45","slug":"carlos-walter-porto-goncalves-presente","status":"publish","type":"post","link":"https:\/\/pcb.org.br\/portal2\/30805","title":{"rendered":"Carlos Walter Porto Gon\u00e7alves, presente!"},"content":{"rendered":"<p><img data-recalc-dims=\"1\" loading=\"lazy\" decoding=\"async\" data-attachment-id=\"30806\" data-permalink=\"https:\/\/pcb.org.br\/portal2\/30805\/carlos\" data-orig-file=\"https:\/\/i0.wp.com\/pcb.org.br\/portal2\/wp-content\/uploads\/2023\/09\/carlos.jpg?fit=1299%2C746&amp;ssl=1\" data-orig-size=\"1299,746\" data-comments-opened=\"0\" data-image-meta=\"{&quot;aperture&quot;:&quot;0&quot;,&quot;credit&quot;:&quot;&quot;,&quot;camera&quot;:&quot;&quot;,&quot;caption&quot;:&quot;&quot;,&quot;created_timestamp&quot;:&quot;0&quot;,&quot;copyright&quot;:&quot;&quot;,&quot;focal_length&quot;:&quot;0&quot;,&quot;iso&quot;:&quot;0&quot;,&quot;shutter_speed&quot;:&quot;0&quot;,&quot;title&quot;:&quot;&quot;,&quot;orientation&quot;:&quot;0&quot;}\" data-image-title=\"carlos\" data-image-description=\"\" data-image-caption=\"\" data-large-file=\"https:\/\/i0.wp.com\/pcb.org.br\/portal2\/wp-content\/uploads\/2023\/09\/carlos.jpg?fit=747%2C429&amp;ssl=1\" class=\"alignnone size-large wp-image-30806\" src=\"https:\/\/i0.wp.com\/pcb.org.br\/portal2\/wp-content\/uploads\/2023\/09\/carlos.jpg?resize=747%2C429&#038;ssl=1\" alt=\"\" width=\"747\" height=\"429\" srcset=\"https:\/\/i0.wp.com\/pcb.org.br\/portal2\/wp-content\/uploads\/2023\/09\/carlos.jpg?resize=900%2C517&amp;ssl=1 900w, https:\/\/i0.wp.com\/pcb.org.br\/portal2\/wp-content\/uploads\/2023\/09\/carlos.jpg?resize=300%2C172&amp;ssl=1 300w, https:\/\/i0.wp.com\/pcb.org.br\/portal2\/wp-content\/uploads\/2023\/09\/carlos.jpg?resize=768%2C441&amp;ssl=1 768w, https:\/\/i0.wp.com\/pcb.org.br\/portal2\/wp-content\/uploads\/2023\/09\/carlos.jpg?w=1299&amp;ssl=1 1299w\" sizes=\"auto, (max-width: 747px) 100vw, 747px\" \/><!--more--><\/p>\n<p>Nota de pesar<\/p>\n<p>A Fra\u00e7\u00e3o Nacional Ind\u00edgena e a Rede Modesto da Silveira, organismos do Partido Comunista Brasileiro, v\u00eam a p\u00fablico externar seu pesar pelo falecimento do professor, escritor e ge\u00f3grafo Carlos Walter Porto Gon\u00e7alves, indubitavelmente um dos maiores nomes da geografia social brasileira que ao longo da sua trajet\u00f3ria acad\u00eamica e de milit\u00e2ncia social sempre ombreou com os povos da floresta, popula\u00e7\u00f5es tradicionais, ind\u00edgenas e quilombolas.<\/p>\n<p>Cr\u00edtico acerbo do desmonte do Estado, \u00edmpar na defesa dos nossos ecossistemas e dos povos que neles vivem e que neles se integram em uma interdepend\u00eancia \u00fanica, violentada que \u00e9 pelo capitalismo expresso na agrominera\u00e7\u00e3o ao qual (re)existem com tenacidade, seus ensinamentos e suas ideias foram e ser\u00e3o fundamentais para a constru\u00e7\u00e3o de uma sociedade outra, onde o respeito aos saberes desses povos e comunidades e seus territ\u00f3rios deve figurar como elemento central \u00e0 preserva\u00e7\u00e3o da vida e da pr\u00f3pria exist\u00eancia humana.<\/p>\n<p>Nesse momento de tristeza, expressamos nossas condol\u00eancias \u00e0 fam\u00edlia, amigas e amigos e a todos os lutadores sociais que tiveram a oportunidade de compartilhar em vida os ensinamentos e o profundo senso de humanidade desse grande compatriota.<\/p>\n<p>Carlos Walter, presente!<\/p>\n<div id=\":jl\" class=\"ii gt\">\n<div id=\":jm\" class=\"a3s aiL \">\n<div dir=\"auto\">\n<div dir=\"auto\">Imagem:\u00a0<a href=\"https:\/\/jornal.ufg.br\/n\/105640-uma-geografia-do-ensino-superior\" target=\"_blank\" rel=\"noopener noreferrer\" data-saferedirecturl=\"https:\/\/www.google.com\/url?q=https:\/\/jornal.ufg.br\/n\/105640-uma-geografia-do-ensino-superior&amp;source=gmail&amp;ust=1694211567629000&amp;usg=AOvVaw0G42_aJyTPjeM-F8UFph8m\">https:\/\/jornal.ufg.br\/<wbr \/>n\/105640-uma-geografia-do-<wbr \/>ensino-superior<\/a><\/div>\n<\/div>\n<div class=\"yj6qo\"><\/div>\n<div class=\"adL\"><\/div>\n<\/div>\n<\/div>\n<div id=\":ka\" class=\"hq gt\"><\/div>\n","protected":false},"excerpt":{"rendered":"<a class=\"moretag\" href=\"https:\/\/pcb.org.br\/portal2\/30805\"> <\/a>","protected":false},"author":8,"featured_media":0,"comment_status":"closed","ping_status":"closed","sticky":false,"template":"","format":"standard","meta":{"jetpack_post_was_ever_published":false,"_jetpack_newsletter_access":"","_jetpack_dont_email_post_to_subs":false,"_jetpack_newsletter_tier_id":0,"_jetpack_memberships_contains_paywalled_content":false,"_jetpack_memberships_contains_paid_content":false,"footnotes":"","jetpack_publicize_message":"","jetpack_publicize_feature_enabled":true,"jetpack_social_post_already_shared":true,"jetpack_social_options":{"image_generator_settings":{"template":"highway","default_image_id":0,"font":"","enabled":false},"version":2}},"categories":[243,163,26],"tags":[228],"class_list":["post-30805","post","type-post","status-publish","format-standard","hentry","category-fracao-indigena-do-pcb","category-movimento-indigena","category-c25-notas-politicas-do-pcb","tag-5b"],"jetpack_publicize_connections":[],"jetpack_featured_media_url":"","jetpack_shortlink":"https:\/\/wp.me\/p659gw-80R","jetpack-related-posts":[],"jetpack_likes_enabled":true,"jetpack_sharing_enabled":true,"_links":{"self":[{"href":"https:\/\/pcb.org.br\/portal2\/wp-json\/wp\/v2\/posts\/30805","targetHints":{"allow":["GET"]}}],"collection":[{"href":"https:\/\/pcb.org.br\/portal2\/wp-json\/wp\/v2\/posts"}],"about":[{"href":"https:\/\/pcb.org.br\/portal2\/wp-json\/wp\/v2\/types\/post"}],"author":[{"embeddable":true,"href":"https:\/\/pcb.org.br\/portal2\/wp-json\/wp\/v2\/users\/8"}],"replies":[{"embeddable":true,"href":"https:\/\/pcb.org.br\/portal2\/wp-json\/wp\/v2\/comments?post=30805"}],"version-history":[{"count":1,"href":"https:\/\/pcb.org.br\/portal2\/wp-json\/wp\/v2\/posts\/30805\/revisions"}],"predecessor-version":[{"id":30807,"href":"https:\/\/pcb.org.br\/portal2\/wp-json\/wp\/v2\/posts\/30805\/revisions\/30807"}],"wp:attachment":[{"href":"https:\/\/pcb.org.br\/portal2\/wp-json\/wp\/v2\/media?parent=30805"}],"wp:term":[{"taxonomy":"category","embeddable":true,"href":"https:\/\/pcb.org.br\/portal2\/wp-json\/wp\/v2\/categories?post=30805"},{"taxonomy":"post_tag","embeddable":true,"href":"https:\/\/pcb.org.br\/portal2\/wp-json\/wp\/v2\/tags?post=30805"}],"curies":[{"name":"wp","href":"https:\/\/api.w.org\/{rel}","templated":true}]}}