{"id":30825,"date":"2023-09-12T12:19:02","date_gmt":"2023-09-12T15:19:02","guid":{"rendered":"https:\/\/pcb.org.br\/portal2\/?p=30825"},"modified":"2023-09-12T12:19:02","modified_gmt":"2023-09-12T15:19:02","slug":"viva-victor-jara-uma-voz-que-nunca-se-calou","status":"publish","type":"post","link":"https:\/\/pcb.org.br\/portal2\/30825","title":{"rendered":"Viva Victor Jara, uma voz que nunca se calou!"},"content":{"rendered":"<p><img data-recalc-dims=\"1\" loading=\"lazy\" decoding=\"async\" data-attachment-id=\"30826\" data-permalink=\"https:\/\/pcb.org.br\/portal2\/30825\/image-3-11\" data-orig-file=\"https:\/\/i0.wp.com\/pcb.org.br\/portal2\/wp-content\/uploads\/2023\/09\/image-3.png?fit=1200%2C800&amp;ssl=1\" data-orig-size=\"1200,800\" data-comments-opened=\"0\" data-image-meta=\"{&quot;aperture&quot;:&quot;0&quot;,&quot;credit&quot;:&quot;&quot;,&quot;camera&quot;:&quot;&quot;,&quot;caption&quot;:&quot;&quot;,&quot;created_timestamp&quot;:&quot;0&quot;,&quot;copyright&quot;:&quot;&quot;,&quot;focal_length&quot;:&quot;0&quot;,&quot;iso&quot;:&quot;0&quot;,&quot;shutter_speed&quot;:&quot;0&quot;,&quot;title&quot;:&quot;&quot;,&quot;orientation&quot;:&quot;0&quot;}\" data-image-title=\"image (3)\" data-image-description=\"\" data-image-caption=\"\" data-large-file=\"https:\/\/i0.wp.com\/pcb.org.br\/portal2\/wp-content\/uploads\/2023\/09\/image-3.png?fit=747%2C498&amp;ssl=1\" class=\"alignnone size-large wp-image-30826\" src=\"https:\/\/i0.wp.com\/pcb.org.br\/portal2\/wp-content\/uploads\/2023\/09\/image-3.png?resize=747%2C498&#038;ssl=1\" alt=\"\" width=\"747\" height=\"498\" srcset=\"https:\/\/i0.wp.com\/pcb.org.br\/portal2\/wp-content\/uploads\/2023\/09\/image-3.png?resize=900%2C600&amp;ssl=1 900w, https:\/\/i0.wp.com\/pcb.org.br\/portal2\/wp-content\/uploads\/2023\/09\/image-3.png?resize=300%2C200&amp;ssl=1 300w, https:\/\/i0.wp.com\/pcb.org.br\/portal2\/wp-content\/uploads\/2023\/09\/image-3.png?resize=768%2C512&amp;ssl=1 768w, https:\/\/i0.wp.com\/pcb.org.br\/portal2\/wp-content\/uploads\/2023\/09\/image-3.png?w=1200&amp;ssl=1 1200w\" sizes=\"auto, (max-width: 747px) 100vw, 747px\" \/><!--more--><\/p>\n<p>O Poder Popular n\u00ba 79<\/p>\n<p>H\u00e1 50 anos, na data de 16 de setembro de 1973, o cantor Victor Jara era assassinado pela ditadura de Augusto Pinochet no Chile. Neste dia quiseram apagar sua voz, mas seu canto j\u00e1 pertencia a outras bocas e nem a mais sanguin\u00e1ria das ditaduras da Am\u00e9rica Latina conseguiu faz\u00ea-lo calar.<\/p>\n<p>Professor da Faculdade de Comunica\u00e7\u00e3o da UTE (Universidad T\u00e9cnica del Estado, de Santiago do Chile), Victor Jara militava no Partido Comunista, havia apoiado a elei\u00e7\u00e3o de Salvador Allende \u00e0 presid\u00eancia do Chile e despontava como o maior nome da can\u00e7\u00e3o revolucion\u00e1ria em seu pa\u00eds. Assim como milhares de presos pol\u00edticos, foi levado ao Est\u00e1dio Chile, onde foi brutalmente espancado. Seu rosto vertia sangue quando lhe esmigalharam tamb\u00e9m as m\u00e3os, a coronhadas, diante de todos. Seus torturadores afirmavam fazer aquilo para que ele nunca mais empunhasse um viol\u00e3o.<\/p>\n<p>Cinco dias ap\u00f3s a pris\u00e3o, Victor foi assassinado. O laudo emitido ap\u00f3s a aut\u00f3psia, feita quando localizaram o cad\u00e1ver num matagal, indicou uma por\u00e7\u00e3o de ossos quebrados e 44 marcas de balas.<\/p>\n<p>Antes de morrer, conseguiu redigir um poema, entregue aos companheiros de c\u00e1rcere, que providenciaram c\u00f3pias e conseguiram preserv\u00e1-lo, dando-lhe mais tarde o t\u00edtulo de \u201cEst\u00e1dio Chile\u201d: \u201cSomos cinco mil aqu\u00ed\/ en esta peque\u00f1a parte de la ciudad\/ (\u2026) Seis de los nuestros se perdieron\/ en el espacio de las estrellas.\/ Uno muerto, un golpeado como jam\u00e1s cre\u00ed\/ se podr\u00eda golpear a un ser humano.\/ Los otros cuatro quisieron quitarse\/ todos los temores, \/ uno saltando al vac\u00edo,\/ otro golpe\u00e1ndose la cabeza contra un muro\/ pero todos con la mirada fija en la muerte.\/ \u00a1Qu\u00e9 espanto produce el rostro del fascismo!\u201d.<\/p>\n<p>Em setembro de 2003, o Est\u00e1dio Chile foi renomeado Est\u00e1dio Victor Jara.<\/p>\n<p>Victor Lidio Jara Mart\u00ednez nasceu em 28 de setembro de 1932 na prov\u00edncia de \u00d1uble. Filho de camponeses, foi criado em um ambiente rural, mas sua m\u00e3e, Amanda Mart\u00ednez, era cantora e tocava viol\u00e3o. No final da d\u00e9cada de 1950, participou do Conjunto Folcl\u00f3rico Cuncum\u00e9n, onde conheceu Violeta Parra, cantora, compositora, artista pl\u00e1stica e ceramista chilena, considerada uma das fundadoras da m\u00fasica popular chilena. Aos poucos, a can\u00e7\u00e3o folcl\u00f3rica e os temas rurais foram cedendo espa\u00e7o para a chamada m\u00fasica de protesto, mais urbana e, profundamente alinhada \u00e0s bandeiras pol\u00edticas da \u00e9poca.<\/p>\n<p>Foi o diretor art\u00edstico do grupo Quilapay\u00fan entre 1966 e 1969, ano em que ganhou o primeiro pr\u00eamio no primeiro festival da Nova Can\u00e7\u00e3o Chilena, com a m\u00fasica \u201cPlegaria a un labrador\u201d e viajou a Helsinki, Finl\u00e2ndia, para participar de um ato mundial de protesto contra a Guerra do Vietn\u00e3. Em 1970, participou ativamente da campanha da Unidade Popular, que lan\u00e7ou a candidatura de Salvador Allende para a presid\u00eancia do Chile. Nesse mesmo ano apresentou seu disco \u201cCanto Libre\u201d.<\/p>\n<p>Com a posse de Allende, Jara foi nomeado embaixador cultural do pa\u00eds e integrou o Departamento de Comunica\u00e7\u00f5es da Universidade T\u00e9cnica do Estado. Homenageou o revolucion\u00e1rio vietnamita Ho Chi Minh, citando-o nominalmente na can\u00e7\u00e3o \u201cEl Derecho de Vivir en Paz\u201d. Gravou \u201cCruz de Luz\u201d, de Daniel Viglietti, solidarizando-se com o padre e guerrilheiro colombiano Camilo Torres. Montou um repert\u00f3rio com can\u00e7\u00f5es em homenagem a Pancho Villa, Che Guevara e Salvador Allende. Musicou o poema de Neruda \u201cAqu\u00ed me Quedo\u201d: \u201cEu n\u00e3o quero a p\u00e1tria dividida \/ cabemos todos na minha terra\u201d.<\/p>\n<p>Ap\u00f3s v\u00e1rios anos de impunidade, em uma decis\u00e3o hist\u00f3rica muito comemorada no Chile, a Suprema Corte do pa\u00eds condenou, em 28\/08\/2023, sete militares aposentados a penas de 8 a 25 anos de pris\u00e3o pelo sequestro e assassinato de V\u00edctor Jara. Um dos militares condenados, Hern\u00e1n Chac\u00f3n Soto, cometeu suic\u00eddio antes de ser preso.<\/p>\n<p>As can\u00e7\u00f5es e o exemplo her\u00f3ico de Victor Jara seguem vivos na mem\u00f3ria de todos os que lutam contra a nefasta heran\u00e7a das ditaduras em nosso continente, pelo poder popular e pelo socialismo!<\/p>\n<p><span style=\"font-family: Arial, sans-serif; font-size: large;\"><b>Fontes:\u00a0<a href=\"https:\/\/pcb.org.br\/portal2\/26220\" target=\"_blank\" rel=\"noopener\" data-saferedirecturl=\"https:\/\/www.google.com\/url?q=https:\/\/pcb.org.br\/portal2\/26220&amp;source=gmail&amp;ust=1694618131309000&amp;usg=AOvVaw1buF9_sjYOZqqsAYNQPieb\">https:\/\/pcb.org.br\/portal2\/<wbr \/>26220<\/a><\/b><\/span><\/p>\n<p><span style=\"font-family: Arial, sans-serif; font-size: large;\"><a href=\"https:\/\/www.prensalatina.com.br\/index.php?o=rn&amp;id=19235&amp;SEO=victor-jara-um-crime-que-se-chora-ainda-no-chile\" target=\"_blank\" rel=\"noopener\" data-saferedirecturl=\"https:\/\/www.google.com\/url?q=https:\/\/www.prensalatina.com.br\/index.php?o%3Drn%26id%3D19235%26SEO%3Dvictor-jara-um-crime-que-se-chora-ainda-no-chile&amp;source=gmail&amp;ust=1694618131309000&amp;usg=AOvVaw0iBhGvAkyMNJYV1LQHOq2B\">https:\/\/www.prensalatina.com.<wbr \/>br\/index.php?o=rn&amp;id=19235&amp;<wbr \/>SEO=victor-jara-um-crime-que-<wbr \/>se-chora-ainda-no-chile<\/a><\/span><\/p>\n","protected":false},"excerpt":{"rendered":"<a class=\"moretag\" href=\"https:\/\/pcb.org.br\/portal2\/30825\"> <\/a>","protected":false},"author":8,"featured_media":0,"comment_status":"closed","ping_status":"closed","sticky":false,"template":"","format":"standard","meta":{"jetpack_post_was_ever_published":false,"_jetpack_newsletter_access":"","_jetpack_dont_email_post_to_subs":false,"_jetpack_newsletter_tier_id":0,"_jetpack_memberships_contains_paywalled_content":false,"_jetpack_memberships_contains_paid_content":false,"footnotes":"","jetpack_publicize_message":"","jetpack_publicize_feature_enabled":true,"jetpack_social_post_already_shared":true,"jetpack_social_options":{"image_generator_settings":{"template":"highway","default_image_id":0,"font":"","enabled":false},"version":2}},"categories":[8,73,87,13,50,9,75,146],"tags":[225],"class_list":["post-30825","post","type-post","status-publish","format-standard","hentry","category-america-latina","category-c86-anti-imperialismo","category-c100-chile","category-s14-cultura","category-c61-cultura-revolucionaria","category-s10-internacional","category-c88-internacionalismo","category-internacionalismo","tag-4a"],"jetpack_publicize_connections":[],"jetpack_featured_media_url":"","jetpack_shortlink":"https:\/\/wp.me\/p659gw-81b","jetpack-related-posts":[],"jetpack_likes_enabled":true,"jetpack_sharing_enabled":true,"_links":{"self":[{"href":"https:\/\/pcb.org.br\/portal2\/wp-json\/wp\/v2\/posts\/30825","targetHints":{"allow":["GET"]}}],"collection":[{"href":"https:\/\/pcb.org.br\/portal2\/wp-json\/wp\/v2\/posts"}],"about":[{"href":"https:\/\/pcb.org.br\/portal2\/wp-json\/wp\/v2\/types\/post"}],"author":[{"embeddable":true,"href":"https:\/\/pcb.org.br\/portal2\/wp-json\/wp\/v2\/users\/8"}],"replies":[{"embeddable":true,"href":"https:\/\/pcb.org.br\/portal2\/wp-json\/wp\/v2\/comments?post=30825"}],"version-history":[{"count":1,"href":"https:\/\/pcb.org.br\/portal2\/wp-json\/wp\/v2\/posts\/30825\/revisions"}],"predecessor-version":[{"id":30827,"href":"https:\/\/pcb.org.br\/portal2\/wp-json\/wp\/v2\/posts\/30825\/revisions\/30827"}],"wp:attachment":[{"href":"https:\/\/pcb.org.br\/portal2\/wp-json\/wp\/v2\/media?parent=30825"}],"wp:term":[{"taxonomy":"category","embeddable":true,"href":"https:\/\/pcb.org.br\/portal2\/wp-json\/wp\/v2\/categories?post=30825"},{"taxonomy":"post_tag","embeddable":true,"href":"https:\/\/pcb.org.br\/portal2\/wp-json\/wp\/v2\/tags?post=30825"}],"curies":[{"name":"wp","href":"https:\/\/api.w.org\/{rel}","templated":true}]}}