{"id":30856,"date":"2023-09-20T12:10:04","date_gmt":"2023-09-20T15:10:04","guid":{"rendered":"https:\/\/pcb.org.br\/portal2\/?p=30856"},"modified":"2023-09-20T12:10:04","modified_gmt":"2023-09-20T15:10:04","slug":"solidariedade-as-mulheres-de-barra-do-pirai","status":"publish","type":"post","link":"https:\/\/pcb.org.br\/portal2\/30856","title":{"rendered":"Solidariedade \u00e0s mulheres de Barra do Pira\u00ed!"},"content":{"rendered":"<p><img data-recalc-dims=\"1\" loading=\"lazy\" decoding=\"async\" data-attachment-id=\"30857\" data-permalink=\"https:\/\/pcb.org.br\/portal2\/30856\/img_20230919_200841_820\" data-orig-file=\"https:\/\/i0.wp.com\/pcb.org.br\/portal2\/wp-content\/uploads\/2023\/09\/IMG_20230919_200841_820.jpg?fit=1080%2C1080&amp;ssl=1\" data-orig-size=\"1080,1080\" data-comments-opened=\"0\" data-image-meta=\"{&quot;aperture&quot;:&quot;0&quot;,&quot;credit&quot;:&quot;&quot;,&quot;camera&quot;:&quot;&quot;,&quot;caption&quot;:&quot;&quot;,&quot;created_timestamp&quot;:&quot;0&quot;,&quot;copyright&quot;:&quot;&quot;,&quot;focal_length&quot;:&quot;0&quot;,&quot;iso&quot;:&quot;0&quot;,&quot;shutter_speed&quot;:&quot;0&quot;,&quot;title&quot;:&quot;&quot;,&quot;orientation&quot;:&quot;0&quot;}\" data-image-title=\"IMG_20230919_200841_820\" data-image-description=\"\" data-image-caption=\"\" data-large-file=\"https:\/\/i0.wp.com\/pcb.org.br\/portal2\/wp-content\/uploads\/2023\/09\/IMG_20230919_200841_820.jpg?fit=747%2C747&amp;ssl=1\" class=\"alignnone size-large wp-image-30857\" src=\"https:\/\/i0.wp.com\/pcb.org.br\/portal2\/wp-content\/uploads\/2023\/09\/IMG_20230919_200841_820.jpg?resize=747%2C747&#038;ssl=1\" alt=\"\" width=\"747\" height=\"747\" srcset=\"https:\/\/i0.wp.com\/pcb.org.br\/portal2\/wp-content\/uploads\/2023\/09\/IMG_20230919_200841_820.jpg?resize=900%2C900&amp;ssl=1 900w, https:\/\/i0.wp.com\/pcb.org.br\/portal2\/wp-content\/uploads\/2023\/09\/IMG_20230919_200841_820.jpg?resize=300%2C300&amp;ssl=1 300w, https:\/\/i0.wp.com\/pcb.org.br\/portal2\/wp-content\/uploads\/2023\/09\/IMG_20230919_200841_820.jpg?resize=150%2C150&amp;ssl=1 150w, https:\/\/i0.wp.com\/pcb.org.br\/portal2\/wp-content\/uploads\/2023\/09\/IMG_20230919_200841_820.jpg?resize=768%2C768&amp;ssl=1 768w, https:\/\/i0.wp.com\/pcb.org.br\/portal2\/wp-content\/uploads\/2023\/09\/IMG_20230919_200841_820.jpg?w=1080&amp;ssl=1 1080w\" sizes=\"auto, (max-width: 747px) 100vw, 747px\" \/><!--more--><\/p>\n<p>Fora M\u00e1rio Esteves!<\/p>\n<p>PCB &#8211; Sul Fluminense<\/p>\n<p>Repudiamos veementemente o Prefeito de Barra do Pira\u00ed, M\u00e1rio Esteves, devido ao seu discurso proferido em 14 de setembro, durante a inaugura\u00e7\u00e3o de uma creche. Nele, o Prefeito prop\u00f4s a castra\u00e7\u00e3o de meninas com grande \u00eanfase, declarando: &#8216;\u00c9 necess\u00e1rio come\u00e7ar a castrar essas meninas.&#8217;<\/p>\n<p>Al\u00e9m disso, sugeriu a imposi\u00e7\u00e3o de um limite de no m\u00e1ximo dois filhos por fam\u00edlia, propondo a elabora\u00e7\u00e3o de uma Lei na C\u00e2mara para isso. Ele tamb\u00e9m defendeu a cria\u00e7\u00e3o de um projeto em \u00e2mbito federal, estadual e municipal para controlar o nascimento de crian\u00e7as.<\/p>\n<p>\u00c9 importante destacar que, ao colocar toda a responsabilidade da gravidez exclusivamente sobre as mulheres, o Prefeito cerceia o direito de escolha da classe trabalhadora, n\u00e3o levando em considera\u00e7\u00e3o o acesso \u00e0 educa\u00e7\u00e3o e \u00e0 sa\u00fade.<\/p>\n<p>Para n\u00f3s, do Partido Comunista Brasileiro (PCB), esse discurso n\u00e3o \u00e9 uma manifesta\u00e7\u00e3o isolada, mas est\u00e1 alinhado com o crescente est\u00edmulo de pr\u00e1ticas autorit\u00e1rias e preconceituosas que tem subsistido em nossa sociedade por muito tempo.<\/p>\n<p>O discurso do Prefeito M\u00e1rio Esteves, que foi expulso do Partido Solidariedade ap\u00f3s esse epis\u00f3dio, reflete o pensamento das antigas oligarquias cafeeiras escravocratas do Vale do Para\u00edba. Essas oligarquias tratavam de forma desumana os escravizados e os povos origin\u00e1rios, que foram exterminados.<\/p>\n<p>Infelizmente, esse mesmo tratamento persiste em rela\u00e7\u00e3o aos trabalhadores e trabalhadoras da regi\u00e3o, onde a viol\u00eancia n\u00e3o \u00e9 apenas discursiva, mas uma pr\u00e1tica cotidiana por parte dos atuais herdeiros dos Bar\u00f5es do Caf\u00e9.<\/p>\n<p>Expressamos nossa total solidariedade \u00e0s m\u00e3es de Barra do Pira\u00ed e \u00e0s mulheres da regi\u00e3o Sul Fluminense, defendendo o direito \u00e0 maternidade e ao parto seguro.<\/p>\n<p>Toda solidariedade \u00e0s m\u00e3es de Barra do Pira\u00ed!<\/p>\n<p>Toda solidariedade \u00e0s mulheres de Barra do Pira\u00ed!<\/p>\n<p>Pelo direito \u00e0 maternidade e ao parto seguro!<\/p>\n<p>Partido Comunista Brasileiro<\/p>\n","protected":false},"excerpt":{"rendered":"<a class=\"moretag\" href=\"https:\/\/pcb.org.br\/portal2\/30856\"> <\/a>","protected":false},"author":8,"featured_media":0,"comment_status":"closed","ping_status":"closed","sticky":false,"template":"","format":"standard","meta":{"jetpack_post_was_ever_published":false,"_jetpack_newsletter_access":"","_jetpack_dont_email_post_to_subs":false,"_jetpack_newsletter_tier_id":0,"_jetpack_memberships_contains_paywalled_content":false,"_jetpack_memberships_contains_paid_content":false,"footnotes":"","jetpack_publicize_message":"","jetpack_publicize_feature_enabled":true,"jetpack_social_post_already_shared":true,"jetpack_social_options":{"image_generator_settings":{"template":"highway","default_image_id":0,"font":"","enabled":false},"version":2}},"categories":[207,26],"tags":[228],"class_list":["post-30856","post","type-post","status-publish","format-standard","hentry","category-lutas-nos-estados","category-c25-notas-politicas-do-pcb","tag-5b"],"jetpack_publicize_connections":[],"jetpack_featured_media_url":"","jetpack_shortlink":"https:\/\/wp.me\/p659gw-81G","jetpack-related-posts":[],"jetpack_likes_enabled":true,"jetpack_sharing_enabled":true,"_links":{"self":[{"href":"https:\/\/pcb.org.br\/portal2\/wp-json\/wp\/v2\/posts\/30856","targetHints":{"allow":["GET"]}}],"collection":[{"href":"https:\/\/pcb.org.br\/portal2\/wp-json\/wp\/v2\/posts"}],"about":[{"href":"https:\/\/pcb.org.br\/portal2\/wp-json\/wp\/v2\/types\/post"}],"author":[{"embeddable":true,"href":"https:\/\/pcb.org.br\/portal2\/wp-json\/wp\/v2\/users\/8"}],"replies":[{"embeddable":true,"href":"https:\/\/pcb.org.br\/portal2\/wp-json\/wp\/v2\/comments?post=30856"}],"version-history":[{"count":1,"href":"https:\/\/pcb.org.br\/portal2\/wp-json\/wp\/v2\/posts\/30856\/revisions"}],"predecessor-version":[{"id":30858,"href":"https:\/\/pcb.org.br\/portal2\/wp-json\/wp\/v2\/posts\/30856\/revisions\/30858"}],"wp:attachment":[{"href":"https:\/\/pcb.org.br\/portal2\/wp-json\/wp\/v2\/media?parent=30856"}],"wp:term":[{"taxonomy":"category","embeddable":true,"href":"https:\/\/pcb.org.br\/portal2\/wp-json\/wp\/v2\/categories?post=30856"},{"taxonomy":"post_tag","embeddable":true,"href":"https:\/\/pcb.org.br\/portal2\/wp-json\/wp\/v2\/tags?post=30856"}],"curies":[{"name":"wp","href":"https:\/\/api.w.org\/{rel}","templated":true}]}}