{"id":3090,"date":"2021-07-08T22:47:28","date_gmt":"2021-07-09T01:47:28","guid":{"rendered":"http:\/\/pcb.org.br\/portal2\/?p=3090"},"modified":"2021-07-14T09:15:35","modified_gmt":"2021-07-14T12:15:35","slug":"unidade-ampla-e-profunda-pelo-socialismo","status":"publish","type":"post","link":"https:\/\/pcb.org.br\/portal2\/3090","title":{"rendered":"Unidade ampla e profunda pelo socialismo!"},"content":{"rendered":"<p><img decoding=\"async\" class=\"imagem\" title=\"imagem\" src=\"https:\/\/i0.wp.com\/pbs.twimg.com\/media\/E5tAp88XEA0mhDV.jpg\" alt=\"&quot;\" \/><!--more-->IX CONGRESSO DO PARTIDO COMUNISTA PARAGUAIO<\/p>\n<p>N\u00f3s, que fazemos parte do Partido Comunista Paraguaio, estreitamos num abra\u00e7o toda a classe trabalhadora do nosso pa\u00eds e do mundo, com emo\u00e7\u00e3o pela grande quantidade de sauda\u00e7\u00f5es e alentos que recebemos no \u00e2mbito do nosso 9\u00b0 Congresso Nacional.<\/p>\n<p>Entre 25 e 27 de junho recente, com o lema \u2032\u2032 Unidade ampla e profunda pelo socialismo&#8221;, realizamos o nosso 9\u00b0 Congresso Nacional, dando continuidade ao nutrido processo de luta e milit\u00e2ncia de 93 anos que leva adiante com coragem e coer\u00eancia o Partido Comunista Paraguaio, constru\u00eddo por lutadores irrepreens\u00edveis como Antonio Maidana e Carmen Soler, para nomear apenas dois de uma extensa lista de referenciais pol\u00edticos presentes em cada a\u00e7\u00e3o militante do PCP.<\/p>\n<p>Enquanto predominarem as rela\u00e7\u00f5es sociais capitalistas n\u00e3o haver\u00e1 igualdade de oportunidades nem verdadeira democracia, pois o sistema dominante se erige sobre a exclus\u00e3o e a explora\u00e7\u00e3o das maiorias do campo e da cidade. O Governo da Fraude, liderado pelo corrupto e stronista Abdo Benitez, representa os interesses dos donos das grandes empresas, latifundi\u00e1rios, banqueiros, narcos e politiqueiros, que operam de acordo com os objetivos tra\u00e7ados pelos monop\u00f3lios imperialistas estrangeiros, organizados pelo sistema capitalista em sua fase imperialista.<\/p>\n<p>Defendendo os interesses dessa minoria exploradora que ele representa, o governo de Abdo saqueia nossos recursos e sustenta uma pol\u00edtica criminosa de sa\u00fade. Contraiu milion\u00e1rios empr\u00e9stimos que o povo deve pagar, e nem \u00e9 capaz de garantir as medidas b\u00e1sicas para enfrentar a crise sanit\u00e1ria que cada dia leva a mais de uma centena de compatriotas, inaugurando tristemente um novo tipo de crime de lesa humanidade neste tempo.<\/p>\n<p>As maiorias trabalhadoras, juntamente com as milhares de pessoas desocupadas e marginalizadas, somos n\u00f3s que sofremos com essa criminosa pol\u00edtica. A ampla e profunda unidade em que insistimos encontra-se nesta grande popula\u00e7\u00e3o que n\u00e3o \u00e9 dona de empresas, grandes extens\u00f5es de terras nem bancos; e que sim tem experi\u00eancia na produ\u00e7\u00e3o dos bens e servi\u00e7os, no esfor\u00e7o coletivo e na luta di\u00e1ria.<\/p>\n<p>Esta unidade \u00e9 a que precisamos para derrubar o Governo da Fraude, para desmontar este Estado miseravelmente pronto a atuar em favor de alguns milion\u00e1rios e construir um novo Estado a servi\u00e7o das maiorias.<\/p>\n<p>Em nossos locais de trabalho, empresas p\u00fablicas e privadas, f\u00e1bricas e fazendas, em nossos bairros e comunidades, col\u00e9gios e universidades, encontram-se milh\u00f5es de paraguaias e paraguaios que detestam politicagem e corrup\u00e7\u00e3o. Temos a tarefa de nos aproximar daqueles que n\u00e3o est\u00e3o mais dispostos a tolerar que nos governem mafiosos e exploradores, compartilhar ideias e articular projetos que nos impulsionem rumo a um pa\u00eds com igualdade de oportunidades para trabalhar e viver dignamente.<\/p>\n<p>Neste 9\u00b0 congresso, como milit\u00e2ncia do Partido Comunista Paraguaio, reafirmamos-nos na convic\u00e7\u00e3o e no compromisso pela constru\u00e7\u00e3o do socialismo, capaz de destruir as rela\u00e7\u00f5es de explora\u00e7\u00e3o e subjuga\u00e7\u00e3o que imp\u00f5em a mis\u00e9ria a cada fam\u00edlia paraguaia, para que cada pessoa possa realmente dispor do fruto do seu trabalho, tendo acesso de forma digna a habita\u00e7\u00e3o, alimenta\u00e7\u00e3o saud\u00e1vel, transporte, educa\u00e7\u00e3o e sa\u00fade de qualidade, retribuindo e promovendo, com o desenvolvimento de sua capacidade e talento, o desenvolvimento social.<\/p>\n<p>Fortalecer os sindicatos, os movimentos camponeses, estudantis, de bairros, culturais, ind\u00edgenas, fortalecer a organiza\u00e7\u00e3o do poder popular, recuperando a confian\u00e7a e a unidade a partir de baixo, \u00e9 o caminho em que continuaremos insistindo.<\/p>\n<p>Prestamos homenagem a Evaristo Gonz\u00e1lez, Idalina Gaona, Toto Ramirez, Antonio Carreras, Alberto Barrett e Joel Fil\u00e1rtiga, refer\u00eancias hist\u00f3ricas que fizeram parte das fileiras do PCP, camaradas reconhecidas pela sua coragem e ternura, que nos \u00faltimos quatro anos partiram, deixando-nos um legado irredut\u00edvel que refor\u00e7a nosso compromisso socialista.<\/p>\n<p>Reiterando o chamado a \u2032\u2032nos unir organizadamente, trabalhar e demonstrar com a nossa pr\u00e1tica que podemos confiar no nosso projeto, que est\u00e1 sendo constru\u00eddo dia a dia com as v\u00e1rias experi\u00eancias do povo trabalhador&#8221;, feito no nosso 8\u00b0 Congresso, seguiremos compartilhando as resolu\u00e7\u00f5es gerais do nosso 9\u00b0 Congresso.<\/p>\n<p>Em breve ser\u00e3o publicadas as nossas Teses Congressuais, elaboradas \u00e0 luz do esfor\u00e7o coletivo para compreender a crise estrutural do capitalismo e a necessidade de uma sa\u00edda revolucion\u00e1ria e socialista \u00e0 altura da desenvoltura e potencialidade daqueles que tudo produzimos, que somos as trabalhadoras e os trabalhadores.<\/p>\n<p>Resolu\u00e7\u00f5es Gerais do 9\u00ba Congresso Nacional do PCP:<\/p>\n<p>1. A unidade ampla e profunda entre as maiorias trabalhadoras continuar\u00e1 a ser o centro da nossa pr\u00e1tica militante, mantendo o debate com organiza\u00e7\u00f5es sociais e pol\u00edticas em fun\u00e7\u00e3o dos nossos objetivos.<br \/>\n2. Ratificamos: nenhuma alian\u00e7a com setores golpistas ou stronistas.<br \/>\n3. \u00c9 prioridade para o PCP avan\u00e7ar em prol do julgamento e puni\u00e7\u00e3o dos torturadores e saqueadores, bem como da recupera\u00e7\u00e3o de terras e bens amealhados durante a tirania stronista at\u00e9 hoje.<br \/>\n4. Com o objetivo de trazer para a renova\u00e7\u00e3o das dire\u00e7\u00f5es sociais e pol\u00edticas das maiorias trabalhadoras no nosso pa\u00eds, continuaremos enfatizando o trabalho pol\u00edtico com a juventude e as mulheres trabalhadoras.<br \/>\n5. Intensificaremos esfor\u00e7os por um crescimento sustentado e planejado da nossa organiza\u00e7\u00e3o partid\u00e1ria, consolidando os trabalhos que viemos realizando e trazendo ao debate e organiza\u00e7\u00e3o em novos espa\u00e7os.<br \/>\n6. No \u00e2mbito da nossa pol\u00edtica de crescimento, o trabalho com o campon\u00eas \u00e9 outra prioridade definida.<br \/>\n7. Comprometemo-nos a promover mais decididamente o internacionalismo prolet\u00e1rio, consequente \u00e0 necess\u00e1ria estrat\u00e9gia revolucion\u00e1ria das maiorias trabalhadoras em n\u00edvel mundial.<br \/>\n8. Continuaremos com a nossa pol\u00edtica de maior aprofundamento na forma\u00e7\u00e3o ideol\u00f3gica da milit\u00e2ncia comunista, para contribuir com maior efic\u00e1cia na constru\u00e7\u00e3o da alian\u00e7a social oper\u00e1ria, camponesa e popular.<\/p>\n<p>Unidade ampla e profunda pelo socialismo!<\/p>\n<p>7 de julho de 2021<\/p>\n","protected":false},"excerpt":{"rendered":"<a class=\"moretag\" href=\"https:\/\/pcb.org.br\/portal2\/3090\"> <\/a>","protected":false},"author":1,"featured_media":0,"comment_status":"closed","ping_status":"closed","sticky":false,"template":"","format":"standard","meta":{"jetpack_post_was_ever_published":false,"_jetpack_newsletter_access":"","_jetpack_dont_email_post_to_subs":false,"_jetpack_newsletter_tier_id":0,"_jetpack_memberships_contains_paywalled_content":false,"_jetpack_memberships_contains_paid_content":false,"footnotes":"","jetpack_publicize_message":"","jetpack_publicize_feature_enabled":true,"jetpack_social_post_already_shared":true,"jetpack_social_options":{"image_generator_settings":{"template":"highway","default_image_id":0,"font":"","enabled":false},"version":2}},"categories":[35],"tags":[227],"class_list":["post-3090","post","type-post","status-publish","format-standard","hentry","category-c40-paraguai","tag-5a"],"jetpack_publicize_connections":[],"jetpack_featured_media_url":"","jetpack_shortlink":"https:\/\/wp.me\/p659gw-NQ","jetpack-related-posts":[],"jetpack_likes_enabled":true,"jetpack_sharing_enabled":true,"_links":{"self":[{"href":"https:\/\/pcb.org.br\/portal2\/wp-json\/wp\/v2\/posts\/3090","targetHints":{"allow":["GET"]}}],"collection":[{"href":"https:\/\/pcb.org.br\/portal2\/wp-json\/wp\/v2\/posts"}],"about":[{"href":"https:\/\/pcb.org.br\/portal2\/wp-json\/wp\/v2\/types\/post"}],"author":[{"embeddable":true,"href":"https:\/\/pcb.org.br\/portal2\/wp-json\/wp\/v2\/users\/1"}],"replies":[{"embeddable":true,"href":"https:\/\/pcb.org.br\/portal2\/wp-json\/wp\/v2\/comments?post=3090"}],"version-history":[{"count":0,"href":"https:\/\/pcb.org.br\/portal2\/wp-json\/wp\/v2\/posts\/3090\/revisions"}],"wp:attachment":[{"href":"https:\/\/pcb.org.br\/portal2\/wp-json\/wp\/v2\/media?parent=3090"}],"wp:term":[{"taxonomy":"category","embeddable":true,"href":"https:\/\/pcb.org.br\/portal2\/wp-json\/wp\/v2\/categories?post=3090"},{"taxonomy":"post_tag","embeddable":true,"href":"https:\/\/pcb.org.br\/portal2\/wp-json\/wp\/v2\/tags?post=3090"}],"curies":[{"name":"wp","href":"https:\/\/api.w.org\/{rel}","templated":true}]}}