{"id":30911,"date":"2023-10-01T17:21:49","date_gmt":"2023-10-01T20:21:49","guid":{"rendered":"https:\/\/pcb.org.br\/portal2\/?p=30911"},"modified":"2023-10-01T17:21:49","modified_gmt":"2023-10-01T20:21:49","slug":"opp-80-em-defesa-das-estatais-e-do-servico-publico","status":"publish","type":"post","link":"https:\/\/pcb.org.br\/portal2\/30911","title":{"rendered":"OPP 80: em defesa das estatais e do servi\u00e7o p\u00fablico!"},"content":{"rendered":"<p><img decoding=\"async\" class=\"imagem\" title=\"imagem\" src=\"https:\/\/lh3.googleusercontent.com\/pw\/ADCreHcRlvQrQtukRt7wXm0OWNw7uvJxF9kMAeokWIENiJpHEjGpQvNLr6ehxFaM6jGh47r1rv1MhyQV9LNYzlvs-U6Pyx1Z3kIT5JvbMey_QJaYA9Cod6UUSpZWbKmjis0BJpAQoZj75Pz1jwQLLpN4YT5d=w464-h656-s-no\" alt=\"imagem\" \/><!--more-->O PODER POPULAR N\u00ba 80 (OUTUBRO DE 2023)<\/p>\n<p>Mat\u00e9rias:<\/p>\n<p>P\u00e1gina 2: Editorial \u2013 Organizar a luta em defesa das estatais e do servi\u00e7o p\u00fablico!<\/p>\n<p>P\u00e1gina 3: 70 anos da gigante Petrobras<\/p>\n<p>P\u00e1ginas 4 e 5: Aborto legal, seguro e gratuito oferecido pelo SUS<\/p>\n<p>P\u00e1ginas 6 e 7: PCB convoca Confer\u00eancia Pol\u00edtica Nacional. Milit\u00e2ncia comunista combate fracionismo e sai em defesa do PCB<\/p>\n<p>P\u00e1gina 8: Desafios das lutas da classe trabalhadora no Brasil<\/p>\n<p>P\u00e1gina 9: Se\u00e7\u00e3o Liter\u00e1ria \u2013 Poemas de K\u00e9len Henn<\/p>\n<p>P\u00e1gina 10: A UJC \u00e9 a Juventude do PCB!<\/p>\n<p>P\u00e1gina 11: 106 anos da Revolu\u00e7\u00e3o Russa<\/p>\n<p>P\u00e1gina 12: Mem\u00f3ria Viva PCB 101 anos \u2013 Graciliano Ramos<\/p>\n<p>Conselho Editorial (Comiss\u00e3o Nacional de Comunica\u00e7\u00e3o do PCB): Edmilson Costa, Ant\u00f4nio Lima Jr., Fabio Bezerra, Lucas Silva, Nath\u00e1lia Mozer, Renata Regina, Ricardo Costa, Roberto Arrais (jornalista respons\u00e1vel \u2013 985\/DRT \u2013 FENAJ).<\/p>\n<p>Colaboradores desta edi\u00e7\u00e3o: D\u00eanis de Moraes, K\u00e9len Henn, Milton Pinheiro, Paulo Maskote, Rodrigo Lima, Funda\u00e7\u00e3o Dinarco Reis, Coletivo Feminista Classista Ana Montenegro, Unidade Classista<\/p>\n<hr \/>\n<div align=\"center\">\n<p>Leitura:<\/p>\n<p><a href=\"https:\/\/drive.google.com\/file\/d\/1gk2qwS2pEeg-r1qbqIn94sytyhjawaBT\/view\" target=\"_blank\" rel=\"noopener noreferrer\"><img loading=\"lazy\" decoding=\"async\" class=\"\" src=\"https:\/\/i0.wp.com\/pcb.org.br\/portal\/images\/stories\/download1.png?resize=48%2C48\" width=\"48\" height=\"48\" \/><\/a><\/p>\n<hr \/>\n<p>Impress\u00e3o:<\/p>\n<p><a href=\"https:\/\/drive.google.com\/file\/d\/1el4gErWlD0w3fX1zFPqvmWhaA9aGnp7N\/view\" target=\"_blank\" rel=\"noopener noreferrer\"><img loading=\"lazy\" decoding=\"async\" class=\"\" src=\"https:\/\/i0.wp.com\/pcb.org.br\/portal\/images\/stories\/download1.png?resize=48%2C48\" width=\"48\" height=\"48\" \/><\/a><\/p>\n<\/div>\n","protected":false},"excerpt":{"rendered":"<a class=\"moretag\" href=\"https:\/\/pcb.org.br\/portal2\/30911\"> <\/a>","protected":false},"author":1,"featured_media":0,"comment_status":"closed","ping_status":"closed","sticky":false,"template":"","format":"standard","meta":{"jetpack_post_was_ever_published":false,"_jetpack_newsletter_access":"","_jetpack_dont_email_post_to_subs":false,"_jetpack_newsletter_tier_id":0,"_jetpack_memberships_contains_paywalled_content":false,"_jetpack_memberships_contains_paid_content":false,"footnotes":"","jetpack_publicize_message":"","jetpack_publicize_feature_enabled":true,"jetpack_social_post_already_shared":true,"jetpack_social_options":{"image_generator_settings":{"template":"highway","default_image_id":0,"font":"","enabled":false},"version":2}},"categories":[140],"tags":[221,229],"class_list":["post-30911","post","type-post","status-publish","format-standard","hentry","category-c140-jornal-o-poder-popular","tag-2a","tag-opprecente"],"jetpack_publicize_connections":[],"jetpack_featured_media_url":"","jetpack_shortlink":"https:\/\/wp.me\/p659gw-82z","jetpack-related-posts":[],"jetpack_likes_enabled":true,"jetpack_sharing_enabled":true,"_links":{"self":[{"href":"https:\/\/pcb.org.br\/portal2\/wp-json\/wp\/v2\/posts\/30911","targetHints":{"allow":["GET"]}}],"collection":[{"href":"https:\/\/pcb.org.br\/portal2\/wp-json\/wp\/v2\/posts"}],"about":[{"href":"https:\/\/pcb.org.br\/portal2\/wp-json\/wp\/v2\/types\/post"}],"author":[{"embeddable":true,"href":"https:\/\/pcb.org.br\/portal2\/wp-json\/wp\/v2\/users\/1"}],"replies":[{"embeddable":true,"href":"https:\/\/pcb.org.br\/portal2\/wp-json\/wp\/v2\/comments?post=30911"}],"version-history":[{"count":1,"href":"https:\/\/pcb.org.br\/portal2\/wp-json\/wp\/v2\/posts\/30911\/revisions"}],"predecessor-version":[{"id":30912,"href":"https:\/\/pcb.org.br\/portal2\/wp-json\/wp\/v2\/posts\/30911\/revisions\/30912"}],"wp:attachment":[{"href":"https:\/\/pcb.org.br\/portal2\/wp-json\/wp\/v2\/media?parent=30911"}],"wp:term":[{"taxonomy":"category","embeddable":true,"href":"https:\/\/pcb.org.br\/portal2\/wp-json\/wp\/v2\/categories?post=30911"},{"taxonomy":"post_tag","embeddable":true,"href":"https:\/\/pcb.org.br\/portal2\/wp-json\/wp\/v2\/tags?post=30911"}],"curies":[{"name":"wp","href":"https:\/\/api.w.org\/{rel}","templated":true}]}}