{"id":30967,"date":"2023-10-17T21:22:53","date_gmt":"2023-10-18T00:22:53","guid":{"rendered":"https:\/\/pcb.org.br\/portal2\/?p=30967"},"modified":"2023-10-17T21:22:53","modified_gmt":"2023-10-18T00:22:53","slug":"declaracao-do-partido-comunista-palestino","status":"publish","type":"post","link":"https:\/\/pcb.org.br\/portal2\/30967","title":{"rendered":"Declara\u00e7\u00e3o do Partido Comunista Palestino"},"content":{"rendered":"<p><img data-recalc-dims=\"1\" loading=\"lazy\" decoding=\"async\" data-attachment-id=\"30968\" data-permalink=\"https:\/\/pcb.org.br\/portal2\/30967\/image11-7\" data-orig-file=\"https:\/\/i0.wp.com\/pcb.org.br\/portal2\/wp-content\/uploads\/2023\/10\/image11.png?fit=905%2C613&amp;ssl=1\" data-orig-size=\"905,613\" data-comments-opened=\"0\" data-image-meta=\"{&quot;aperture&quot;:&quot;0&quot;,&quot;credit&quot;:&quot;&quot;,&quot;camera&quot;:&quot;&quot;,&quot;caption&quot;:&quot;&quot;,&quot;created_timestamp&quot;:&quot;0&quot;,&quot;copyright&quot;:&quot;&quot;,&quot;focal_length&quot;:&quot;0&quot;,&quot;iso&quot;:&quot;0&quot;,&quot;shutter_speed&quot;:&quot;0&quot;,&quot;title&quot;:&quot;&quot;,&quot;orientation&quot;:&quot;0&quot;}\" data-image-title=\"image(11)\" data-image-description=\"\" data-image-caption=\"\" data-large-file=\"https:\/\/i0.wp.com\/pcb.org.br\/portal2\/wp-content\/uploads\/2023\/10\/image11.png?fit=747%2C506&amp;ssl=1\" class=\"alignnone size-large wp-image-30968\" src=\"https:\/\/i0.wp.com\/pcb.org.br\/portal2\/wp-content\/uploads\/2023\/10\/image11.png?resize=747%2C506&#038;ssl=1\" alt=\"\" width=\"747\" height=\"506\" srcset=\"https:\/\/i0.wp.com\/pcb.org.br\/portal2\/wp-content\/uploads\/2023\/10\/image11.png?resize=900%2C610&amp;ssl=1 900w, https:\/\/i0.wp.com\/pcb.org.br\/portal2\/wp-content\/uploads\/2023\/10\/image11.png?resize=300%2C203&amp;ssl=1 300w, https:\/\/i0.wp.com\/pcb.org.br\/portal2\/wp-content\/uploads\/2023\/10\/image11.png?resize=768%2C520&amp;ssl=1 768w, https:\/\/i0.wp.com\/pcb.org.br\/portal2\/wp-content\/uploads\/2023\/10\/image11.png?w=905&amp;ssl=1 905w\" sizes=\"auto, (max-width: 747px) 100vw, 747px\" \/><!--more--><\/p>\n<p><strong>Sobre a situa\u00e7\u00e3o na Palestina ocupada<\/strong><\/p>\n<p>Desde que come\u00e7ou o ataque ao nosso povo na Faixa de Gaza, e devido ao apoio sem paralelo dos Estados Unidos da Am\u00e9rica e dos pa\u00edses europeus, especificamente Gr\u00e3-Bretanha, Fran\u00e7a, Alemanha e It\u00e1lia, ao Estado-entidade sionista, o sil\u00eancio dos regimes \u00e1rabes reacion\u00e1rios \u00e9 o sil\u00eancio dos t\u00famulos sobre o que est\u00e1 acontecendo nos territ\u00f3rios palestinos ocupados: limpeza \u00e9tnica e genoc\u00eddio contra nosso povo na Faixa de Gaza.<\/p>\n<p>Tudo isso est\u00e1 acontecendo diante dos olhos de todo o mundo. Manifesta\u00e7\u00f5es come\u00e7aram a espalhar-se pela Cisjord\u00e2nia, onde bandos de colonos extremistas foram armados pelo governo de ocupa\u00e7\u00e3o fascista, aumentaram os ataques dos colonos contra aldeias palestinas e comunidades bedu\u00ednas, bem como os seus ataques \u00e0s estradas externas que ligam as cidades palestinas a tudo mais, apoiados pelas for\u00e7as de ocupa\u00e7\u00e3o sionistas.<\/p>\n<p>Mais recentemente a guerra contra o nosso povo come\u00e7ou a tomar um novo rumo. Al\u00e9m dos massacres di\u00e1rios cometidos pela ocupa\u00e7\u00e3o, esta come\u00e7ou a travar uma guerra psicol\u00f3gica e operacional para for\u00e7ar 1,1 milh\u00f5es de palestinos a migrar do norte de Gaza para o sul, al\u00e9m do Vale de Gaza. Esta quest\u00e3o criou confus\u00e3o e terror entre as pessoas sobre para onde ir. As Na\u00e7\u00f5es Unidas exigiram que Israel cancelasse a ordem de evacua\u00e7\u00e3o, visto que os residentes n\u00e3o podem ir para sul devido \u00e0 destrui\u00e7\u00e3o das estradas; mas veio a resposta sionista, acusando a posi\u00e7\u00e3o internacional de ser vergonhosa.<\/p>\n<p>Segundo a imprensa, a UNRWA (Ag\u00eancia das Na\u00e7\u00f5es Unidas de Assist\u00eancia aos Refugiados da Palestina) ordenou a transfer\u00eancia dos seus escrit\u00f3rios para o sul da Faixa de Gaza e exigiu que Israel protegesse os deslocados nas suas escolas. Esta quest\u00e3o e as respostas das organiza\u00e7\u00f5es da frente foram acompanhadas pela declara\u00e7\u00e3o de Gaza como zona de opera\u00e7\u00f5es militares, pois desde o primeiro dia da guerra contra o nosso povo a ocupa\u00e7\u00e3o come\u00e7ou a concentrar-se no levantamento de bairros inteiros no oeste e no norte de Gaza, em prepara\u00e7\u00e3o para alcan\u00e7ar seu objetivo.<\/p>\n<p>O bombardeamento brutal \u00e9 acompanhado por movimentos estadunidenses e pedidos levados pelo Secret\u00e1rio de Estado dos EUA, Blinken, aos pa\u00edses \u00e1rabes, exigindo que forne\u00e7am um corredor humanit\u00e1rio para o movimento de pessoas em dire\u00e7\u00e3o ao Sinai e aceitem a absor\u00e7\u00e3o de metade da popula\u00e7\u00e3o da Faixa naqueles pa\u00edses. A conspira\u00e7\u00e3o tornou muito clara que o objetivo \u00e9 deslocar o maior n\u00famero de palestinos da Faixa de Gaza para o Egito, Qatar e Jord\u00e2nia, que \u00e9 o que Blinken est\u00e1 buscando na sua viagem aos pa\u00edses \u00e1rabes, e n\u00e3o sabemos como \u00e9 que estes pa\u00edses responder\u00e3o \u00e0s demandas israelenses e estadunidenses.<\/p>\n<p>N\u00f3s, do Partido Comunista Palestino, face a esta conspira\u00e7\u00e3o global que est\u00e1 sendo tramada contra o nosso povo, declaramos a nossa rejei\u00e7\u00e3o absoluta \u00e0s pol\u00edticas de deporta\u00e7\u00e3o, desloca\u00e7\u00e3o e reinstala\u00e7\u00e3o, e apelamos aos partidos comunistas de todo o mundo, partidos \u00e1rabes e a todas as pessoas livres no mundo que realizem manifesta\u00e7\u00f5es contra esta conspira\u00e7\u00e3o. Encontramo-nos numa situa\u00e7\u00e3o em que necessitamos da maior solidariedade internacional com o nosso povo \u00e1rabe palestino.<\/p>\n<p>Rela\u00e7\u00f5es Internacionais<br \/>\nPartido Comunista Palestino<\/p>\n<div dir=\"auto\"><span style=\"font-size: large;\">Link na Solidnet:<\/span><\/div>\n<div dir=\"auto\"><span style=\"font-size: large;\">\u00a0<\/span><\/div>\n<div dir=\"auto\"><span style=\"font-size: large;\"><a href=\"http:\/\/www.solidnet.org\/article\/Palestinian-CP-An-explanatory-statement-issued-by-the-Palestinian-Communist-Party-on-the-situation-in-occupied-Palestine\/\" target=\"_blank\" rel=\"noopener noreferrer\" data-saferedirecturl=\"https:\/\/www.google.com\/url?q=http:\/\/www.solidnet.org\/article\/Palestinian-CP-An-explanatory-statement-issued-by-the-Palestinian-Communist-Party-on-the-situation-in-occupied-Palestine\/&amp;source=gmail&amp;ust=1697674128882000&amp;usg=AOvVaw0TuiIY5HZdVhBr_h8bMNN1\">http:\/\/www.solidnet.org\/<wbr \/>article\/Palestinian-CP-An-<wbr \/>explanatory-statement-issued-<wbr \/>by-the-Palestinian-Communist-<wbr \/>Party-on-the-situation-in-<wbr \/>occupied-Palestine\/<\/a><\/span><\/div>\n<div dir=\"auto\"><\/div>\n","protected":false},"excerpt":{"rendered":"<a class=\"moretag\" href=\"https:\/\/pcb.org.br\/portal2\/30967\"> <\/a>","protected":false},"author":8,"featured_media":0,"comment_status":"closed","ping_status":"closed","sticky":false,"template":"","format":"standard","meta":{"jetpack_post_was_ever_published":false,"_jetpack_newsletter_access":"","_jetpack_dont_email_post_to_subs":false,"_jetpack_newsletter_tier_id":0,"_jetpack_memberships_contains_paywalled_content":false,"_jetpack_memberships_contains_paid_content":false,"footnotes":"","jetpack_publicize_message":"","jetpack_publicize_feature_enabled":true,"jetpack_social_post_already_shared":true,"jetpack_social_options":{"image_generator_settings":{"template":"highway","default_image_id":0,"font":"","enabled":false},"version":2}},"categories":[242,146,78],"tags":[219],"class_list":["post-30967","post","type-post","status-publish","format-standard","hentry","category-eipco","category-internacionalismo","category-c91-solidariedade-a-palestina","tag-manchete"],"jetpack_publicize_connections":[],"jetpack_featured_media_url":"","jetpack_shortlink":"https:\/\/wp.me\/p659gw-83t","jetpack-related-posts":[],"jetpack_likes_enabled":true,"jetpack_sharing_enabled":true,"_links":{"self":[{"href":"https:\/\/pcb.org.br\/portal2\/wp-json\/wp\/v2\/posts\/30967","targetHints":{"allow":["GET"]}}],"collection":[{"href":"https:\/\/pcb.org.br\/portal2\/wp-json\/wp\/v2\/posts"}],"about":[{"href":"https:\/\/pcb.org.br\/portal2\/wp-json\/wp\/v2\/types\/post"}],"author":[{"embeddable":true,"href":"https:\/\/pcb.org.br\/portal2\/wp-json\/wp\/v2\/users\/8"}],"replies":[{"embeddable":true,"href":"https:\/\/pcb.org.br\/portal2\/wp-json\/wp\/v2\/comments?post=30967"}],"version-history":[{"count":1,"href":"https:\/\/pcb.org.br\/portal2\/wp-json\/wp\/v2\/posts\/30967\/revisions"}],"predecessor-version":[{"id":30969,"href":"https:\/\/pcb.org.br\/portal2\/wp-json\/wp\/v2\/posts\/30967\/revisions\/30969"}],"wp:attachment":[{"href":"https:\/\/pcb.org.br\/portal2\/wp-json\/wp\/v2\/media?parent=30967"}],"wp:term":[{"taxonomy":"category","embeddable":true,"href":"https:\/\/pcb.org.br\/portal2\/wp-json\/wp\/v2\/categories?post=30967"},{"taxonomy":"post_tag","embeddable":true,"href":"https:\/\/pcb.org.br\/portal2\/wp-json\/wp\/v2\/tags?post=30967"}],"curies":[{"name":"wp","href":"https:\/\/api.w.org\/{rel}","templated":true}]}}