{"id":30977,"date":"2023-10-19T21:09:11","date_gmt":"2023-10-20T00:09:11","guid":{"rendered":"https:\/\/pcb.org.br\/portal2\/?p=30977"},"modified":"2023-10-19T21:09:11","modified_gmt":"2023-10-20T00:09:11","slug":"uma-escola-para-a-ideologia-ultraliberal","status":"publish","type":"post","link":"https:\/\/pcb.org.br\/portal2\/30977","title":{"rendered":"Uma escola para a ideologia ultraliberal"},"content":{"rendered":"<p><img data-recalc-dims=\"1\" loading=\"lazy\" decoding=\"async\" data-attachment-id=\"30978\" data-permalink=\"https:\/\/pcb.org.br\/portal2\/30977\/unnamed-21\" data-orig-file=\"https:\/\/i0.wp.com\/pcb.org.br\/portal2\/wp-content\/uploads\/2023\/10\/unnamed-1.jpg?fit=650%2C475&amp;ssl=1\" data-orig-size=\"650,475\" data-comments-opened=\"0\" data-image-meta=\"{&quot;aperture&quot;:&quot;0&quot;,&quot;credit&quot;:&quot;248453317027102&quot;,&quot;camera&quot;:&quot;&quot;,&quot;caption&quot;:&quot;&quot;,&quot;created_timestamp&quot;:&quot;0&quot;,&quot;copyright&quot;:&quot;&quot;,&quot;focal_length&quot;:&quot;0&quot;,&quot;iso&quot;:&quot;0&quot;,&quot;shutter_speed&quot;:&quot;0&quot;,&quot;title&quot;:&quot;&quot;,&quot;orientation&quot;:&quot;0&quot;}\" data-image-title=\"unnamed\" data-image-description=\"\" data-image-caption=\"\" data-large-file=\"https:\/\/i0.wp.com\/pcb.org.br\/portal2\/wp-content\/uploads\/2023\/10\/unnamed-1.jpg?fit=650%2C475&amp;ssl=1\" class=\"alignnone size-full wp-image-30978\" src=\"https:\/\/i0.wp.com\/pcb.org.br\/portal2\/wp-content\/uploads\/2023\/10\/unnamed-1.jpg?resize=650%2C475&#038;ssl=1\" alt=\"\" width=\"650\" height=\"475\" srcset=\"https:\/\/i0.wp.com\/pcb.org.br\/portal2\/wp-content\/uploads\/2023\/10\/unnamed-1.jpg?w=650&amp;ssl=1 650w, https:\/\/i0.wp.com\/pcb.org.br\/portal2\/wp-content\/uploads\/2023\/10\/unnamed-1.jpg?resize=300%2C219&amp;ssl=1 300w\" sizes=\"auto, (max-width: 650px) 100vw, 650px\" \/><!--more--><\/p>\n<p>Vereador de Macei\u00f3 (AL) prop\u00f5e projeto que pega recursos p\u00fablicos para investir em escolas privadas de qualidade duvidosa<\/p>\n<p><strong>A Voz do Povo<\/strong><\/p>\n<p>Por tr\u00e1s de todo liberal h\u00e1 um sanguessuga dos cofres p\u00fablicos!<\/p>\n<p>Por tr\u00e1s de todo ultraliberal, h\u00e1 um vampiro disposto a acabar com toda fonte de recursos que envolvam pol\u00edticas p\u00fablicas para a maioria da popula\u00e7\u00e3o!<\/p>\n<p>Sob o lema do \u201cEstado M\u00ednimo\u201d, estes lar\u00e1pios destroem toda estrutura estatal constru\u00edda com o suor do povo para entregar de m\u00e3os beijadas o fundo dos recursos p\u00fablicos \u00e0 iniciativa privada!<\/p>\n<p>O vereador por Macei\u00f3, Leonardo Dias, que foi candidato a vice-governador na chapa do r\u00e9u condenado Fernando Collor, segue o receitu\u00e1rio cl\u00e1ssico do neoliberalismo. Ao longo de seu mandato, mandato que usufrui de verbas p\u00fablicas gra\u00fadas e infraestrutura paga pelo povo, o parlamentar tenta acabar ou diminuir toda e qualquer a\u00e7\u00e3o social em favor da classe trabalhadora, do povo pobre das periferias de Macei\u00f3. \u00c9 um soldado abnegado na defesa de tudo que \u00e9 contra os verdadeiros interesses populares!<\/p>\n<p>Sua \u00faltima investida \u00e9 um projeto de lei que retira recursos da Educa\u00e7\u00e3o P\u00fablica de Macei\u00f3 e entrega \u00e0 iniciativa privada. O projeto de lei apresentado pelo adorador de Bolsonaro, ex-presidente, genocida e ladr\u00e3o de joias, foi aprovado na C\u00e2mara de Vereadores de Macei\u00f3 nesta \u00faltima quinta-feira, 5\/outubro. Neste projeto, recursos do FUNDEB (Fundo de Desenvolvimento da Educa\u00e7\u00e3o B\u00e1sica), que deveriam ser investidos em escolas p\u00fablicas, concursos para professores, merendas de qualidades, ser\u00e3o transformados em vales educacionais para uso nas Rede Particular de Ensino ou mesmo em compra direta de vagas nestes estabelecimentos.<\/p>\n<p>Em princ\u00edpio, muitos poder\u00e3o achar que est\u00e1 sendo feito um \u00f3timo investimento, e que este projeto trar\u00e1 benef\u00edcios para parte da popula\u00e7\u00e3o que ser\u00e1 atendida, pois estas escolas supostamente ofertariam um servi\u00e7o de melhor qualidade do que aquele ofertado na Rede P\u00fablica Municipal de Macei\u00f3. Ledo engano. Primeiro, porque os valores que devem ser envolvidos nesta proposta n\u00e3o ser\u00e3o suficientes para contratar vagas nos melhores estabelecimentos educacionais de Macei\u00f3, e sim para pequenas escolas privadas de periferia cuja precariedade nas condi\u00e7\u00f5es de oferta s\u00f3 s\u00e3o diminu\u00eddas pelo empenho e trabalho dos professores envolvidos. Segundo, pelo fato de que, em fun\u00e7\u00e3o da influ\u00eancia direta que vereadores, cabos eleitorais, secret\u00e1rios etc, na distribui\u00e7\u00e3o de n\u00famero de vagas para este ou aquele estabelecimento, a partir de crit\u00e9rios muito duvidosos, n\u00e3o ser\u00e1 a qualidade do ensino que servir\u00e1 de crit\u00e9rio, mas a famosa propina (que ningu\u00e9m v\u00ea mas que todo mundo sabe que existe), o caixa dois que faz brilhar os olhos desta tropa de fals\u00e1rios ideol\u00f3gicos. Um prato cheio para lobbies de parlamentares avan\u00e7arem em uma parcela importante dos recursos destinados \u00e0 Educa\u00e7\u00e3o de Macei\u00f3.<\/p>\n<p>Al\u00e9m de todo este cen\u00e1rio, veremos ainda algo mais terr\u00edvel e violento, no que se refere \u00e0 natureza do processo educacional desenvolvido nestes estabelecimentos. Adepto de teorias negacionistas, este mesmo vereador j\u00e1 apresentou projeto de cria\u00e7\u00e3o do dia municipal de homenagem \u00e0s v\u00edtimas do comunismo, numa tentativa de criminalizar a \u00fanica perspectiva revolucion\u00e1ria que advoga o fim da explora\u00e7\u00e3o e opress\u00e3o do ser humano por outro ser humano. Aos poucos, certamente veremos o tipo de influ\u00eancia que estes vereadores possuem na destina\u00e7\u00e3o destes recursos, ajudando a influenciar na contrata\u00e7\u00e3o de professores sem forma\u00e7\u00e3o adequada para trabalhar com os conte\u00fados ideol\u00f3gicos produzidos pelos ide\u00f3logos da extrema-direita.<\/p>\n<p>Em vez de aulas sobre a crise clim\u00e1tica e o efeito estufa, teremos \u201censinamentos\u201d que afirmam que acabar com as \u00e1rvores far\u00e1 o vento circular mais facilmente nas regi\u00f5es do pa\u00eds. Nas aulas de Geografia, logo logo a terra ser\u00e1 plana, enquanto nas de Biologia n\u00e3o se falar\u00e1 na teoria evolucionista, mas numa vers\u00e3o piorada do criacionismo mais tacanho e fundamentalista. N\u00e3o ser\u00e1 mais preciso aulas de Educa\u00e7\u00e3o Sexual, nas quais crian\u00e7as e adolescentes comecem a entender sobre as mudan\u00e7as do seu pr\u00f3prio corpo, mas sim ser\u00e3o feitas cartilhas para definir o papel da mulher inferiorizado em rela\u00e7\u00e3o ao do homem. Enquanto nas aulas de Matem\u00e1tica talvez dois mais dois deixem de ser quatro, nas de Hist\u00f3ria, o nazismo ser\u00e1 uma ideologia de esquerda, o escravismo colonial e a monarquia ser\u00e3o louvados, e se ensinar\u00e1 que nunca houve ditadura no Brasil!<\/p>\n<p>Esta ser\u00e1 uma consequ\u00eancia nefasta deste tipo de projeto: al\u00e9m de roubarem recursos p\u00fablicos para a iniciativa privada duvidosa, ofertar\u00e3o ensino de p\u00e9ssima qualidade voltado para domesticar o pensamento cr\u00edtico, e fazer com que crian\u00e7as e adolescentes aprendam as piores doutrinas e assimilem uma ideologia de domina\u00e7\u00e3o, de apassivamento, de resigna\u00e7\u00e3o natural a ordem dos poderosos!<\/p>\n<p>O autor da proposta (que foi o \u00fanico vereador que tentou atrapalhar a vacina\u00e7\u00e3o contra a covid-19 aqui em Macei\u00f3 quando o que toda popula\u00e7\u00e3o mais queria era justamente ser vacinada!), argumentou o seguinte em defesa deste projeto: \u201cEntendemos que o melhor caminho \u00e9 a constru\u00e7\u00e3o de escolas. Entretanto, para tal, \u00e9 necess\u00e1rio no m\u00ednimo um ano e meio para que essas unidades de ensino fiquem prontas. E n\u00f3s temos que resolver o problema, que \u00e9 imediato, de milhares de crian\u00e7as que s\u00e3o impossibilitadas de estudar\u201d<\/p>\n<p>Esta frase foi dita pelo vereador esta semana, ou seja, em outubro de 2023, dois anos e meio depois de ter iniciado seu mandato como parlamentar. Ao longo de todo este per\u00edodo, que segundo o pr\u00f3prio vereador seria um tempo suficiente para constru\u00e7\u00e3o de escolas, o bajulador da fam\u00edlia miliciana nunca solicitou a constru\u00e7\u00e3o de uma \u00fanica escola p\u00fablica em toda capital alagoana! Um verdadeiro esc\u00e1rnio, um sofisma t\u00edpico de todo pensamento liberal!<\/p>\n<p>\u00c9 preciso denunciar esta proposta junto a toda popula\u00e7\u00e3o maceioense e alagoana! Disfar\u00e7ada na oferta de um ensino de melhor qualidade para os filhos e filhas da classe trabalhadora de Macei\u00f3, esta proposta dilapida o FUNDEB e pode produzir escolas que, em vez de ensinar os avan\u00e7os da ci\u00eancia, produzam ideologia conservadora e negacionista!<\/p>\n<p>O Sinteal (Sindicato dos Trabalhadores da Educa\u00e7\u00e3o em Alagoas), os especialistas e pesquisadores do CEDU(Centro de Educa\u00e7\u00e3o) da Ufal, al\u00e9m de autoridades p\u00fablicas das mais diversas, devem se manifestar e conter os \u00edmpetos de um projeto claramente inconstitucional!<\/p>\n<p>O munic\u00edpio de Macei\u00f3 e a C\u00e2mara de Vereadores precisam fortalecer o ensino p\u00fablico, a infraestrutura de nossas escolas e da Rede Municipal como um todo, oferecendo educa\u00e7\u00e3o de qualidade para toda popula\u00e7\u00e3o de Macei\u00f3!<\/p>\n","protected":false},"excerpt":{"rendered":"<a class=\"moretag\" href=\"https:\/\/pcb.org.br\/portal2\/30977\"> <\/a>","protected":false},"author":8,"featured_media":0,"comment_status":"closed","ping_status":"closed","sticky":false,"template":"","format":"standard","meta":{"jetpack_post_was_ever_published":false,"_jetpack_newsletter_access":"","_jetpack_dont_email_post_to_subs":false,"_jetpack_newsletter_tier_id":0,"_jetpack_memberships_contains_paywalled_content":false,"_jetpack_memberships_contains_paid_content":false,"footnotes":"","jetpack_publicize_message":"","jetpack_publicize_feature_enabled":true,"jetpack_social_post_already_shared":true,"jetpack_social_options":{"image_generator_settings":{"template":"highway","default_image_id":0,"font":"","enabled":false},"version":2}},"categories":[60,20,15],"tags":[226],"class_list":["post-30977","post","type-post","status-publish","format-standard","hentry","category-c71-educacao","category-c1-popular","category-s18-sindical","tag-4b"],"jetpack_publicize_connections":[],"jetpack_featured_media_url":"","jetpack_shortlink":"https:\/\/wp.me\/p659gw-83D","jetpack-related-posts":[],"jetpack_likes_enabled":true,"jetpack_sharing_enabled":true,"_links":{"self":[{"href":"https:\/\/pcb.org.br\/portal2\/wp-json\/wp\/v2\/posts\/30977","targetHints":{"allow":["GET"]}}],"collection":[{"href":"https:\/\/pcb.org.br\/portal2\/wp-json\/wp\/v2\/posts"}],"about":[{"href":"https:\/\/pcb.org.br\/portal2\/wp-json\/wp\/v2\/types\/post"}],"author":[{"embeddable":true,"href":"https:\/\/pcb.org.br\/portal2\/wp-json\/wp\/v2\/users\/8"}],"replies":[{"embeddable":true,"href":"https:\/\/pcb.org.br\/portal2\/wp-json\/wp\/v2\/comments?post=30977"}],"version-history":[{"count":1,"href":"https:\/\/pcb.org.br\/portal2\/wp-json\/wp\/v2\/posts\/30977\/revisions"}],"predecessor-version":[{"id":30979,"href":"https:\/\/pcb.org.br\/portal2\/wp-json\/wp\/v2\/posts\/30977\/revisions\/30979"}],"wp:attachment":[{"href":"https:\/\/pcb.org.br\/portal2\/wp-json\/wp\/v2\/media?parent=30977"}],"wp:term":[{"taxonomy":"category","embeddable":true,"href":"https:\/\/pcb.org.br\/portal2\/wp-json\/wp\/v2\/categories?post=30977"},{"taxonomy":"post_tag","embeddable":true,"href":"https:\/\/pcb.org.br\/portal2\/wp-json\/wp\/v2\/tags?post=30977"}],"curies":[{"name":"wp","href":"https:\/\/api.w.org\/{rel}","templated":true}]}}