{"id":3098,"date":"2012-06-29T04:43:18","date_gmt":"2012-06-29T04:43:18","guid":{"rendered":"http:\/\/pcb.org.br\/portal2\/?p=3098"},"modified":"2012-06-29T04:43:18","modified_gmt":"2012-06-29T04:43:18","slug":"declaracao-da-juventude-comunista-da-bolivia-em-seu-59o-aniversario","status":"publish","type":"post","link":"https:\/\/pcb.org.br\/portal2\/3098","title":{"rendered":"Declara\u00e7\u00e3o da Juventude Comunista da Bol\u00edvia em seu 59\u00ba anivers\u00e1rio"},"content":{"rendered":"\n<p>No dia 27 de junho, a Juventude Comunista da Bol\u00edvia, vanguarda juvenil na luta pelo socialismo em nosso pa\u00eds, festeja mais um ano de sua funda\u00e7\u00e3o. Em 27 de junho de 1953, a juventude progressista e revolucion\u00e1ria de nosso pa\u00eds viu nascer sua organiza\u00e7\u00e3o, como destacamento juvenil do Partido Comunista da Bol\u00edvia.<\/p>\n<p>A hist\u00f3ria de nossa organiza\u00e7\u00e3o est\u00e1 tingida de sangue e gl\u00f3ria. Durante estes 59 anos de luta intransigente e abnegada por uma p\u00e1tria que prime pela justi\u00e7a social e pelo fim da explora\u00e7\u00e3o do homem pelo homem, centenas de militantes da nossa organiza\u00e7\u00e3o foram assassinados, torturados e exilados de sua terra natal. Desde sua funda\u00e7\u00e3o, nossa organiza\u00e7\u00e3o sofreu o ataque da burguesia e do imperialismo, enfurecidos com os melhores filhos do povo a quem exilou, torturou e assassinou com a cumplicidade da burguesia nativa e submissa.<\/p>\n<p>Neste anivers\u00e1rio \u00e9 preciso recordar e homenagear todos os nossos militantes que ca\u00edram heroicamente na luta, os que lutaram contra a ditadura de Barrientos, de Banzer, de Garc\u00eda Meza, os que combateram todos esses anos o modelo neoliberal, os que estavam nas ruas para expulsar o assassino S\u00e1nchez de Lozada e todo o seu s\u00e9quito, al\u00e9m daqueles que constroem dia a dia uma nova p\u00e1tria.<\/p>\n<p>Neste aniversario, reafirmamos nossa convic\u00e7\u00e3o nos princ\u00edpios do marxismo-leninismo e renovamos nossa f\u00e9 em nosso povo, que luta, passo a passo, pela constru\u00e7\u00e3o do socialismo.<\/p>\n<p>A \u201cJOTA\u201d iniciou um processo de reorganiza\u00e7\u00e3o e reconstru\u00e7\u00e3o de sua estrutura nacional. No momento em que a juventude se encontra despolitizada e com seus direitos vulner\u00e1veis pelo ainda vigente modelo neoliberal, a JOTA se levanta e come\u00e7a a se reestruturar e a reorganizar o movimento estudantil de nosso pa\u00eds, para converter a juventude num fator ativo da constru\u00e7\u00e3o de uma nova sociedade.<\/p>\n<p>Atualmente, nossa tarefa \u00e9 lutar incansavelmente para aprofundar este processo de mudan\u00e7as que vive nosso pa\u00eds, rumo \u00e0 constru\u00e7\u00e3o do socialismo.<\/p>\n<p align=\"center\">VIVA A JUVENTUDE COMUNISTA DA BOL\u00cdVIA!<\/p>\n<p align=\"center\">CONSTRUINDO O MOVIMENTO JUVENIL REVOLUCION\u00c1RIO!<\/p>\n<p align=\"center\">JUVENTUDE COMUNISTA DA BOL\u00cdVIA<\/p>\n<p align=\"center\">DIRE\u00c7\u00c3O NACIONAL<\/p>\n<p>27 de junho de 2012<\/p>\n<p>Tradu\u00e7\u00e3o: Partido Comunista Brasileiro (PCB)<\/p>\n","protected":false},"excerpt":{"rendered":"\n\n\nCr\u00e9dito: JCB\n\n\n\n\n\n\n\n\n<a class=\"moretag\" href=\"https:\/\/pcb.org.br\/portal2\/3098\"> <\/a>","protected":false},"author":1,"featured_media":0,"comment_status":"open","ping_status":"open","sticky":false,"template":"","format":"standard","meta":{"jetpack_post_was_ever_published":false,"_jetpack_newsletter_access":"","_jetpack_dont_email_post_to_subs":false,"_jetpack_newsletter_tier_id":0,"_jetpack_memberships_contains_paywalled_content":false,"_jetpack_memberships_contains_paid_content":false,"footnotes":"","jetpack_publicize_message":"","jetpack_publicize_feature_enabled":true,"jetpack_social_post_already_shared":false,"jetpack_social_options":{"image_generator_settings":{"template":"highway","default_image_id":0,"font":"","enabled":false},"version":2}},"categories":[44],"tags":[],"class_list":["post-3098","post","type-post","status-publish","format-standard","hentry","category-c55-bolivia"],"jetpack_publicize_connections":[],"jetpack_featured_media_url":"","jetpack_shortlink":"https:\/\/wp.me\/p659gw-NY","jetpack-related-posts":[],"jetpack_likes_enabled":true,"jetpack_sharing_enabled":true,"_links":{"self":[{"href":"https:\/\/pcb.org.br\/portal2\/wp-json\/wp\/v2\/posts\/3098","targetHints":{"allow":["GET"]}}],"collection":[{"href":"https:\/\/pcb.org.br\/portal2\/wp-json\/wp\/v2\/posts"}],"about":[{"href":"https:\/\/pcb.org.br\/portal2\/wp-json\/wp\/v2\/types\/post"}],"author":[{"embeddable":true,"href":"https:\/\/pcb.org.br\/portal2\/wp-json\/wp\/v2\/users\/1"}],"replies":[{"embeddable":true,"href":"https:\/\/pcb.org.br\/portal2\/wp-json\/wp\/v2\/comments?post=3098"}],"version-history":[{"count":0,"href":"https:\/\/pcb.org.br\/portal2\/wp-json\/wp\/v2\/posts\/3098\/revisions"}],"wp:attachment":[{"href":"https:\/\/pcb.org.br\/portal2\/wp-json\/wp\/v2\/media?parent=3098"}],"wp:term":[{"taxonomy":"category","embeddable":true,"href":"https:\/\/pcb.org.br\/portal2\/wp-json\/wp\/v2\/categories?post=3098"},{"taxonomy":"post_tag","embeddable":true,"href":"https:\/\/pcb.org.br\/portal2\/wp-json\/wp\/v2\/tags?post=3098"}],"curies":[{"name":"wp","href":"https:\/\/api.w.org\/{rel}","templated":true}]}}