{"id":3104,"date":"2012-06-30T00:31:13","date_gmt":"2012-06-30T00:31:13","guid":{"rendered":"http:\/\/pcb.org.br\/portal2\/?p=3104"},"modified":"2012-06-30T00:31:13","modified_gmt":"2012-06-30T00:31:13","slug":"mancuso-acusa-o-poder","status":"publish","type":"post","link":"https:\/\/pcb.org.br\/portal2\/3104","title":{"rendered":"Mancuso acusa o poder"},"content":{"rendered":"\n<p><strong>Integrante do Secretariado das FARC-EP<\/strong><\/p>\n<p>A Caracol Not\u00edcias realizou h\u00e1 pouco uma impactante entrevista telef\u00f4nica ao chefe paramilitar, Salvatore Mancuso, recluso em uma pris\u00e3o dos Estados Unidos, onde expressou verdades relevantes que n\u00e3o deviam ser ignoradas pelas autoridades judiciais do pa\u00eds.<\/p>\n<p>Sem esconder seu medo de Uribe V\u00e9lez, Mancuso acusa o poder. Com uma ponta de tristeza, ainda desconcertado, queixa-se amargamente do engano e da trai\u00e7\u00e3o de seu irm\u00e3o de crime, esse presidente paramilitar e mafioso que governou a Col\u00f4mbia durante oito anos. De fato, quando os chefes paramilitares come\u00e7aram a confessar suas verdades nos tribunais, Uribe os extraditou aos Estados Unidos para silenci\u00e1-los. N\u00e3o queria que sob juramento fossem pronunciados os nomes de empres\u00e1rios, generais e altos dignat\u00e1rios do Estado que manipulavam com fios invis\u00edveis os Casta\u00f1o, Mancuso, Jorge 40 e toda esta chefatura sangrenta, como inspiradores na c\u00fapula, da estrat\u00e9gia paramilitar e sua carga de crimes de lesa humanidade.<\/p>\n<p>O<em> establishment<\/em> n\u00e3o quer a verdade. Sua prioridade \u00e9 abafar sua responsabiliza\u00e7\u00e3o jur\u00eddica e evitar que a na\u00e7\u00e3o em massa o identifique, exija-lhe repara\u00e7\u00e3o, garantias de n\u00e3o repeti\u00e7\u00e3o e culmine na depura\u00e7\u00e3o das institui\u00e7\u00f5es. Deveriam encarregar a Roy Barreras pelo desenho de um marco jur\u00eddico especial que dispersasse seus medos.<\/p>\n<p>O Sr. Mancuso insistiu em suas posi\u00e7\u00f5es, de que \u00e9 errada e absurda a mensagem para o processo de paz que vem sendo enviada desde o governo anterior, afirmando que se trata de um governo que n\u00e3o cumpre as promessas, que engana e mente. N\u00e3o \u00e9 justo, diz ele, que n\u00e3o se informe ao pa\u00eds que o caminho para a paz est\u00e1 minado pelo engano e pela trai\u00e7\u00e3o.<\/p>\n<p>Para o governo, verdade, justi\u00e7a e repara\u00e7\u00e3o s\u00e3o apenas palavras vazias que s\u00f3 se conjugam com a mentira. Somente est\u00e3o na pris\u00e3o ou degredados os dirigentes paramilitares e alguns parlamentares de pouca monta da bancada uribista, por\u00e9m n\u00e3o aparecem por nenhum lado os autores intelectuais, os estrategistas.<\/p>\n<p>Uribe tece rela\u00e7\u00f5es \u00edntimas com o paramilitarismo. Com um pouco de temor, h\u00e1 que admit\u00ed-lo, Mancuso atreve-se a confessar que se reuniu v\u00e1rias vezes com ele. Que \u00e9 certa a den\u00fancia de Fabio Ochoa Vasco (capo do cartel de Medelin, preso nos EUA) sobre o financiamento paramilitar das campanhas presidenciais de Uribe. Que \u00c1lvaro e seu irm\u00e3o Santiago Uribe controlavam os \u201cdoze ap\u00f3stolos\u201d, o grupo paramilitar que assolou o norte de Antioqu\u00eda. Que ele, Alvaro Uribe, ent\u00e3o governador desse Departamento, atrav\u00e9s de seu secret\u00e1rio de governo, Pedro Juan Moreno, utilizou as Convivir (Cooperativas de Vigil\u00e2ncia) como trampolim para o crescimento e fortalecimento do paramilitarismo.<\/p>\n<p>Muito grave, desde o marco constitucional que rege a Col\u00f4mbia, que o ex-presidente &#8211; atrav\u00e9s do senador Mario Uribe e de seu conselheiro Jos\u00e9 Obdulio Gaviria &#8211; houvesse tentado tomar a Corte Suprema de Justi\u00e7a para montar uma corte ad hoc manipul\u00e1vel e cativa. T\u00edpico da conduta dos g\u00e2ngsters e mafiosos.<\/p>\n<p>Quando se afirma que um paramilitar ocupou tamb\u00e9m a vice-presid\u00eancia da Rep\u00fablica, Deus e Francisco Santos sabem que isso \u00e9 verdade. Afirma Mancuso que, sendo l\u00edder ativo, passou v\u00e1rios dias como hospede de honra em sua resid\u00eancia de Bogot\u00e1: foi esse Santos quem pediu insistentemente a Carlos Casta\u00f1o para criar o Bloco Capital do parlamentarismo a fim de ajudar a conter o avan\u00e7o da guerrilha. Casta\u00f1o lhe ofereceu o comando do Bloco e lhe prop\u00f4s assumir como negociador dos paramilitares&#8230; A justi\u00e7a n\u00e3o pode seguir atuando em forma t\u00e3o desentendida. O homem segue como se nada houvesse, falando aos microfones da RCN.<\/p>\n<p>Outra den\u00fancia concreta de Mancuso \u00e9 que o general Mario Montoya, nomeado em seu momento por Uribe como comandante do ex\u00e9rcito, era um general paramilitar. N\u00e3o somente lhes entregava carregamentos de armas, mas tamb\u00e9m participa com os paramilitares em a\u00e7\u00f5es conjuntas, como a da Comuna 13 de Medell\u00edn, de onde resultou centenas de pessoas mortas e desaparecidas. Sempre aconteceu que quando os pe\u00f5es do \u201csumo pont\u00edfice\u201d paramilitar ficavam em evid\u00eancia, este, para salv\u00e1-los, os enviava ao servi\u00e7o diplom\u00e1tico exterior. Montoya terminou sendo embaixador na Rep\u00fablica Dominicana.<\/p>\n<p>Est\u00e1 na hora de saber quem s\u00e3o esses integrantes do ex\u00e9rcito que entregaram ao l\u00edder Carlos Casta\u00f1o a informa\u00e7\u00e3o que causou o assassinato de Jaime Garz\u00f3n. Quem foram os generais que, como macabra \u201csolu\u00e7\u00e3o t\u00e9cnica\u201d, recomendaram a Mancuso, para evitar o esc\u00e2ndalo por tantas mortes em Catatumbo, a exuma\u00e7\u00e3o e incinera\u00e7\u00e3o das v\u00edtimas em fornos cremat\u00f3rios.<\/p>\n<p>Segundo Mancuso, e n\u00e3o somente ele, muitos empres\u00e1rios do pa\u00eds e multinacionais financiaram o paramilitarismo. A Chiquita, que \u00e9 a raz\u00e3o social atr\u00e1s da qual se esconde a mesma United Fruit Company, autora do massacre das bananeiras em 1928, e a Dole, por exemplo, pagam 3 centavos de d\u00f3lar por cada caixa de banana exportada. Como Postob\u00f3n, outras empresas nacionais entregaram recursos voluntariamente aos paramilitares. Generais como Rito Alejo del Rio recomendaram contact\u00e1-los. Mas aqui n\u00e3o acontece nada.<\/p>\n<p>Com respeito ao paramilitarismo, a impunidade invadiu a Col\u00f4mbia como ervas daninhas e amea\u00e7a afund\u00e1-la na escurid\u00e3o do esquecimento. O ex-presidente Alvaro Uribe Velez, o paramilitar, o principal respons\u00e1vel oculto pelos &#8220;falsos positivos&#8221;, o tempo todo obstruiu a Justi\u00e7a e conspirou contra os tribunais que n\u00e3o o subordinam. Ele tem escondido na clandestinidade o seu conselheiro enganador Luis Carlos Restrepo, que \u00e9 procurado pela acusa\u00e7\u00e3o. Deixou entrincheirado como embaixador da Col\u00f4mbia no Vaticano o respons\u00e1vel pelas escutas telef\u00f4nicas. Urdiu um asilo no Panam\u00e1 a ex-chefe do DAS, Mar\u00eda del Pilar Hurtado, tamb\u00e9m ligada, como seus antecessores, ao paramilitarismo e muitas outras podrid\u00f5es.<\/p>\n<p>Tire a morda\u00e7a dos chefes paramilitares extraditados aos Estados Unidos para que o pa\u00eds conhe\u00e7a a real verdade. Uribe j\u00e1 cansou com sua cantilena manjada de \u201cvingan\u00e7a dos criminosos\u201d quando algum figur\u00e3o paramilitar tra\u00eddo resolve dizer a verdade.<\/p>\n<p>Cada vez que desfila seu nome em alguma causa criminal, emite trinados de distra\u00e7\u00e3o, fundamentalmente contra a insurg\u00eancia, que na verdade n\u00e3o s\u00e3o trinados, mas grasnidos de p\u00e1ssaro da viol\u00eancia dos anos cinquenta.<\/p>\n<p>A Col\u00f4mbia tem direito a sair da terr\u00edvel noite, a livrar-se dos governos criminosos e de buscar alternativas pol\u00edticas e sociais, a achar um novo governo que se distingua pelo pelo respeito aos direitos dos cidad\u00e3os e que privilegie a humanidade.<\/p>\n<p><strong>Montanhas da Col\u00f4mbia, 14 de junho de 2012<\/strong><\/p>\n","protected":false},"excerpt":{"rendered":"\n\n\nCr\u00e9dito: 3.bp.blogspot\n\n\n\n\n\n\n\n\nPor Iv\u00e1n M\u00e1rquez\n<a class=\"moretag\" href=\"https:\/\/pcb.org.br\/portal2\/3104\"> <\/a>","protected":false},"author":1,"featured_media":0,"comment_status":"open","ping_status":"open","sticky":false,"template":"","format":"standard","meta":{"jetpack_post_was_ever_published":false,"_jetpack_newsletter_access":"","_jetpack_dont_email_post_to_subs":false,"_jetpack_newsletter_tier_id":0,"_jetpack_memberships_contains_paywalled_content":false,"_jetpack_memberships_contains_paid_content":false,"footnotes":"","jetpack_publicize_message":"","jetpack_publicize_feature_enabled":true,"jetpack_social_post_already_shared":false,"jetpack_social_options":{"image_generator_settings":{"template":"highway","default_image_id":0,"font":"","enabled":false},"version":2}},"categories":[34],"tags":[],"class_list":["post-3104","post","type-post","status-publish","format-standard","hentry","category-c39-colombia"],"jetpack_publicize_connections":[],"jetpack_featured_media_url":"","jetpack_shortlink":"https:\/\/wp.me\/p659gw-O4","jetpack-related-posts":[],"jetpack_likes_enabled":true,"jetpack_sharing_enabled":true,"_links":{"self":[{"href":"https:\/\/pcb.org.br\/portal2\/wp-json\/wp\/v2\/posts\/3104","targetHints":{"allow":["GET"]}}],"collection":[{"href":"https:\/\/pcb.org.br\/portal2\/wp-json\/wp\/v2\/posts"}],"about":[{"href":"https:\/\/pcb.org.br\/portal2\/wp-json\/wp\/v2\/types\/post"}],"author":[{"embeddable":true,"href":"https:\/\/pcb.org.br\/portal2\/wp-json\/wp\/v2\/users\/1"}],"replies":[{"embeddable":true,"href":"https:\/\/pcb.org.br\/portal2\/wp-json\/wp\/v2\/comments?post=3104"}],"version-history":[{"count":0,"href":"https:\/\/pcb.org.br\/portal2\/wp-json\/wp\/v2\/posts\/3104\/revisions"}],"wp:attachment":[{"href":"https:\/\/pcb.org.br\/portal2\/wp-json\/wp\/v2\/media?parent=3104"}],"wp:term":[{"taxonomy":"category","embeddable":true,"href":"https:\/\/pcb.org.br\/portal2\/wp-json\/wp\/v2\/categories?post=3104"},{"taxonomy":"post_tag","embeddable":true,"href":"https:\/\/pcb.org.br\/portal2\/wp-json\/wp\/v2\/tags?post=3104"}],"curies":[{"name":"wp","href":"https:\/\/api.w.org\/{rel}","templated":true}]}}