{"id":31052,"date":"2023-11-10T20:49:59","date_gmt":"2023-11-10T23:49:59","guid":{"rendered":"https:\/\/pcb.org.br\/portal2\/?p=31052"},"modified":"2023-11-10T20:49:59","modified_gmt":"2023-11-10T23:49:59","slug":"pc-de-israel-denuncia-mais-uma-acao-criminosa-do-governo-sionista","status":"publish","type":"post","link":"https:\/\/pcb.org.br\/portal2\/31052","title":{"rendered":"PC de Israel denuncia mais uma a\u00e7\u00e3o criminosa do governo sionista"},"content":{"rendered":"<p><img data-recalc-dims=\"1\" loading=\"lazy\" decoding=\"async\" data-attachment-id=\"31053\" data-permalink=\"https:\/\/pcb.org.br\/portal2\/31052\/pic01281-460x260\" data-orig-file=\"https:\/\/i0.wp.com\/pcb.org.br\/portal2\/wp-content\/uploads\/2023\/11\/pic01281-460x260-1.jpg?fit=460%2C260&amp;ssl=1\" data-orig-size=\"460,260\" data-comments-opened=\"0\" data-image-meta=\"{&quot;aperture&quot;:&quot;0&quot;,&quot;credit&quot;:&quot;&quot;,&quot;camera&quot;:&quot;&quot;,&quot;caption&quot;:&quot;&quot;,&quot;created_timestamp&quot;:&quot;0&quot;,&quot;copyright&quot;:&quot;&quot;,&quot;focal_length&quot;:&quot;0&quot;,&quot;iso&quot;:&quot;0&quot;,&quot;shutter_speed&quot;:&quot;0&quot;,&quot;title&quot;:&quot;&quot;,&quot;orientation&quot;:&quot;0&quot;}\" data-image-title=\"pic01281-460&amp;#215;260\" data-image-description=\"\" data-image-caption=\"\" data-large-file=\"https:\/\/i0.wp.com\/pcb.org.br\/portal2\/wp-content\/uploads\/2023\/11\/pic01281-460x260-1.jpg?fit=460%2C260&amp;ssl=1\" class=\"alignnone size-full wp-image-31053\" src=\"https:\/\/i0.wp.com\/pcb.org.br\/portal2\/wp-content\/uploads\/2023\/11\/pic01281-460x260-1.jpg?resize=460%2C260&#038;ssl=1\" alt=\"\" width=\"460\" height=\"260\" srcset=\"https:\/\/i0.wp.com\/pcb.org.br\/portal2\/wp-content\/uploads\/2023\/11\/pic01281-460x260-1.jpg?w=460&amp;ssl=1 460w, https:\/\/i0.wp.com\/pcb.org.br\/portal2\/wp-content\/uploads\/2023\/11\/pic01281-460x260-1.jpg?resize=300%2C170&amp;ssl=1 300w, https:\/\/i0.wp.com\/pcb.org.br\/portal2\/wp-content\/uploads\/2023\/11\/pic01281-460x260-1.jpg?resize=388%2C220&amp;ssl=1 388w\" sizes=\"auto, (max-width: 460px) 100vw, 460px\" \/><!--more--><\/p>\n<p>Mohammad Barakeh, l\u00edder da organiza\u00e7\u00e3o de apoio \u00e0 comunidade \u00c1rabe-Palestina em Israel (Imagem: Panet)<\/p>\n<p>APELO URGENTE: POL\u00cdCIA PRENDE MOHAMMAD BARAKEH, PRESIDENTE DO ALTO COMIT\u00ca DE ACOMPANHAMENTO DA MINORIA \u00c1RABE-PALESTINA EM ISRAEL<\/p>\n<p>Partido Comunista de Israel (PCI)<\/p>\n<p>Pelo menos cinco l\u00edderes da minoria palestina em Israel, incluindo o presidente do Alto Comit\u00ea de Acompanhamento, Muhammad Barakeh, e os ex-membros do Parlamento Haneen Zoabi e Sami Abu Shehadeh, al\u00e9m de Yossef Tatour e Mahmoud Mawasi, foram presos nesta manh\u00e3 de 09\/11, durante uma vig\u00edlia pac\u00edfica que clama por um cessar-fogo em Nazar\u00e9. Encontram-se neste momento detidos na delegacia policial de Nazar\u00e9, aguardando interrogat\u00f3rio. Mohammad Barakeh foi transferido para outra delegacia de pol\u00edcia, em Beit She\u2019an.<\/p>\n<p>O Alto Comit\u00ea de Acompanhamento \u00e9 o mais alto \u00f3rg\u00e3o oficial da minoria \u00e1rabe-palestina em Israel, composto pelo Conselho \u00c1rabe de Not\u00e1veis, antigos e atuais deputados e outros representantes. A pris\u00e3o dos seus l\u00edderes \u00e9 uma medida antidemocr\u00e1tica draconiana, que reflete o ataque cont\u00ednuo de Israel \u00e0 liberdade de express\u00e3o, \u00e0 associa\u00e7\u00e3o pol\u00edtica e aos direitos civis da popula\u00e7\u00e3o palestina.<\/p>\n<p>As deten\u00e7\u00f5es ilegais ocorrem na sequ\u00eancia de ordens emitidas pela Pol\u00edcia Israelense para proibir todas as manifesta\u00e7\u00f5es que apelam pelo fim da guerra em Gaza e da ocupa\u00e7\u00e3o, confirmadas no dia 8 de novembro pelo Supremo Tribunal de Israel. Reflete a r\u00e1pida intensifica\u00e7\u00e3o da repress\u00e3o estatal contra a minoria palestina em Israel, que inclui a\u00e7\u00f5es judiciais contra cidad\u00e3os que expressam a sua solidariedade para com Gaza ou a sua identidade palestina nas redes sociais, bem como emendas de \u00faltima hora aos regulamentos de emerg\u00eancia, que penalizam o disparo de muni\u00e7\u00f5es reais contra civis desarmados nas manifesta\u00e7\u00f5es pac\u00edficas.<\/p>\n<p>Israel est\u00e1 recebendo um apoio maci\u00e7o da comunidade internacional para combater o Hamas sob o pretexto de que \u00e9 um Estado democr\u00e1tico. Os pa\u00edses democr\u00e1ticos n\u00e3o reprimem a oposi\u00e7\u00e3o pol\u00edtica durante as guerras, precisamente quando a dissid\u00eancia e a cr\u00edtica p\u00fablica s\u00e3o mais importantes para a prote\u00e7\u00e3o dos direitos e valores humanos. Os Estados democr\u00e1ticos n\u00e3o perseguem as suas minorias, amea\u00e7ando prender, ferir ou matar aqueles que defendem a sua identidade. Os estados democr\u00e1ticos n\u00e3o prendem a lideran\u00e7a das minorias.<\/p>\n<p>Desde 7 de outubro, quando esta guerra come\u00e7ou, a lideran\u00e7a palestina, liderada pelo Comit\u00ea de Acompanhamento, tem demonstrado o mais alto n\u00edvel de responsabilidade p\u00fablica e fez tudo o que estava ao seu alcance para diminuir as tens\u00f5es entre \u00e1rabes e judeus dentro de Israel. A \u00fanica conclus\u00e3o que se pode tirar destas deten\u00e7\u00f5es \u00e9 que o governo extremamente racista de Israel est\u00e1 fazendo tudo o que pode para desencadear mais viol\u00eancia entre judeus e \u00e1rabes, desta vez dentro das fronteiras do Estado.<\/p>\n<p>Apelamos a todos a AGIR AGORA para obrigar Israel a libertar os l\u00edderes e todos os cidad\u00e3os palestinos detidos ilegalmente e sem justifica\u00e7\u00e3o. Pedimos que continuem a levantar a sua voz contra as atrocidades cometidas em Gaza e contra a repress\u00e3o de Israel \u00e0 oposi\u00e7\u00e3o leg\u00edtima.<\/p>\n<p>Comit\u00ea de Rela\u00e7\u00f5es Internacionais<\/p>\n<p>Partido Comunista de Israel<\/p>\n<p>Tradu\u00e7\u00e3o: Partido Comunista Brasileiro (PCB)<\/p>\n<p><span style=\"font-size: large;\">Fonte: <a href=\"http:\/\/www.solidnet.org\/article\/CP-of-Israel-URGENT-APPEAL-POLICE-ARRESTS-MOHAMMAD-BARAKEH-CHAIR-OF-THE-HIGH-FOLLOW-UP-COMMITTEE-OF-THE-ARAB-PALESTINIAN-MINORITY-IN-ISRAEL\/\" target=\"_blank\" rel=\"noopener\" data-saferedirecturl=\"https:\/\/www.google.com\/url?q=http:\/\/www.solidnet.org\/article\/CP-of-Israel-URGENT-APPEAL-POLICE-ARRESTS-MOHAMMAD-BARAKEH-CHAIR-OF-THE-HIGH-FOLLOW-UP-COMMITTEE-OF-THE-ARAB-PALESTINIAN-MINORITY-IN-ISRAEL\/&amp;source=gmail&amp;ust=1699746162462000&amp;usg=AOvVaw3UQceDHNMS8sPTyR5tp_uh\">http:\/\/www.solidnet.org\/<wbr \/>article\/CP-of-Israel-URGENT-<wbr \/>APPEAL-POLICE-ARRESTS-<wbr \/>MOHAMMAD-BARAKEH-CHAIR-OF-THE-<wbr \/>HIGH-FOLLOW-UP-COMMITTEE-OF-<wbr \/>THE-ARAB-PALESTINIAN-MINORITY-<wbr \/>IN-ISRAEL\/<\/a><\/span><\/p>\n","protected":false},"excerpt":{"rendered":"<a class=\"moretag\" href=\"https:\/\/pcb.org.br\/portal2\/31052\"> <\/a>","protected":false},"author":8,"featured_media":0,"comment_status":"closed","ping_status":"closed","sticky":false,"template":"","format":"standard","meta":{"jetpack_post_was_ever_published":false,"_jetpack_newsletter_access":"","_jetpack_dont_email_post_to_subs":false,"_jetpack_newsletter_tier_id":0,"_jetpack_memberships_contains_paywalled_content":false,"_jetpack_memberships_contains_paid_content":false,"footnotes":"","jetpack_publicize_message":"","jetpack_publicize_feature_enabled":true,"jetpack_social_post_already_shared":true,"jetpack_social_options":{"image_generator_settings":{"template":"highway","default_image_id":0,"font":"","enabled":false},"version":2}},"categories":[73,242,38,146,75,255,78],"tags":[234],"class_list":["post-31052","post","type-post","status-publish","format-standard","hentry","category-c86-anti-imperialismo","category-eipco","category-c43-imperialismo","category-internacionalismo","category-c88-internacionalismo","category-israel","category-c91-solidariedade-a-palestina","tag-6b"],"jetpack_publicize_connections":[],"jetpack_featured_media_url":"","jetpack_shortlink":"https:\/\/wp.me\/p659gw-84Q","jetpack-related-posts":[],"jetpack_likes_enabled":true,"jetpack_sharing_enabled":true,"_links":{"self":[{"href":"https:\/\/pcb.org.br\/portal2\/wp-json\/wp\/v2\/posts\/31052","targetHints":{"allow":["GET"]}}],"collection":[{"href":"https:\/\/pcb.org.br\/portal2\/wp-json\/wp\/v2\/posts"}],"about":[{"href":"https:\/\/pcb.org.br\/portal2\/wp-json\/wp\/v2\/types\/post"}],"author":[{"embeddable":true,"href":"https:\/\/pcb.org.br\/portal2\/wp-json\/wp\/v2\/users\/8"}],"replies":[{"embeddable":true,"href":"https:\/\/pcb.org.br\/portal2\/wp-json\/wp\/v2\/comments?post=31052"}],"version-history":[{"count":1,"href":"https:\/\/pcb.org.br\/portal2\/wp-json\/wp\/v2\/posts\/31052\/revisions"}],"predecessor-version":[{"id":31054,"href":"https:\/\/pcb.org.br\/portal2\/wp-json\/wp\/v2\/posts\/31052\/revisions\/31054"}],"wp:attachment":[{"href":"https:\/\/pcb.org.br\/portal2\/wp-json\/wp\/v2\/media?parent=31052"}],"wp:term":[{"taxonomy":"category","embeddable":true,"href":"https:\/\/pcb.org.br\/portal2\/wp-json\/wp\/v2\/categories?post=31052"},{"taxonomy":"post_tag","embeddable":true,"href":"https:\/\/pcb.org.br\/portal2\/wp-json\/wp\/v2\/tags?post=31052"}],"curies":[{"name":"wp","href":"https:\/\/api.w.org\/{rel}","templated":true}]}}