{"id":31062,"date":"2023-11-13T21:20:43","date_gmt":"2023-11-14T00:20:43","guid":{"rendered":"https:\/\/pcb.org.br\/portal2\/?p=31062"},"modified":"2023-11-13T21:29:55","modified_gmt":"2023-11-14T00:29:55","slug":"venezuela-continua-o-plano-anticomunista","status":"publish","type":"post","link":"https:\/\/pcb.org.br\/portal2\/31062","title":{"rendered":"Venezuela: continua o plano anticomunista"},"content":{"rendered":"<p><img data-recalc-dims=\"1\" loading=\"lazy\" decoding=\"async\" data-attachment-id=\"31068\" data-permalink=\"https:\/\/pcb.org.br\/portal2\/31062\/image15-3\" data-orig-file=\"https:\/\/i0.wp.com\/pcb.org.br\/portal2\/wp-content\/uploads\/2023\/11\/image15-1.png?fit=1180%2C539&amp;ssl=1\" data-orig-size=\"1180,539\" data-comments-opened=\"0\" data-image-meta=\"{&quot;aperture&quot;:&quot;0&quot;,&quot;credit&quot;:&quot;&quot;,&quot;camera&quot;:&quot;&quot;,&quot;caption&quot;:&quot;&quot;,&quot;created_timestamp&quot;:&quot;0&quot;,&quot;copyright&quot;:&quot;&quot;,&quot;focal_length&quot;:&quot;0&quot;,&quot;iso&quot;:&quot;0&quot;,&quot;shutter_speed&quot;:&quot;0&quot;,&quot;title&quot;:&quot;&quot;,&quot;orientation&quot;:&quot;0&quot;}\" data-image-title=\"image(15)\" data-image-description=\"\" data-image-caption=\"\" data-large-file=\"https:\/\/i0.wp.com\/pcb.org.br\/portal2\/wp-content\/uploads\/2023\/11\/image15-1.png?fit=747%2C341&amp;ssl=1\" class=\"alignnone size-large wp-image-31068\" src=\"https:\/\/i0.wp.com\/pcb.org.br\/portal2\/wp-content\/uploads\/2023\/11\/image15-1.png?resize=747%2C341&#038;ssl=1\" alt=\"\" width=\"747\" height=\"341\" srcset=\"https:\/\/i0.wp.com\/pcb.org.br\/portal2\/wp-content\/uploads\/2023\/11\/image15-1.png?resize=900%2C411&amp;ssl=1 900w, https:\/\/i0.wp.com\/pcb.org.br\/portal2\/wp-content\/uploads\/2023\/11\/image15-1.png?resize=300%2C137&amp;ssl=1 300w, https:\/\/i0.wp.com\/pcb.org.br\/portal2\/wp-content\/uploads\/2023\/11\/image15-1.png?resize=768%2C351&amp;ssl=1 768w, https:\/\/i0.wp.com\/pcb.org.br\/portal2\/wp-content\/uploads\/2023\/11\/image15-1.png?w=1180&amp;ssl=1 1180w\" sizes=\"auto, (max-width: 747px) 100vw, 747px\" \/><\/p>\n<p><!--more--><\/p>\n<p>Governo e PSUV tentam cooptar militantes e estruturas do Partido Comunista da Venezuela com dinheiro e amea\u00e7as<\/p>\n<p>Tribuna Popular &#8211; Partido Comunista da Venezuela<\/p>\n<p>O Bir\u00f4 Pol\u00edtico do Comit\u00ea Central do Partido Comunista da Venezuela (PCV) denunciou \u00e0 opini\u00e3o p\u00fablica uma nova fase da agress\u00e3o promovida pela c\u00fapula do Governo de Nicol\u00e1s Maduro e do Partido Socialista Unido da Venezuela (PSUV) voltada a \u201cneutralizar a a\u00e7\u00e3o pol\u00edtica da dire\u00e7\u00e3o legitimamente eleita pelos comunistas venezuelanos\u201d.<\/p>\n<p>\u201cO Governo e o PSUV est\u00e3o empregando diversos mecanismos que v\u00e3o desde ofertas econ\u00f4micas at\u00e9 amea\u00e7as, sejam elas veladas ou abertas, com o objetivo de cooptar militantes, estruturas intermedi\u00e1rias ou de base do PCV. Visam cooptar pessoas ligadas ao PCV para o seu plano de subordina\u00e7\u00e3o da vanguarda \u00e0 sua pol\u00edtica anti oper\u00e1ria e antipopular\u201d, alertou Neirlay Andrade durante a coletiva \u00e0 imprensa.<\/p>\n<p>\u201cA partir do Bir\u00f4 Pol\u00edtico do Partido Comunista da Venezuela queremos fazer um chamado \u00e0 nossa milit\u00e2ncia para se manter vigilante diante destas novas manobras\u201d, acrescentou a dirigente. O PCV ratificou mais uma vez que \u201cn\u00e3o se dobrar\u00e1\u201d a este ass\u00e9dio contra a organiza\u00e7\u00e3o, o qual teve seu ponto mais alto no passado m\u00eas de agosto quando, pelas ordens do governo de Nicol\u00e1s Maduro, o Tribunal Supremo de Justi\u00e7a arrebatou a personalidade jur\u00eddica do leg\u00edtima dire\u00e7\u00e3o do Partido Gallo Rojo, tentando entreg\u00e1-la a um punhado de operadores pol\u00edticos do PSUV.<\/p>\n<p>\u201cSomos e seguiremos sendo consequentes com nossa linha de combate a uma pol\u00edtica que foi imposta pelo governo em favor dos interesses do grande capital e que pretende n\u00e3o outra coisa sen\u00e3o descarregar todo o peso da crise capitalista, todo o peso das medidas coercitivas unilaterais do imperialismo, todo o peso de uma pol\u00edtica econ\u00f4mica fracassada, sobre os ombros das trabalhadoras e dos trabalhadores\u201d, afirmou Andrade.<\/p>\n<p>Partidos Comunistas e Oper\u00e1rios respaldam dire\u00e7\u00e3o leg\u00edtima do PCV<\/p>\n<p>\u201c\u00c9 certo que em n\u00edvel internacional ningu\u00e9m acredita que a farsa organizada pelo Tribunal Supremo de Justi\u00e7a, a pedido do Governo, manche a imagem da dire\u00e7\u00e3o leg\u00edtima do PCV e recebemos provas disso durante as \u00faltimas semanas\u201d, disse a membra do Bir\u00f4 Pol\u00edtico. Andrade informou que, passados quase tr\u00eas meses do assalto judicial, o STJ negou a entrega das c\u00f3pias certificadas dos expedientes deste processo, \u201cque a todas as luzes violam o Estado de direito\u201d.<\/p>\n<p>A usurpa\u00e7\u00e3o da dire\u00e7\u00e3o do PCV foi tema de discuss\u00e3o no mais recente Encontro Internacional de Partidos Comunistas e Oper\u00e1rios (EIPCO), realizado na Turquia. Ali, a maioria das organiza\u00e7\u00f5es assinou um pronunciamento com tr\u00eas pontos chaves, conforme explicou Andrade: \u201cem primeiro lugar, a solidariedade com as lutas da classe trabalhadora venezuelana, que enfrenta neste momento uma dura experi\u00eancia de ataques do capital contra seus direitos. Em segundo lugar, a defesa irrestrita e a solidariedade para com o Partido Comunista da Venezuela. O Movimento Comunista Internacional solicitou publicamente ao Tribunal Supremo de Justi\u00e7a que revogue a infame senten\u00e7a 1.160 e que restitua os direitos pol\u00edticos ao PCV. Mas, al\u00e9m disso, os partidos oper\u00e1rios de todo o mundo disseram ao imperialismo: basta de agress\u00e3o ao povo venezuelano!\u201d.<\/p>\n<p>Al\u00e9m do EIPCO, uma delega\u00e7\u00e3o do PCV realizou tamb\u00e9m uma importante agenda de trabalho na It\u00e1lia, Alemanha, Fran\u00e7a e Espanha. \u201cNeste giro pela Europa deu a conhecer qual \u00e9 a verdadeira realidade da classe trabalhadora venezuelana e o que est\u00e3o enfrentando os setores populares em nosso pa\u00eds\u201d, detalhou Andrade. \u201cTamb\u00e9m foi um momento prop\u00edcio para receber o abra\u00e7o e o respaldo de in\u00fameras organiza\u00e7\u00f5es que n\u00e3o reconhecem nenhuma outra inst\u00e2ncia, muito menos uma imposta pelo governo burgu\u00eas de turno\u201d, acrescentou.<\/p>\n<p>Por um Natal sem trabalhadores presos<\/p>\n<p>A porta-voz do PCV criticou o chamado a um \u201cFeliz Natal\u201d que foi declarado uma vez mais pelo Governo, \u201ccomo se um decreto de felicidade pudesse ser suficiente para encobrir a situa\u00e7\u00e3o que atravessou as maiorias oprimidas em nosso pa\u00eds\u201d. \u201cUma situa\u00e7\u00e3o que se caracteriza pela destrui\u00e7\u00e3o dos sal\u00e1rios e pens\u00f5es; pelo pagamento parcelado dos abonos de Natal que &#8211; ademais &#8211; s\u00e3o calculados a partir de cr\u00e9ditos que foram congelados desde h\u00e1 mais de um ano\u201d, explicou Andrade.<\/p>\n<p>\u201cO governo de Nicol\u00e1s Maduro aplica uma pol\u00edtica de sal\u00e1rio zero para os trabalhadores e as trabalhadoras e isso se torna cruel em momentos t\u00e3o significativos como o fim do ano, nas casas dos trabalhadores e integrantes dos setores populares em nosso pa\u00eds\u201d, acrescentou. Andrade informou que, pelo terceiro ano consecutivo, o Partido Comunista da Venezuela far\u00e1 parte da campanha nacional por um Natal sem trabalhadores e trabalhadoras presos e presas, uma iniciativa impulsionada pelo Comit\u00ea de Familiares e Amigos dos trabalhadores injustamente encarcerados.<\/p>\n<p>\u201cO PCV faz novamente parte desta iniciativa exigindo que haja liberdade plena para os casos das trabalhadoras e dos trabalhadores que foram presos por lutar em prol de suas reivindica\u00e7\u00f5es: por exigir melhores condi\u00e7\u00f5es de sal\u00e1rio e por denunciar a corrup\u00e7\u00e3o em seus centros de trabalho. Trabalhadores que foram usados como bodes expiat\u00f3rios dos verdadeiros corruptos que saquearam e continuam saqueando as ind\u00fastrias chaves de nosso pa\u00eds\u201d, argumentou a dirigente.<\/p>\n<p>Andrade citou os casos mais recentes de Leonardo Az\u00f3car e Daniel Romero, detidos neste ano por liderarem massivos protestos de trabalhadores da ind\u00fastria sider\u00fargica no sul do pa\u00eds. \u201cO governo do PSUV trata de neutralizar em toda a costa as lutas da classe trabalhadora venezuelana; o silenciamento e a judicializa\u00e7\u00e3o foram os principais mecanismos empregados para isso\u201d, denunciou.<\/p>\n<p>O PCV anunciou sua ades\u00e3o \u00e0 convocat\u00f3ria do Movimento Oper\u00e1rio e Sindical que fez um chamado para a jornada nacional de mobiliza\u00e7\u00e3o prevista para este m\u00eas de novembro, com o objetivo de reivindicar a indexa\u00e7\u00e3o de sal\u00e1rios e pens\u00f5es \u00e0 cesta b\u00e1sica. \u201cSer\u00e1 uma jornada diante do minist\u00e9rio e das inspetorias do trabalho para tamb\u00e9m exigir respeito ao direito dos trabalhadores e das trabalhadoras \u00e0 organiza\u00e7\u00e3o sindical e \u00e0 restitui\u00e7\u00e3o dos direitos que foram retirados por conta de uma pol\u00edtica dirigida a cercear conquistas historicamente obtidas pela classe trabalhadora venezuelana\u201d, acrescentou.<\/p>\n<p>Comit\u00ea Central do PCV debater\u00e1 a convoca\u00e7\u00e3o de um referendo sobre o Essequibo<\/p>\n<p>Neste s\u00e1bado, 11 de novembro, ocorre a VII sess\u00e3o plen\u00e1ria do Comit\u00ea Central do PCV. Trata-se da primeira sess\u00e3o ap\u00f3s a realiza\u00e7\u00e3o com \u00eaxito, h\u00e1 algumas semanas, da XVI Confer\u00eancia Nacional. \u201cA Confer\u00eancia deu o mandato ao Comit\u00ea Central de seguir articulando, trabalhando e fortalecendo alian\u00e7as no marco de uma situa\u00e7\u00e3o que \u00e9 caracterizada pela ilegaliza\u00e7\u00e3o de nosso partido, com o objetivo de poder construir uma candidatura que provenha do movimento popular. E desenvolvendo esses esfor\u00e7os trabalhar\u00e1 o Pleno do Comit\u00ea Central: nas a\u00e7\u00f5es necess\u00e1rias para dar curso a este mandato em um contexto de hostilidade contra nossa organiza\u00e7\u00e3o\u201d, detalhou.<\/p>\n<p>O VII pleno do Comit\u00ea Central tamb\u00e9m vai debater a convoca\u00e7\u00e3o de um referendo sobre o territ\u00f3rio Essequibo, anunciou Andrade. \u201cN\u00e3o queremos nos antecipar acerca das conclus\u00f5es que ter\u00e3o o pleno, mas queremos manifestar a preocupa\u00e7\u00e3o que temos na dire\u00e7\u00e3o do Partido Comunista sobre as pr\u00e1ticas que est\u00e3o sendo implementadas pelos governos burgueses da Venezuela, Guiana e dos Estados Unidos, para ati\u00e7ar contradi\u00e7\u00f5es que s\u00f3 favorecem o capital transnacional\u201d.<\/p>\n<p>\u201cN\u00e3o perdemos de vista que a Chevron, a ExxonMobil, a Shell e outras corpora\u00e7\u00f5es transnacionais t\u00eam o olhar voltado aos recursos naturais que est\u00e3o em nosso pa\u00eds e nas zonas em disputa e h\u00e1 discursos que exacerbam perigosamente contradi\u00e7\u00f5es que s\u00f3 ser\u00e3o ben\u00e9ficas para encher os bolsos dos capitalistas\u201d, disse a dirigente comunista.<\/p>\n<p>PCV repudia sequestro da ativista palestina Ahed Tamimi<\/p>\n<p>Quase um m\u00eas depois do in\u00edcio da nova escalada genocida de Israel contra o povo palestino em Gaza, o PCV reiterou a sua solidariedade com a causa e resist\u00eancia palestinas. \u201cVimos nas \u00faltimas horas que for\u00e7as israelenses sequestraram a ativista Ahed Tamimi, uma jovem de 22 anos que desde muito cedo se tornou um s\u00edmbolo da resist\u00eancia palestina contra o sionismo&#8221;, disse Andrade.<\/p>\n<p>&#8220;Esta jovem foi sequestrada e apresentada como trof\u00e9u de guerra pelo Ministro da Seguran\u00e7a de Israel. A este sequestro, sobre o qual manifestamos o nosso rep\u00fadio, somam-se tamb\u00e9m os dados cada vez mais terr\u00edveis de uma situa\u00e7\u00e3o cada vez mais chocante: o \u00faltimo relat\u00f3rio que recebemos indica mais de 10.000 mortes em Gaza. Desses 10 mil mortos, a maioria s\u00e3o mulheres e crian\u00e7as. H\u00e1 uma pol\u00edtica cont\u00ednua de exterm\u00ednio de Israel contra o povo palestino\u201d, denunciou. \u201cDiante do sil\u00eancio c\u00famplice da chamada comunidade internacional, Israel arrasou mais de 200 escolas e mais de uma dezena de hospitais. Foram assassinados jornalistas, m\u00e9dicos e at\u00e9 trabalhadores das pr\u00f3prias Na\u00e7\u00f5es Unidas. Desde o Partido Comunista da Venezuela reiteramos nossa condena\u00e7\u00e3o a estes crimes contra a humanidade que est\u00e3o sendo cometidos em Gaza. Vai nossa mensagem de for\u00e7a: \u201cSabemos que, em \u00faltima an\u00e1lise, a Palestina vencer\u00e1\u201d, concluiu.<\/p>\n<p>Tradu\u00e7\u00e3o: Partido Comunista da Venezuela<br \/>\nFonte: <a href=\"https:\/\/prensapcv.wordpress.com\/2023\/11\/07\/continua-plan-anticomunista-gobierno-psuv-trata-de-cooptar-militantes-y-estructuras-del-pcv-con-dinero-y-amenazas\/\">https:\/\/prensapcv.wordpress.com\/2023\/11\/07\/continua-plan-anticomunista-gobierno-psuv-trata-de-cooptar-militantes-y-estructuras-del-pcv-con-dinero-y-amenazas\/<\/a><\/p>\n","protected":false},"excerpt":{"rendered":"<a class=\"moretag\" href=\"https:\/\/pcb.org.br\/portal2\/31062\"> <\/a>","protected":false},"author":8,"featured_media":0,"comment_status":"closed","ping_status":"closed","sticky":false,"template":"","format":"standard","meta":{"jetpack_post_was_ever_published":false,"_jetpack_newsletter_access":"","_jetpack_dont_email_post_to_subs":false,"_jetpack_newsletter_tier_id":0,"_jetpack_memberships_contains_paywalled_content":false,"_jetpack_memberships_contains_paid_content":false,"footnotes":"","jetpack_publicize_message":"","jetpack_publicize_feature_enabled":true,"jetpack_social_post_already_shared":true,"jetpack_social_options":{"image_generator_settings":{"template":"highway","default_image_id":0,"font":"","enabled":false},"version":2}},"categories":[73,37,242,146,45],"tags":[226],"class_list":["post-31062","post","type-post","status-publish","format-standard","hentry","category-c86-anti-imperialismo","category-c42-comunistas","category-eipco","category-internacionalismo","category-c54-venezuela","tag-4b"],"jetpack_publicize_connections":[],"jetpack_featured_media_url":"","jetpack_shortlink":"https:\/\/wp.me\/p659gw-850","jetpack-related-posts":[],"jetpack_likes_enabled":true,"jetpack_sharing_enabled":true,"_links":{"self":[{"href":"https:\/\/pcb.org.br\/portal2\/wp-json\/wp\/v2\/posts\/31062","targetHints":{"allow":["GET"]}}],"collection":[{"href":"https:\/\/pcb.org.br\/portal2\/wp-json\/wp\/v2\/posts"}],"about":[{"href":"https:\/\/pcb.org.br\/portal2\/wp-json\/wp\/v2\/types\/post"}],"author":[{"embeddable":true,"href":"https:\/\/pcb.org.br\/portal2\/wp-json\/wp\/v2\/users\/8"}],"replies":[{"embeddable":true,"href":"https:\/\/pcb.org.br\/portal2\/wp-json\/wp\/v2\/comments?post=31062"}],"version-history":[{"count":3,"href":"https:\/\/pcb.org.br\/portal2\/wp-json\/wp\/v2\/posts\/31062\/revisions"}],"predecessor-version":[{"id":31069,"href":"https:\/\/pcb.org.br\/portal2\/wp-json\/wp\/v2\/posts\/31062\/revisions\/31069"}],"wp:attachment":[{"href":"https:\/\/pcb.org.br\/portal2\/wp-json\/wp\/v2\/media?parent=31062"}],"wp:term":[{"taxonomy":"category","embeddable":true,"href":"https:\/\/pcb.org.br\/portal2\/wp-json\/wp\/v2\/categories?post=31062"},{"taxonomy":"post_tag","embeddable":true,"href":"https:\/\/pcb.org.br\/portal2\/wp-json\/wp\/v2\/tags?post=31062"}],"curies":[{"name":"wp","href":"https:\/\/api.w.org\/{rel}","templated":true}]}}