{"id":3107,"date":"2012-06-30T00:57:42","date_gmt":"2012-06-30T00:57:42","guid":{"rendered":"http:\/\/pcb.org.br\/portal2\/?p=3107"},"modified":"2012-06-30T00:57:42","modified_gmt":"2012-06-30T00:57:42","slug":"perseguicao-aos-comunistas-no-texas","status":"publish","type":"post","link":"https:\/\/pcb.org.br\/portal2\/3107","title":{"rendered":"Persegui\u00e7\u00e3o aos comunistas no Texas"},"content":{"rendered":"<br \/>\n<hr \/>\n<p>Divulgado no site\u00a0<em>Morning Star<\/em>, o assunto remonta o per\u00edodo macartista na sociedade norte-americana atrav\u00e9s de duas leis que continuam valendo: a &#8220;Smith&#8221; e o &#8220;Ato McCarran&#8221;. Atrav\u00e9s deles, o estado do Texas vem perseguindo, nas \u00faltimas semanas, qualquer trabalhador que esteja lutando por seus direitos.<\/p>\n<p>Al\u00e9m disso, pro\u00edbem comunistas de ocupar cargos p\u00fablicos ou mesmo manter um emprego no governo estadual &#8211; a proibi\u00e7\u00e3o de se candidatar a cargos eletivos tamb\u00e9m permanece. De acordo com a legisla\u00e7\u00e3o texana:<\/p>\n<p><em>Sec. 557,022 l\u00ea&#8221; RESTRI\u00c7\u00d5ES. (A) O nome de um comunista n\u00e3o pode ser impresso na c\u00e9dula para qualquer elei\u00e7\u00e3o prim\u00e1ria ou geral neste Estado ou uma sua subdivis\u00e3o pol\u00edtica deste estado. (B) Uma pessoa n\u00e3o pode exercer qualquer mandato ou cargo n\u00e3o eletivo com o estado ou qualquer subdivis\u00e3o pol\u00edtica deste Estado, se: (1) qualquer da compensa\u00e7\u00e3o para o escrit\u00f3rio ou posi\u00e7\u00e3o vem de fundos p\u00fablicos desse Estado, uma sua subdivis\u00e3o pol\u00edtica deste Estado, e (2) o empregador ou superior a pessoa tiver motivos razo\u00e1veis para crer que a pessoa \u00e9 um comunista.<\/em><\/p>\n<p>E ainda h\u00e1 quem sustente ser os EUA uma verdadeira terra de liberdade e democracia&#8230;<\/p>\n","protected":false},"excerpt":{"rendered":"\n\n\n\n\n\n\n\n\n\n\n\nO\u00a0Olhar Comunista fecha a semana trazendo ao p\u00fablico assunto n\u00e3o noticiado pela imprensa brasileira: a campanha de persegui\u00e7\u00e3o aos comunistas no estado norte-americano do Texas.\n<a class=\"moretag\" href=\"https:\/\/pcb.org.br\/portal2\/3107\"> <\/a>","protected":false},"author":1,"featured_media":0,"comment_status":"open","ping_status":"open","sticky":false,"template":"","format":"standard","meta":{"jetpack_post_was_ever_published":false,"_jetpack_newsletter_access":"","_jetpack_dont_email_post_to_subs":false,"_jetpack_newsletter_tier_id":0,"_jetpack_memberships_contains_paywalled_content":false,"_jetpack_memberships_contains_paid_content":false,"footnotes":"","jetpack_publicize_message":"","jetpack_publicize_feature_enabled":true,"jetpack_social_post_already_shared":false,"jetpack_social_options":{"image_generator_settings":{"template":"highway","default_image_id":0,"font":"","enabled":false},"version":2}},"categories":[100],"tags":[],"class_list":["post-3107","post","type-post","status-publish","format-standard","hentry","category-c113-a-semana-no-olhar-comunista"],"jetpack_publicize_connections":[],"jetpack_featured_media_url":"","jetpack_shortlink":"https:\/\/wp.me\/p659gw-O7","jetpack-related-posts":[],"jetpack_likes_enabled":true,"jetpack_sharing_enabled":true,"_links":{"self":[{"href":"https:\/\/pcb.org.br\/portal2\/wp-json\/wp\/v2\/posts\/3107","targetHints":{"allow":["GET"]}}],"collection":[{"href":"https:\/\/pcb.org.br\/portal2\/wp-json\/wp\/v2\/posts"}],"about":[{"href":"https:\/\/pcb.org.br\/portal2\/wp-json\/wp\/v2\/types\/post"}],"author":[{"embeddable":true,"href":"https:\/\/pcb.org.br\/portal2\/wp-json\/wp\/v2\/users\/1"}],"replies":[{"embeddable":true,"href":"https:\/\/pcb.org.br\/portal2\/wp-json\/wp\/v2\/comments?post=3107"}],"version-history":[{"count":0,"href":"https:\/\/pcb.org.br\/portal2\/wp-json\/wp\/v2\/posts\/3107\/revisions"}],"wp:attachment":[{"href":"https:\/\/pcb.org.br\/portal2\/wp-json\/wp\/v2\/media?parent=3107"}],"wp:term":[{"taxonomy":"category","embeddable":true,"href":"https:\/\/pcb.org.br\/portal2\/wp-json\/wp\/v2\/categories?post=3107"},{"taxonomy":"post_tag","embeddable":true,"href":"https:\/\/pcb.org.br\/portal2\/wp-json\/wp\/v2\/tags?post=3107"}],"curies":[{"name":"wp","href":"https:\/\/api.w.org\/{rel}","templated":true}]}}