{"id":3109,"date":"2012-07-01T17:22:42","date_gmt":"2012-07-01T17:22:42","guid":{"rendered":"http:\/\/pcb.org.br\/portal2\/?p=3109"},"modified":"2012-07-01T17:22:42","modified_gmt":"2012-07-01T17:22:42","slug":"equador-nao-seguira-participando-da-qescuela-de-las-americasq","status":"publish","type":"post","link":"https:\/\/pcb.org.br\/portal2\/3109","title":{"rendered":"Equador n\u00e3o seguir\u00e1 participando da &#8220;Escuela de las Am\u00e9ricas&#8221;"},"content":{"rendered":"\n<p>Nesta quarta-feira, 27 de junho, o Presidente do Equador, Rafael Correa, a pedido de uma delega\u00e7\u00e3o da\u00a0<a href=\"http:\/\/salsa.democracyinaction.org\/dia\/track.jsp?v=2&amp;c=GEkMtQIdeRiic5jBK9VAPaFsQ2gtBUMV\" target=\"_blank\"><\/a>School of the Americas Watch, tomou a decis\u00e3o de n\u00e3o continuar o envio de soldados equatorianos \u00e0 Escola das Am\u00e9ricas.<\/p>\n<p>Queremos manifestar nossa alegria por esta decis\u00e3o do governo do Equador, com a certeza de que a Escola das Am\u00e9ricas \u2013 hoje chamada de Instituto de Seguran\u00e7a e Coopera\u00e7\u00e3o do Hemisf\u00e9rio Ocidental \u2013 eficazmente treinou e treina os soldados latino-americanos sob a doutrina da seguran\u00e7a nacional, baseada no combate ao inimigo interno, o que incide efetivamente em viola\u00e7\u00f5es aos direitos humanos em toda Am\u00e9rica Latina.<\/p>\n<p>No ano de 2010, o Informe da Comiss\u00e3o da Verdade, que investigou as viola\u00e7\u00f5es aos direitos humanos no Equador, chamou a aten\u00e7\u00e3o sobre o treinamento recebido pelos militares equatorianos na Escola das Am\u00e9ricas e recomendou ao Estado a n\u00e3o continuar o envio de soldados a este instituto militar. Hoje, essa recomenda\u00e7\u00e3o foi levada em conta e nos sentimos felizes.<\/p>\n<p>As milhares de v\u00edtimas de viola\u00e7\u00f5es dos direitos humanos no Equador e em toda a Am\u00e9rica Latina t\u00eam o direito de conhecer os respons\u00e1veis pelos assassinatos, desaparecimentos for\u00e7ados e torturas e que estes sejam levados \u00e0 Justi\u00e7a para que paguem por seus crimes. Ao mesmo tempo, os estados devem dar garantias de n\u00e3o repeti\u00e7\u00e3o de tais crimes \u00e0 sociedade e aos sobreviventes. Uma medida concreta \u00e9 terminar com a forma\u00e7\u00e3o militar na Escola das Am\u00e9ricas, que tanto dano e sofrimento causou aos nossos povos.<\/p>\n<p>O Equador se soma \u00e0 Venezuela, ao Uruguai, \u00e0 Argentina e \u00e0 Bol\u00edvia, compreendendo que nada de bom pode esperar do treinamento oferecido pelo Ex\u00e9rcito dos Estados Unidos.<\/p>\n<p>Conclamamos os demais pa\u00edses da Am\u00e9rica Latina a suspenderem o quanto antes os envios de soldados \u00e0 Escola das Am\u00e9ricas, que segue fomentando, agora sob o pretexto da luta contra o terrorismo e o narcotr\u00e1fico, a viol\u00eancia contra a popula\u00e7\u00e3o.<\/p>\n<p>Felicitamos o Presidente Rafael Correa por esta decis\u00e3o soberana, impedindo que se cometam futuramente graves viola\u00e7\u00f5es dos direitos humanos.<\/p>\n<p>Tradu\u00e7\u00e3o: Partido Comunista Brasileiro (PCB)<\/p>\n","protected":false},"excerpt":{"rendered":"\n\n\nCr\u00e9dito: Soawlatina\n\n\n\n\n\n\n\n\nComunicado Urgente\n<a class=\"moretag\" href=\"https:\/\/pcb.org.br\/portal2\/3109\"> <\/a>","protected":false},"author":1,"featured_media":0,"comment_status":"open","ping_status":"open","sticky":false,"template":"","format":"standard","meta":{"jetpack_post_was_ever_published":false,"_jetpack_newsletter_access":"","_jetpack_dont_email_post_to_subs":false,"_jetpack_newsletter_tier_id":0,"_jetpack_memberships_contains_paywalled_content":false,"_jetpack_memberships_contains_paid_content":false,"footnotes":"","jetpack_publicize_message":"","jetpack_publicize_feature_enabled":true,"jetpack_social_post_already_shared":false,"jetpack_social_options":{"image_generator_settings":{"template":"highway","default_image_id":0,"font":"","enabled":false},"version":2}},"categories":[39],"tags":[],"class_list":["post-3109","post","type-post","status-publish","format-standard","hentry","category-c76-equador"],"jetpack_publicize_connections":[],"jetpack_featured_media_url":"","jetpack_shortlink":"https:\/\/wp.me\/p659gw-O9","jetpack-related-posts":[],"jetpack_likes_enabled":true,"jetpack_sharing_enabled":true,"_links":{"self":[{"href":"https:\/\/pcb.org.br\/portal2\/wp-json\/wp\/v2\/posts\/3109","targetHints":{"allow":["GET"]}}],"collection":[{"href":"https:\/\/pcb.org.br\/portal2\/wp-json\/wp\/v2\/posts"}],"about":[{"href":"https:\/\/pcb.org.br\/portal2\/wp-json\/wp\/v2\/types\/post"}],"author":[{"embeddable":true,"href":"https:\/\/pcb.org.br\/portal2\/wp-json\/wp\/v2\/users\/1"}],"replies":[{"embeddable":true,"href":"https:\/\/pcb.org.br\/portal2\/wp-json\/wp\/v2\/comments?post=3109"}],"version-history":[{"count":0,"href":"https:\/\/pcb.org.br\/portal2\/wp-json\/wp\/v2\/posts\/3109\/revisions"}],"wp:attachment":[{"href":"https:\/\/pcb.org.br\/portal2\/wp-json\/wp\/v2\/media?parent=3109"}],"wp:term":[{"taxonomy":"category","embeddable":true,"href":"https:\/\/pcb.org.br\/portal2\/wp-json\/wp\/v2\/categories?post=3109"},{"taxonomy":"post_tag","embeddable":true,"href":"https:\/\/pcb.org.br\/portal2\/wp-json\/wp\/v2\/tags?post=3109"}],"curies":[{"name":"wp","href":"https:\/\/api.w.org\/{rel}","templated":true}]}}