{"id":31105,"date":"2023-11-28T21:47:36","date_gmt":"2023-11-29T00:47:36","guid":{"rendered":"https:\/\/pcb.org.br\/portal2\/?p=31105"},"modified":"2023-11-28T21:47:36","modified_gmt":"2023-11-29T00:47:36","slug":"apelo-da-frente-popular-para-a-libertacao-da-palestina","status":"publish","type":"post","link":"https:\/\/pcb.org.br\/portal2\/31105","title":{"rendered":"Apelo da Frente Popular para a Liberta\u00e7\u00e3o da Palestina"},"content":{"rendered":"<p><img data-recalc-dims=\"1\" loading=\"lazy\" decoding=\"async\" data-attachment-id=\"31106\" data-permalink=\"https:\/\/pcb.org.br\/portal2\/31105\/image-13\" data-orig-file=\"https:\/\/i0.wp.com\/pcb.org.br\/portal2\/wp-content\/uploads\/2023\/11\/image-13-.png?fit=891%2C458&amp;ssl=1\" data-orig-size=\"891,458\" data-comments-opened=\"0\" data-image-meta=\"{&quot;aperture&quot;:&quot;0&quot;,&quot;credit&quot;:&quot;&quot;,&quot;camera&quot;:&quot;&quot;,&quot;caption&quot;:&quot;&quot;,&quot;created_timestamp&quot;:&quot;0&quot;,&quot;copyright&quot;:&quot;&quot;,&quot;focal_length&quot;:&quot;0&quot;,&quot;iso&quot;:&quot;0&quot;,&quot;shutter_speed&quot;:&quot;0&quot;,&quot;title&quot;:&quot;&quot;,&quot;orientation&quot;:&quot;0&quot;}\" data-image-title=\"image-13-\" data-image-description=\"\" data-image-caption=\"\" data-large-file=\"https:\/\/i0.wp.com\/pcb.org.br\/portal2\/wp-content\/uploads\/2023\/11\/image-13-.png?fit=747%2C384&amp;ssl=1\" class=\"alignnone size-full wp-image-31106\" src=\"https:\/\/i0.wp.com\/pcb.org.br\/portal2\/wp-content\/uploads\/2023\/11\/image-13-.png?resize=747%2C384&#038;ssl=1\" alt=\"\" width=\"747\" height=\"384\" srcset=\"https:\/\/i0.wp.com\/pcb.org.br\/portal2\/wp-content\/uploads\/2023\/11\/image-13-.png?w=891&amp;ssl=1 891w, https:\/\/i0.wp.com\/pcb.org.br\/portal2\/wp-content\/uploads\/2023\/11\/image-13-.png?resize=300%2C154&amp;ssl=1 300w, https:\/\/i0.wp.com\/pcb.org.br\/portal2\/wp-content\/uploads\/2023\/11\/image-13-.png?resize=768%2C395&amp;ssl=1 768w\" sizes=\"auto, (max-width: 747px) 100vw, 747px\" \/><!--more--><\/p>\n<p>Por ocasi\u00e3o do Dia Internacional de Solidariedade com o Povo Palestino<\/p>\n<p>Ao nosso grandioso povo palestino em todos os lugares.<\/p>\n<p>\u00c0s massas de nossa na\u00e7\u00e3o \u00e1rabe e isl\u00e2mica.<\/p>\n<p>A todos os livres e honrados do mundo.<\/p>\n<p>Com todos os sentimentos de orgulho e coragem, apesar da dor e das feridas, nosso povo comemora este ano, junto com todas as pessoas livres de nossa na\u00e7\u00e3o e os dignos deste mundo, no vig\u00e9simo nono dia deste m\u00eas de novembro corrente, o Dia Internacional de Solidariedade com o Povo Palestino. A data foi aprovada em 29 de novembro de 1977 pela Assembleia Geral das Na\u00e7\u00f5es Unidas, que declarou este dia como um dia mundial de solidariedade com o povo palestino, reconhecendo a trag\u00e9dia que lhe ocorreu, resultante da invas\u00e3o sionista ocidental desde a cat\u00e1strofe de 1948, com o apoio ocidental. Um dos resultados mais proeminentes desta trag\u00e9dia \u00e9 a expuls\u00e3o dos palestinos de sua terra, a apropria\u00e7\u00e3o de seus bens e a dispers\u00e3o em todos os cantos do mundo, bem como a capacita\u00e7\u00e3o das gangues sionistas a estabelecerem sua entidade usurpadora em toda a terra palestina e a continua\u00e7\u00e3o das for\u00e7as colonizadoras, que fornecem todo o apoio e assist\u00eancia ao estado da entidade usurpadora, a fim de garantir sua sobreviv\u00eancia, proteg\u00ea-la e capacitar-lhe a prosseguir com campanhas de genoc\u00eddio e limpeza \u00e9tnica contra o povo palestino, com vistas a liquidar a sua causa nacional.<\/p>\n<p>\u00d3 grandes massas de nosso povo e nossa na\u00e7\u00e3o! \u00d3 todos os livres e honrados do mundo! H\u00e1 mais de cinquenta dias, nosso her\u00f3ico povo palestino na faixa de Gaza est\u00e1 sendo submetido a uma agress\u00e3o brutal e a massacres coletivos sem paralelo na hist\u00f3ria humana. Em uma campanha de genoc\u00eddio e limpeza \u00e9tnica, realizada pelo estado da entidade usurpadora, em parceria com os Estados Unidos e com o apoio da maioria dos governos colonizadores do oeste europeu, e com a impot\u00eancia e a trai\u00e7\u00e3o \u00e1rabe oficial. Todos esses crimes brutais e massacres de que a humanidade se envergonha s\u00e3o perpetrados pela ocupa\u00e7\u00e3o em uma tentativa desesperada e fren\u00e9tica de implementar seus planos de eliminar o povo palestino e liquidar sua justa causa, usando toda a muni\u00e7\u00e3o proibida internacionalmente e suas capacidades tecnol\u00f3gicas avan\u00e7adas.<\/p>\n<p>Disparam nos civis inocentes e destroem casas com seus habitantes, alvejando hospitais, equipes m\u00e9dicas e de socorro, escolas, lugares de culto, equipes de imprensa, cercando, promovendo a fome e cortando eletricidade, \u00e1gua e comunica\u00e7\u00f5es, prendendo m\u00e9dicos e enfermeiros, dos quais dependem os feridos e as crian\u00e7as mutiladas nas alas dos hospitais, eliminando tudo o que tem a ver com a vida humana. Todos esses crimes n\u00e3o teriam acontecido se n\u00e3o fosse pela parceria e apoio ocidental que transformou o estado de ocupa\u00e7\u00e3o em uma entidade acima da lei internacional e humanit\u00e1ria e jogou fora todos os valores, leis humanit\u00e1rias, \u00e9ticas e legais sem prestar contas.<\/p>\n<p>Todos esses massacres e crimes s\u00e3o apenas a ponta do iceberg do que o ex\u00e9rcito de ocupa\u00e7\u00e3o e seus colonos cometem na Faixa de Gaza em particular e em toda a terra palestina, em Jerusal\u00e9m, na Cisjord\u00e2nia e na Palestina ocupada em 1948, incluindo invas\u00f5es e deten\u00e7\u00f5es di\u00e1rias, ataques contra os cidad\u00e3os palestinos, invas\u00e3o de cidades, aldeias e acampamentos. \u00c9 uma pol\u00edtica de assassinatos di\u00e1rios, que resultou, apenas na Cisjord\u00e2nia, na martiriza\u00e7\u00e3o de mais de duzentos e trinta cidad\u00e3os nos \u00faltimos cinquenta dias, ferindo mais de dois mil cidad\u00e3os com les\u00f5es diferentes e prendendo mais de tr\u00eas mil e duzentos outros, incluindo idosos, crian\u00e7as e mulheres, al\u00e9m de pr\u00e1ticas cru\u00e9is contra os prisioneiros palestinos nas pris\u00f5es e campos sionistas, resultando nos \u00faltimos cinquenta dias na martiriza\u00e7\u00e3o de seis prisioneiros devido \u00e0 tortura e pr\u00e1ticas cru\u00e9is do servi\u00e7o penitenci\u00e1rio sionista.<\/p>\n<p>Apesar de todos esses m\u00e9todos sionistas, que o mundo tem acompanhado nas telas de televis\u00e3o e nas redes sociais, e que at\u00e9 agora resultaram na morte de mais de vinte mil cidad\u00e3os e sete mil desaparecidos, a maioria deles crian\u00e7as e mulheres, e dezenas de milhares de feridos, com a destrui\u00e7\u00e3o de cerca de setenta por cento das unidades habitacionais e setores de servi\u00e7os vitais, nosso povo conseguiu com sua resist\u00eancia e sacrif\u00edcios e a bravura de seus her\u00f3is combatentes enfrentar a m\u00e1quina assassina sionista. Esta s\u00f3 conseguiu matar e destruir e foi incapaz de quebrar a vontade de nosso povo e de alcan\u00e7ar qualquer realiza\u00e7\u00e3o militar nos campos de batalha e nas \u00e1reas de confronto. Nosso povo humilhou os l\u00edderes e oficiais do ex\u00e9rcito de ocupa\u00e7\u00e3o, esmagando sua arrog\u00e2ncia e prepot\u00eancia, ao queimar seus tanques e blindados e combatendo suas tropas nas ruas e vielas da Faixa de Gaza. Muitas surpresas ainda aguardam os sionistas.<\/p>\n<p>\u00d3 grandes massas de nosso grandioso povo palestino! \u00d3 todos os livres e honrados de nossa na\u00e7\u00e3o e do mundo! A batalha de 7 de outubro deste ano formou um marco qualitativo e estrat\u00e9gico na hist\u00f3ria da luta do povo palestino ao longo de mais de um s\u00e9culo de resist\u00eancia e sacrif\u00edcios. Foi uma resposta e um grito para este mundo injusto, que n\u00e3o se importou com o sofrimento de nosso povo por mais de cem anos. O que a m\u00e1quina de m\u00eddia sionista-ocidental est\u00e1 divulgando, de que o que est\u00e1 acontecendo em Gaza \u00e9 uma resposta a 7 de outubro, \u00e9 uma mentira e um engano para desviar a opini\u00e3o p\u00fablica mundial e apresentar a entidade de ocupa\u00e7\u00e3o como uma v\u00edtima, enquanto representa a verdadeira face da brutalidade, criminalidade e falta de valores, \u00e9tica e padr\u00f5es humanos. Portanto, afirmamos que esta guerra aberta n\u00e3o come\u00e7ou em 7 de outubro e n\u00e3o terminar\u00e1 nesta rodada de batalha. O conflito permanecer\u00e1 aberto at\u00e9 que o mundo reconhe\u00e7a sua culpa e seu crime hist\u00f3rico contra nosso povo. Nesses dias gloriosos e dolorosos do nosso povo e da sua luta nacional, diante do tamanho dos riscos e desafios que eles enfrentam, apelamos para o seguinte:<\/p>\n<p>1. Chamamos para a forma\u00e7\u00e3o imediata de um comando de emerg\u00eancia palestino unificado para enfrentar a agress\u00e3o sionista, administrar a batalha em termos militares e pol\u00edticos e para derrotar os objetivos da agress\u00e3o.<\/p>\n<p>2. Reafirmamos que apenas o nosso povo palestino tem o direito exclusivo de determinar seu pr\u00f3prio destino, e advertimos quem quer que se atreva a negociar com qualquer projeto suspeito, pois nosso povo lidar\u00e1 com eles como lida com as for\u00e7as de ocupa\u00e7\u00e3o.<\/p>\n<p>3. Chamamos as massas do nosso povo palestino em todos os lugares e todos os livres em nossa na\u00e7\u00e3o e os honrados do mundo a continuar com seus movimentos e atividades solid\u00e1rias com nosso povo, condenando os crimes da ocupa\u00e7\u00e3o e continuando a protestar nas ruas e pra\u00e7as at\u00e9 que a agress\u00e3o pare.<\/p>\n<p>4. Chamamos as massas de nossa na\u00e7\u00e3o \u00e1rabe e isl\u00e2mica a intensificarem seus movimentos e pressionarem seus regimes a elevar suas posi\u00e7\u00f5es no n\u00edvel da pulsa\u00e7\u00e3o dos povos que aspiram \u00e0 liberta\u00e7\u00e3o e se colocam contra as restri\u00e7\u00f5es de subservi\u00eancia \u00e0 Administra\u00e7\u00e3o dos Estados Unidos, tomando decis\u00f5es corajosas e passos ousados que levar\u00e3o ao fim da agress\u00e3o e fornecendo tudo o que pode fortalecer a resist\u00eancia de nosso povo e a perman\u00eancia \u00e0 sua terra.<\/p>\n<p>5. Chamamos a iniciar e intensificar campanhas de apoio ao nosso povo de v\u00e1rias formas, em todas as frentes legais, pol\u00edticas, diplom\u00e1ticas e midi\u00e1ticas, para revelar os crimes da ocupa\u00e7\u00e3o, seus apoiadores e seus c\u00famplices, rastreando todos os seus movimentos e processando-os perante os tribunais internacionais como criminosos de guerra.<\/p>\n<p>6. Chamamos a boicotar todas as empresas que apoiam a entidade de ocupa\u00e7\u00e3o e seus produtos, a aumentar a conscientiza\u00e7\u00e3o popular sobre a import\u00e2ncia do boicote para privar a economia da ocupa\u00e7\u00e3o e seus apoiadores, impondo graves perdas \u00e0s estruturas empregadas em sua execu\u00e7\u00e3o de massacres e crimes contra o nosso povo.<\/p>\n<p>7. Afirmamos que as Na\u00e7\u00f5es Unidas e suas institui\u00e7\u00f5es s\u00e3o c\u00famplices da agress\u00e3o a nosso povo e as responsabilizamos totalmente por encobrir os crimes da ocupa\u00e7\u00e3o; exigimos a busca s\u00e9ria em n\u00edvel internacional por encontrar uma base de refer\u00eancia internacional fora do dom\u00ednio e controle dos Estados Unidos e seus aliados, pois o mundo n\u00e3o conhecer\u00e1 seguran\u00e7a e estabilidade sob esse dom\u00ednio.<\/p>\n<p>Viva o Dia Internacional de Solidariedade com nosso povo. Viva os sacrif\u00edcios do nosso povo. Gl\u00f3ria aos m\u00e1rtires. Liberdade para os prisioneiros. R\u00e1pida recupera\u00e7\u00e3o para os feridos.<\/p>\n<p>Certamente, seremos vitoriosos.<\/p>\n<p>Frente Popular para a Liberta\u00e7\u00e3o da Palestina<br \/>\nDepartamento de M\u00eddia Central<br \/>\n28-11-2023<\/p>\n","protected":false},"excerpt":{"rendered":"<a class=\"moretag\" href=\"https:\/\/pcb.org.br\/portal2\/31105\"> <\/a>","protected":false},"author":8,"featured_media":0,"comment_status":"closed","ping_status":"closed","sticky":false,"template":"","format":"standard","meta":{"jetpack_post_was_ever_published":false,"_jetpack_newsletter_access":"","_jetpack_dont_email_post_to_subs":false,"_jetpack_newsletter_tier_id":0,"_jetpack_memberships_contains_paywalled_content":false,"_jetpack_memberships_contains_paid_content":false,"footnotes":"","jetpack_publicize_message":"","jetpack_publicize_feature_enabled":true,"jetpack_social_post_already_shared":true,"jetpack_social_options":{"image_generator_settings":{"template":"highway","default_image_id":0,"font":"","enabled":false},"version":2}},"categories":[73,9,146,75,78],"tags":[233],"class_list":["post-31105","post","type-post","status-publish","format-standard","hentry","category-c86-anti-imperialismo","category-s10-internacional","category-internacionalismo","category-c88-internacionalismo","category-c91-solidariedade-a-palestina","tag-6a"],"jetpack_publicize_connections":[],"jetpack_featured_media_url":"","jetpack_shortlink":"https:\/\/wp.me\/p659gw-85H","jetpack-related-posts":[],"jetpack_likes_enabled":true,"jetpack_sharing_enabled":true,"_links":{"self":[{"href":"https:\/\/pcb.org.br\/portal2\/wp-json\/wp\/v2\/posts\/31105","targetHints":{"allow":["GET"]}}],"collection":[{"href":"https:\/\/pcb.org.br\/portal2\/wp-json\/wp\/v2\/posts"}],"about":[{"href":"https:\/\/pcb.org.br\/portal2\/wp-json\/wp\/v2\/types\/post"}],"author":[{"embeddable":true,"href":"https:\/\/pcb.org.br\/portal2\/wp-json\/wp\/v2\/users\/8"}],"replies":[{"embeddable":true,"href":"https:\/\/pcb.org.br\/portal2\/wp-json\/wp\/v2\/comments?post=31105"}],"version-history":[{"count":1,"href":"https:\/\/pcb.org.br\/portal2\/wp-json\/wp\/v2\/posts\/31105\/revisions"}],"predecessor-version":[{"id":31107,"href":"https:\/\/pcb.org.br\/portal2\/wp-json\/wp\/v2\/posts\/31105\/revisions\/31107"}],"wp:attachment":[{"href":"https:\/\/pcb.org.br\/portal2\/wp-json\/wp\/v2\/media?parent=31105"}],"wp:term":[{"taxonomy":"category","embeddable":true,"href":"https:\/\/pcb.org.br\/portal2\/wp-json\/wp\/v2\/categories?post=31105"},{"taxonomy":"post_tag","embeddable":true,"href":"https:\/\/pcb.org.br\/portal2\/wp-json\/wp\/v2\/tags?post=31105"}],"curies":[{"name":"wp","href":"https:\/\/api.w.org\/{rel}","templated":true}]}}