{"id":3112,"date":"2012-07-02T14:10:10","date_gmt":"2012-07-02T14:10:10","guid":{"rendered":"http:\/\/pcb.org.br\/portal2\/?p=3112"},"modified":"2012-07-02T14:10:10","modified_gmt":"2012-07-02T14:10:10","slug":"pcb-presente-aos-100-anos-de-pc-do-chile","status":"publish","type":"post","link":"https:\/\/pcb.org.br\/portal2\/3112","title":{"rendered":"PCB presente aos 100 anos de PC do Chile"},"content":{"rendered":"\n<p>Uma boa tarde a todos, confesso que estou profundamente emocionado de estar aqui representando os comunistas brasileiros neste evento em Iquique, onde nasceu o Partido Comunista do Chile.<\/p>\n<p>Iquique, cidade hist\u00f3rica, de lutas oper\u00e1rias e deste partido de Luiz Emilio, Vitor Jara, Gloria Vladis, Pablo Neruda e de milhares de militantes. Nossas rela\u00e7\u00f5es s\u00e3o fruto de d\u00e9cadas, n\u00e3o come\u00e7ou agora de forma oportunista ou interesseira.<\/p>\n<p>E s\u00e3o hist\u00f3ricas as rela\u00e7\u00f5es entre o Partido Comunista Brasileiro (PCB) e o Partido Comunista do Chile (PCCh), seja naquela entre Pablo Neruda e Jorge Amado, que disputou a elei\u00e7\u00e3o para deputado federal por nosso partido em 1946; ou no poema em homenagem do mesmo Neruda a Luiz Carlos Prestes, nosso secret\u00e1rio-geral eleito senador, quando o nosso partido alcan\u00e7ou uma expressiva vota\u00e7\u00e3o em 1946.<\/p>\n<p>N\u00e3o podemos deixar de lembrar: durante o governo Allende, muitos exilados brasileiros encontraram abrigo em territ\u00f3rio chileno para fugir da ditadura empresarial-militar. Os camaradas chilenos se fizeram presentes naquele momento t\u00e3o dif\u00edcil para n\u00f3s brasileiros.<\/p>\n<p>Foi com os camaradas comunistas chilenos residentes no Brasil, no Rio de Janeiro ou em s\u00e3o Paulo, que pichamos muros, realizamos a\u00e7\u00f5es de solidariedade e apoio \u00e0s jovens revolu\u00e7\u00f5es cubana e nicaraguense.<\/p>\n<p>Camaradas, compartilhamos com voc\u00eas tamb\u00e9m algumas duras experi\u00eancias que s\u00e3o a fal\u00eancia de uma esquerda neoliberal, como as representadas pelos governos Michelle Bachellet no Chile e Lula\/Dilma no Brasil.<\/p>\n<p>Estes governos mantiveram a agenda neoliberal atrav\u00e9s das privatiza\u00e7\u00f5es da sa\u00fade e educa\u00e7\u00e3o, tanto que neste momento professores e estudantes das universidades se encontram em greve.<\/p>\n<p>Sofremos ambos com as leis burguesas autorit\u00e1rias e antidemocr\u00e1ticas, que criam cl\u00e1usulas de barreira para impedir que os comunistas tenham representa\u00e7\u00e3o parlamentar.<\/p>\n<p>N\u00e3o alimentamos ilus\u00e3o quanto ao parlamento burgu\u00eas, por\u00e9m sabemos ser este uma importante trincheira de luta; o que n\u00e3op podemos \u00e9 em nome de uma cadeira no parlamento burgu\u00eas fazer concess\u00f5es ideol\u00f3gicas ao capitalismo e nos rendermos ao cretinismo parlamentar, como fazem certos partidos de esquerda e at\u00e9 alguns que se dizem comunistas.<\/p>\n<p>Camaradas, n\u00e3o se iludam com o projeto da burguesia brasileira. O projeto de nossa burguesia \u00e9 tornar o Brasil um pa\u00eds imperialista atrav\u00e9s do financiamento do Estado.<\/p>\n<p>Isto pode ser conferido na ocupa\u00e7\u00e3o do Haiti e na venda de armas do Brasil ao governo da Col\u00f4mbia para assassinar trabalhadores colombianos. Como internacionalistas n\u00e3o podemos nos calar, diversos conv\u00eanios s\u00e3o feitos entre alguns estados brasileiros com o governo colombiano.<\/p>\n<p>O Estado colombiano \u00e9 um exemplo a ser seguido para toda burguesia do mundo, n\u00e3o foi \u00e0 toa a visita do secret\u00e1rio de Defesa dos EUA ao Chile, Col\u00f4mbia e Brasil.<\/p>\n<p>O Brasil tem acordo militar com os Estado Unidos e a Petrobras, por exemplo, \u00e9 uma grande empresa que poderia ser usada no processo de integra\u00e7\u00e3o com os povos latino-americanos por\u00e9m vem sendo privatizada. Al\u00e9m disso, nossa burguesia n\u00e3o tem interesse que o Brasil fa\u00e7a parte da Alba.<\/p>\n<p>Camaradas, precisamos mais do nunca construir e fortalecer o internacionalismo prolet\u00e1rio. O capitalismo hoje vive uma de suas maiores crises, por\u00e9m ele n\u00e3o cair\u00e1 de podre e tampouco marchamos para o socialismo, ele deve ser derrotado revolucionariamente.<\/p>\n<p>O capitalismo amea\u00e7a a exist\u00eancia da humanidade e por isso as quest\u00f5es ecol\u00f3gicas devem ser bandeiras anticapitalistas. O capitalismo, para continuar a existir, ter\u00e1 de recorrer a mais guerras, invas\u00f5es e vai atacar em todos os pa\u00edses os \u00faltimos direitos dos trabalhadores.<\/p>\n<p>Camaradas, com voc\u00eas compartilhamos a dor e o sofrimento dos presos, torturados e desaparecidos, estes homens e mulheres s\u00e3o nossos her\u00f3is e representam o que h\u00e1 de melhor na humanidade.<\/p>\n<p>Algum dia far\u00e3o parte dos livros did\u00e1ticos e canalhas como Pinochet, Bush, Hitler, Geisel e tantos outros ser\u00e3o o lixo da Hist\u00f3ria, tanto que quando se amea\u00e7a abrir os arquivos da Ditadura, como ocorre no Brasil, eles se escondem feito ratos em seus pr\u00f3prios lixos. N\u00f3s nunca deixamos de andar de cabe\u00e7a erguida.<\/p>\n<p>Camaradas, tamb\u00e9m devemos romper com certas ilus\u00f5es que tivemos no passado em rela\u00e7\u00e3o \u00e0s nossas burguesias, todas as burguesias latino-americanas, sejam elas do setor financeiro, industrial, agr\u00e1rio ou de servi\u00e7os, s\u00e3o aliadas hist\u00f3ricas do imperialismo estadunidense.<\/p>\n<p>Sempre que se sentem amea\u00e7adas, recorrem aos tanques, reprimindo, prendendo, torturando, assassinando e at\u00e9 desaparecendo com os corpos dos combatentes.<\/p>\n<p>No dever do internacionalismo temos pela frente a reelei\u00e7\u00e3o do presidente Hugo Chaves, para n\u00f3s do PCB \u00e9 importante a manuten\u00e7\u00e3o e exist\u00eancia da Alba como um contraponto ao imperialismo.<\/p>\n<p>O Partido Comunista Brasileiro (PCB), com nossos 90 anos de luta pelo socialismo, compartilha com voc\u00eas seus 100 anos de funda\u00e7\u00e3o &#8211; que para n\u00f3s tamb\u00e9m \u00e9 nosso anivers\u00e1rio.<\/p>\n<p>No Brasil lutamos para construir uma alternativa aos governistas burgueses que se alternam no poder, sejam eles o PSDB e seus aliados ou o PT e seus aliados, que cooptam os movimentos sociais procurando amortecer a luta de classes a favor do capital.<\/p>\n<p>Essa alternativa \u00e9 a frente anticapitalista e antiimperialista, que una partidos e movimentos tendo como meta a agenda anticapitalista. Irmos unidos para al\u00e9m do calend\u00e1rio eleitoral burgu\u00eas e criarmos as condi\u00e7\u00f5es da revolu\u00e7\u00e3o brasileira, essa nossa tarefa.<\/p>\n<p>Viva a amizade entre os comunistas brasileiros e chilenos, viva a amizade entre todos os comunistas de todo o mundo, viva o internacionalismo prolet\u00e1rio. O socialismo triunfar\u00e1, avan\u00e7aremos no rumo do comunismo. Viva a revolu\u00e7\u00e3o mundial.<\/p>\n<p>Iquique, Chile<\/p>\n<p>09 de junho de 2012<\/p>\n<p>Jos\u00e9 Renato Andr\u00e9 Rodrigues<\/p>\n<p>Sub. Secretario de Solidariedade Internacional<\/p>\n<p>Comit\u00ea Central do PCB<\/p>\n","protected":false},"excerpt":{"rendered":"\n\n\nCr\u00e9dito: PCB\n\n\n\n\n\n\n\n\nCamaradas,\n<a class=\"moretag\" href=\"https:\/\/pcb.org.br\/portal2\/3112\"> <\/a>","protected":false},"author":1,"featured_media":0,"comment_status":"open","ping_status":"open","sticky":false,"template":"","format":"standard","meta":{"jetpack_post_was_ever_published":false,"_jetpack_newsletter_access":"","_jetpack_dont_email_post_to_subs":false,"_jetpack_newsletter_tier_id":0,"_jetpack_memberships_contains_paywalled_content":false,"_jetpack_memberships_contains_paid_content":false,"footnotes":"","jetpack_publicize_message":"","jetpack_publicize_feature_enabled":true,"jetpack_social_post_already_shared":false,"jetpack_social_options":{"image_generator_settings":{"template":"highway","default_image_id":0,"font":"","enabled":false},"version":2}},"categories":[87],"tags":[],"class_list":["post-3112","post","type-post","status-publish","format-standard","hentry","category-c100-chile"],"jetpack_publicize_connections":[],"jetpack_featured_media_url":"","jetpack_shortlink":"https:\/\/wp.me\/p659gw-Oc","jetpack-related-posts":[],"jetpack_likes_enabled":true,"jetpack_sharing_enabled":true,"_links":{"self":[{"href":"https:\/\/pcb.org.br\/portal2\/wp-json\/wp\/v2\/posts\/3112","targetHints":{"allow":["GET"]}}],"collection":[{"href":"https:\/\/pcb.org.br\/portal2\/wp-json\/wp\/v2\/posts"}],"about":[{"href":"https:\/\/pcb.org.br\/portal2\/wp-json\/wp\/v2\/types\/post"}],"author":[{"embeddable":true,"href":"https:\/\/pcb.org.br\/portal2\/wp-json\/wp\/v2\/users\/1"}],"replies":[{"embeddable":true,"href":"https:\/\/pcb.org.br\/portal2\/wp-json\/wp\/v2\/comments?post=3112"}],"version-history":[{"count":0,"href":"https:\/\/pcb.org.br\/portal2\/wp-json\/wp\/v2\/posts\/3112\/revisions"}],"wp:attachment":[{"href":"https:\/\/pcb.org.br\/portal2\/wp-json\/wp\/v2\/media?parent=3112"}],"wp:term":[{"taxonomy":"category","embeddable":true,"href":"https:\/\/pcb.org.br\/portal2\/wp-json\/wp\/v2\/categories?post=3112"},{"taxonomy":"post_tag","embeddable":true,"href":"https:\/\/pcb.org.br\/portal2\/wp-json\/wp\/v2\/tags?post=3112"}],"curies":[{"name":"wp","href":"https:\/\/api.w.org\/{rel}","templated":true}]}}