{"id":31159,"date":"2023-12-15T21:02:02","date_gmt":"2023-12-16T00:02:02","guid":{"rendered":"https:\/\/pcb.org.br\/portal2\/?p=31159"},"modified":"2023-12-23T13:07:11","modified_gmt":"2023-12-23T16:07:11","slug":"preparar-a-ujc-para-um-novo-ciclo","status":"publish","type":"post","link":"https:\/\/pcb.org.br\/portal2\/31159","title":{"rendered":"Preparar a UJC para um novo ciclo"},"content":{"rendered":"<p><img data-recalc-dims=\"1\" loading=\"lazy\" decoding=\"async\" data-attachment-id=\"31160\" data-permalink=\"https:\/\/pcb.org.br\/portal2\/31159\/jc_preparar\" data-orig-file=\"https:\/\/i0.wp.com\/pcb.org.br\/portal2\/wp-content\/uploads\/2023\/12\/JC_preparar.webp?fit=1080%2C1080&amp;ssl=1\" data-orig-size=\"1080,1080\" data-comments-opened=\"0\" data-image-meta=\"{&quot;aperture&quot;:&quot;0&quot;,&quot;credit&quot;:&quot;&quot;,&quot;camera&quot;:&quot;&quot;,&quot;caption&quot;:&quot;&quot;,&quot;created_timestamp&quot;:&quot;0&quot;,&quot;copyright&quot;:&quot;&quot;,&quot;focal_length&quot;:&quot;0&quot;,&quot;iso&quot;:&quot;0&quot;,&quot;shutter_speed&quot;:&quot;0&quot;,&quot;title&quot;:&quot;&quot;,&quot;orientation&quot;:&quot;0&quot;}\" data-image-title=\"JC_preparar\" data-image-description=\"\" data-image-caption=\"\" data-large-file=\"https:\/\/i0.wp.com\/pcb.org.br\/portal2\/wp-content\/uploads\/2023\/12\/JC_preparar.webp?fit=747%2C747&amp;ssl=1\" class=\"alignnone size-large wp-image-31160\" src=\"https:\/\/i0.wp.com\/pcb.org.br\/portal2\/wp-content\/uploads\/2023\/12\/JC_preparar.webp?resize=747%2C747&#038;ssl=1\" alt=\"\" width=\"747\" height=\"747\" srcset=\"https:\/\/i0.wp.com\/pcb.org.br\/portal2\/wp-content\/uploads\/2023\/12\/JC_preparar.webp?resize=900%2C900&amp;ssl=1 900w, https:\/\/i0.wp.com\/pcb.org.br\/portal2\/wp-content\/uploads\/2023\/12\/JC_preparar.webp?resize=300%2C300&amp;ssl=1 300w, https:\/\/i0.wp.com\/pcb.org.br\/portal2\/wp-content\/uploads\/2023\/12\/JC_preparar.webp?resize=150%2C150&amp;ssl=1 150w, https:\/\/i0.wp.com\/pcb.org.br\/portal2\/wp-content\/uploads\/2023\/12\/JC_preparar.webp?resize=768%2C768&amp;ssl=1 768w, https:\/\/i0.wp.com\/pcb.org.br\/portal2\/wp-content\/uploads\/2023\/12\/JC_preparar.webp?w=1080&amp;ssl=1 1080w\" sizes=\"auto, (max-width: 747px) 100vw, 747px\" \/><!--more--><\/p>\n<p>O mais recente racha do PCB, autodenominado RR, teve seu principal eixo dentro da UJC, sendo o coletivo partid\u00e1rio mais atingido e o que teve suas estruturas internas mais abaladas, contando com o sequestro de materiais, finan\u00e7as e informa\u00e7\u00f5es, assim como a quebra de trabalhos e quadros. Por\u00e9m, al\u00e9m das consequ\u00eancias pol\u00edtico-organizativas, o racha foi respons\u00e1vel por alimentar nas nossas fileiras um sentimento de des\u00e2nimo, desconfian\u00e7a e desmoraliza\u00e7\u00e3o das dire\u00e7\u00f5es da Juventude e do Partido que precisa ser recuperado.<\/p>\n<p>J\u00e1 se torna evidente a esta altura que a pr\u00e1tica pol\u00edtica da pol\u00eamica p\u00fablica, defendida e exercida pelo RR (mesmo antes da ruptura definitiva), n\u00e3o traz nenhum fruto, abrindo espa\u00e7o para a disputa desonesta e sem princ\u00edpios, desmoralizando as dire\u00e7\u00f5es do Partido e fazendo pouco para coibir as pr\u00e1ticas mandonistas e golpistas no interior das organiza\u00e7\u00f5es. Pelo contr\u00e1rio, vemos o surgimento de um Partido err\u00e1tico e esquerdista, que aponta para a exist\u00eancia de correntes internas, a dissolu\u00e7\u00e3o dos Coletivos e da Juventude enquanto frentes de massa, e tornando nebulosa a diferencia\u00e7\u00e3o entre militantes e amigos do Partido.<\/p>\n<p>Reconhecer que o racha deu origem a uma organiza\u00e7\u00e3o distinta de pessoas n\u00e3o mais presentes nos coletivos e \u00f3rg\u00e3os partid\u00e1rios certamente n\u00e3o significa dizer que as quest\u00f5es que nos afastam do que buscamos realizar deixaram de existir. Em outras palavras, isso n\u00e3o nos exime da responsabilidade coletiva de superar dialeticamente problemas e desafios que enfrentamos e que foram instrumentalizados pelo movimento fracionista, avan\u00e7ando nossas formula\u00e7\u00f5es pol\u00edticas e valorizando nossos espa\u00e7os internos de debate e nossa democracia interna no geral.<\/p>\n<p>A pr\u00e1tica sempre se revela o crit\u00e9rio da verdade, e no lugar de se envolver em provoca\u00e7\u00f5es p\u00fablicas no terreno muitas vezes favor\u00e1vel aos fracionistas, como as redes sociais, devemos disputar os s\u00edmbolos e a hist\u00f3ria da nossa organiza\u00e7\u00e3o (que ainda s\u00e3o reivindicados por eles) atrav\u00e9s do nosso trabalho concreto, da nossa unidade de a\u00e7\u00e3o e disciplina revolucion\u00e1ria. Como j\u00e1 ocorreu em v\u00e1rios outros momentos, a nossa postura consequente, distinta de a\u00e7\u00f5es esquerdistas, por exemplo, ser\u00e1 capaz de nos tornar uma organiza\u00e7\u00e3o de refer\u00eancia para a juventude. Dito isso, fica evidente a necessidade de uma reorganiza\u00e7\u00e3o a n\u00edvel nacional da UJC, visando a supera\u00e7\u00e3o dos v\u00edcios ent\u00e3o vigentes e uma maior adequa\u00e7\u00e3o da atua\u00e7\u00e3o pol\u00edtica em conjunto com o PCB.<\/p>\n<p>Como j\u00e1 fora indicado anteriormente, apesar da atua\u00e7\u00e3o organizada do fracionismo dentro da UJC, visando disputar o IX Congresso Nacional da UJC, avaliamos que a linha vitoriosa dentro do \u00faltimo Congresso foi a linha consequente e revolucion\u00e1ria, condizente com os objetivos partid\u00e1rios e que fortalece a liga\u00e7\u00e3o entre o PCB e a UJC. Isso se mant\u00e9m verdade ainda que possam ser notados diversos \u201catropelos\u201d feitos pela sistematiza\u00e7\u00e3o do Congresso, passando batidos diversos pontos que n\u00e3o foram discutidos em plen\u00e1ria final.<\/p>\n<p>Sendo estes fatos consumados, o papel da CN UJC (Coordena\u00e7\u00e3o Nacional da UJC) agora \u00e9 recuperar o ano de trabalho perdido desde o IX Congresso, tempo este que n\u00e3o foi utilizado para formar um corpo dirigente nacional ou para colocar em andamento a pol\u00edtica congressual em sua integralidade, somente aqueles pontos que eram interesses do corpo dirigente fracionista. O burocratismo e o descompromisso partid\u00e1rio foram ent\u00e3o os principais problemas da UJC, sendo inadmiss\u00edvel que estes se mantenham vigentes no novo per\u00edodo.<\/p>\n<p>N\u00e3o bastassem os desvios incutidos no fracionismo, o processo do racha ainda logrou em desarticular a UJC a n\u00edvel nacional, quebrando boa parte do trabalho nas regi\u00f5es Norte e Sul, e prejudicando a inser\u00e7\u00e3o nas regi\u00f5es Nordeste e Centro-Oeste, ficando o Sudeste, ainda que muito afetado, como um dos pontos mais est\u00e1veis da UJC nos dias de hoje. E restam aqui diferen\u00e7as profundas sobre o desenvolvimento do racha, nos permitindo estabelecer algumas diferentes caracteriza\u00e7\u00f5es do processo.<\/p>\n<p>Onde o fracionismo lograra se tornar hegem\u00f4nico, como em S\u00e3o Paulo, Paran\u00e1, Santa Catarina e Rio Grande do Sul, houve um movimento articulado por cima, pelas CRs, mas que n\u00e3o conseguiram levar a integridade das bases, restando muitos n\u00facleos fi\u00e9is ao Partido. Em estados onde ele tinha conseguido grandes avan\u00e7os, mas ainda n\u00e3o era hegem\u00f4nico, como Bahia, Minas Gerais e Distrito Federal, ficou evidente uma articula\u00e7\u00e3o escusa, por fora das inst\u00e2ncias, buscando construir uma maioria e tomar a organiza\u00e7\u00e3o de assalto. J\u00e1 na grande maioria do pa\u00eds, no restante dos estados do Norte, Nordeste e Centro-oeste, foi priorizada a atua\u00e7\u00e3o de \u201cemiss\u00e1rios\u201d do racha, na figura de assistentes ou por meio das Secretarias de Organiza\u00e7\u00e3o, que buscaram militantes insatisfeitos com o funcionamento do Partido no estado para criar uma rusga artificial e for\u00e7ar o rompimento, principalmente atrav\u00e9s do filtro de informa\u00e7\u00f5es e do sufocamento das vozes dissonantes.<\/p>\n<p>E da mesma forma que nos cabe a superar os desvios apontados, tamb\u00e9m \u00e9 tarefa desta dire\u00e7\u00e3o preparar as condi\u00e7\u00f5es para a reorganiza\u00e7\u00e3o da UJC de norte a sul, no pa\u00eds inteiro.<\/p>\n<p>Sabemos que essas s\u00e3o grandes tarefas, e que ser\u00e1 necess\u00e1ria uma dire\u00e7\u00e3o renovada para concretiz\u00e1-las. \u00c9 ent\u00e3o nesse esp\u00edrito que convocamos militantes de todo o pa\u00eds para recompor a CN UJC, prezando pela recomposi\u00e7\u00e3o qualitativa das nossas fileiras e pela prepara\u00e7\u00e3o de quadros para fortalecer o PCB na dif\u00edcil tarefa de construir a Frente Anticapitalista e Anti-imperialista no Brasil.<\/p>\n<p>O papel da UJC na conjuntura<br \/>\nEm conson\u00e2ncia com a avalia\u00e7\u00e3o do PCB da nossa atual quadra hist\u00f3rica, exposta na nota Derrotar o projeto burgu\u00eas e a concilia\u00e7\u00e3o de classes!, a UJC entende que estamos diante da abertura de um novo ciclo de lutas, onde a concilia\u00e7\u00e3o da social democracia abre um v\u00e1cuo pol\u00edtico, que pode tanto ser utilizado para o fortalecimento do fascismo quanto para a constru\u00e7\u00e3o de um campo contra-hegem\u00f4nico e revolucion\u00e1rio, de car\u00e1ter anticapitalista e anti-imperialista, onde os comunistas exercem um papel fundamental.<\/p>\n<p>Colocada essa abertura hist\u00f3rica, as condi\u00e7\u00f5es objetivas da classe, e especialmente da juventude, pesam sobre os ombros dos revolucion\u00e1rios. Apesar do ciclo mais recente de fortalecimento da esquerda revolucion\u00e1ria no movimento estudantil, por exemplo, este ainda est\u00e1 longe da grandeza necess\u00e1ria para sua tarefa hist\u00f3rica de conduzir o conjunto dos estudantes brasileiros (que comp\u00f5em 7,8 milh\u00f5es no Ensino M\u00e9dio e 8,4 milh\u00f5es no Ensino Superior) na constru\u00e7\u00e3o de uma educa\u00e7\u00e3o popular, que implica a emancipa\u00e7\u00e3o humana e constru\u00e7\u00e3o do socialismo.<\/p>\n<p>Mais amplamente, \u00e9 necess\u00e1rio avan\u00e7ar na organiza\u00e7\u00e3o da juventude da classe trabalhadora, seja nos locais de estudos, mas tamb\u00e9m de moradia e trabalho, difundindo entre as massas a import\u00e2ncia da defesa do projeto socialista e comunista, atrav\u00e9s da luta econ\u00f4mica por melhoria das nossas condi\u00e7\u00f5es de vida, da luta pela amplia\u00e7\u00e3o das liberdades democr\u00e1ticas e garantia dos direitos sociais, e da luta pol\u00edtica pela tomada do poder mediante a constru\u00e7\u00e3o do Poder Popular. Logo, dado o tom geral dos acontecimentos e da condi\u00e7\u00e3o atual de fraqueza dos \u00f3rg\u00e3os de poder independente e a coopta\u00e7\u00e3o das lutas para o calend\u00e1rio institucional da socialdemocracia, \u00e9 tarefa dos comunistas apresentar \u00e0 juventude um programa revolucion\u00e1rio, expresso em um calend\u00e1rio de lutas que reverta os avan\u00e7os do neoliberalismo e construa a ofensiva da classe trabalhadora em torno tanto da melhora imediata das condi\u00e7\u00f5es de vida como do fortalecimento da estrat\u00e9gia socialista.<\/p>\n<p>Al\u00e9m disso, ainda faltam l\u00e9guas para a conforma\u00e7\u00e3o de um campo pol\u00edtico revolucion\u00e1rio com unidade de a\u00e7\u00e3o. E cabe a UJC, em conjunto com o PCB, nos aproximar das organiza\u00e7\u00f5es que defendem em seu programa a Revolu\u00e7\u00e3o Socialista e demonstram coer\u00eancia em sua pr\u00e1tica pol\u00edtica. Para romper com o esquerdismo, que nos isola de diversas constru\u00e7\u00f5es pol\u00edticas pelo pa\u00eds, devemos retomar os contatos com as organiza\u00e7\u00f5es da classe e as for\u00e7as pol\u00edticas, apontando pela cr\u00edtica fraterna e pelo exemplo os caminhos de constru\u00e7\u00e3o de um movimento revolucion\u00e1rio na juventude.<\/p>\n<p>Isso se torna ainda mais candente quando estamos nos aproximando de um ano eleitoral, nas elei\u00e7\u00f5es municipais e na ocasi\u00e3o do CONUBES, sendo a primeira um espa\u00e7o em aberto para a disputa das no\u00e7\u00f5es de Direito \u00e0 Cidade, centrais para o movimento de Bairros, e a segunda uma grande oportunidade para a abertura de trabalho no ME Secundarista. E em ambas, a recupera\u00e7\u00e3o di\u00e1logo \u00edntimo com o PCB \u00e9 seminal, visando fortalecer nossas pautas e avan\u00e7ar na organiza\u00e7\u00e3o dos Jovens Trabalhadores e Estudantes Secundaristas, eixos priorit\u00e1rios do IX Congresso.<\/p>\n<p>Dentro desse papel hist\u00f3rico, e visando superar o descompasso hist\u00f3rico entre as pastas de Movimento Estudantil \u2013 sobretudo universit\u00e1rio de universidades p\u00fablicas \u2013, Movimento de Bairros e de Jovens Trabalhadores, temos algumas tarefas para a UJC nessa conjuntura.<\/p>\n<p>A primeira \u00e9 redirecionar a nossa pol\u00edtica no movimento estudantil, apostando na consolida\u00e7\u00e3o das frentes de massas do MUP (Movimento por uma Universidade Popular) e do MEP (Movimento por uma Escola Popular) junto ao Partido, no fortalecimento da organiza\u00e7\u00e3o do movimento estudantil por \u00e1rea e na unifica\u00e7\u00e3o das mobiliza\u00e7\u00f5es do setor da educa\u00e7\u00e3o, em conjunto com sindicatos e associa\u00e7\u00f5es. Mais especificamente, conforme delimitado no IX Congresso, \u00e9 fundamental ampliar a nossa atua\u00e7\u00e3o no movimento secundarista em geral e, vinculado a ele o movimento de estudantes do Ensino Profissional T\u00e9cnico (EPT), que por sua vez se associa \u00e0 inser\u00e7\u00e3o no movimento de jovens trabalhadores e a inser\u00e7\u00e3o nas universidades privadas de massas.<\/p>\n<p>A segunda se coloca no \u00e2mbito do trabalho de bairros, uma frente de atua\u00e7\u00e3o esvaziada por grande parte das for\u00e7as pol\u00edticas de esquerda, mas com alto potencial de inser\u00e7\u00e3o pol\u00edtica para a UJC, principalmente em conjunto com o PCB. A organiza\u00e7\u00e3o da juventude trabalhadora pelos seus locais de moradia e a constru\u00e7\u00e3o de trabalho cont\u00ednuo e efetivo nos territ\u00f3rios, sobretudo nas periferias das cidades grandes e m\u00e9dias, \u00e9 um fronte central para os jovens comunistas, sendo um dos pontos da sociabilidade burguesa onde as contradi\u00e7\u00f5es s\u00e3o mais gritantes e escancaradas. Os principais eixos de inser\u00e7\u00e3o nessa \u00e1rea s\u00e3o os debates sobre a seguran\u00e7a p\u00fablica e as lutas pelo direito \u00e0 cidade (nos temas de infraestrutura, saneamento, moradia, educa\u00e7\u00e3o, sa\u00fade, cultura e lazer).<\/p>\n<p>A terceira \u00e9 a organiza\u00e7\u00e3o dos jovens trabalhadores, dialogando e definindo com o PCB as categorias espec\u00edficas de atua\u00e7\u00e3o da UJC, delimitando as prioridades de organiza\u00e7\u00e3o dos jovens comunistas, indicando tanto os setores estrat\u00e9gicos para a inser\u00e7\u00e3o a longo prazo quanto aqueles que possibilitam um avan\u00e7o qualitativo da luta em tempos mais imediatos. Essa defini\u00e7\u00e3o deve levar em conta o grau de sindicaliza\u00e7\u00e3o, a idade m\u00e9dia dos trabalhadores do setor e a conson\u00e2ncia destes com os setores estrat\u00e9gicos indicados pelo PCB no seu XVI Congresso.<\/p>\n<p>Coordena\u00e7\u00e3o Nacional da UJC<\/p>\n<p>11 de dezembro de 2023<\/p>\n","protected":false},"excerpt":{"rendered":"<a class=\"moretag\" href=\"https:\/\/pcb.org.br\/portal2\/31159\"> <\/a>","protected":false},"author":8,"featured_media":0,"comment_status":"closed","ping_status":"closed","sticky":false,"template":"","format":"standard","meta":{"jetpack_post_was_ever_published":false,"_jetpack_newsletter_access":"","_jetpack_dont_email_post_to_subs":false,"_jetpack_newsletter_tier_id":0,"_jetpack_memberships_contains_paywalled_content":false,"_jetpack_memberships_contains_paid_content":false,"footnotes":"","jetpack_publicize_message":"","jetpack_publicize_feature_enabled":true,"jetpack_social_post_already_shared":true,"jetpack_social_options":{"image_generator_settings":{"template":"highway","default_image_id":0,"font":"","enabled":false},"version":2}},"categories":[6,27],"tags":[224,247],"class_list":["post-31159","post","type-post","status-publish","format-standard","hentry","category-s5-juventude","category-c27-ujc","tag-3b","tag-jd"],"jetpack_publicize_connections":[],"jetpack_featured_media_url":"","jetpack_shortlink":"https:\/\/wp.me\/p659gw-86z","jetpack-related-posts":[],"jetpack_likes_enabled":true,"jetpack_sharing_enabled":true,"_links":{"self":[{"href":"https:\/\/pcb.org.br\/portal2\/wp-json\/wp\/v2\/posts\/31159","targetHints":{"allow":["GET"]}}],"collection":[{"href":"https:\/\/pcb.org.br\/portal2\/wp-json\/wp\/v2\/posts"}],"about":[{"href":"https:\/\/pcb.org.br\/portal2\/wp-json\/wp\/v2\/types\/post"}],"author":[{"embeddable":true,"href":"https:\/\/pcb.org.br\/portal2\/wp-json\/wp\/v2\/users\/8"}],"replies":[{"embeddable":true,"href":"https:\/\/pcb.org.br\/portal2\/wp-json\/wp\/v2\/comments?post=31159"}],"version-history":[{"count":1,"href":"https:\/\/pcb.org.br\/portal2\/wp-json\/wp\/v2\/posts\/31159\/revisions"}],"predecessor-version":[{"id":31161,"href":"https:\/\/pcb.org.br\/portal2\/wp-json\/wp\/v2\/posts\/31159\/revisions\/31161"}],"wp:attachment":[{"href":"https:\/\/pcb.org.br\/portal2\/wp-json\/wp\/v2\/media?parent=31159"}],"wp:term":[{"taxonomy":"category","embeddable":true,"href":"https:\/\/pcb.org.br\/portal2\/wp-json\/wp\/v2\/categories?post=31159"},{"taxonomy":"post_tag","embeddable":true,"href":"https:\/\/pcb.org.br\/portal2\/wp-json\/wp\/v2\/tags?post=31159"}],"curies":[{"name":"wp","href":"https:\/\/api.w.org\/{rel}","templated":true}]}}