{"id":31183,"date":"2023-12-22T19:56:16","date_gmt":"2023-12-22T22:56:16","guid":{"rendered":"https:\/\/pcb.org.br\/portal2\/?p=31183"},"modified":"2023-12-22T19:56:16","modified_gmt":"2023-12-22T22:56:16","slug":"fraude-bala-e-neofascismo","status":"publish","type":"post","link":"https:\/\/pcb.org.br\/portal2\/31183","title":{"rendered":"Fraude, Bala e Neofascismo"},"content":{"rendered":"<p><img data-recalc-dims=\"1\" loading=\"lazy\" decoding=\"async\" data-attachment-id=\"31184\" data-permalink=\"https:\/\/pcb.org.br\/portal2\/31183\/fraude-bala-e-neofascismo\" data-orig-file=\"https:\/\/i0.wp.com\/pcb.org.br\/portal2\/wp-content\/uploads\/2023\/12\/Fraude-Bala-e-Neofascismo.png?fit=1080%2C1080&amp;ssl=1\" data-orig-size=\"1080,1080\" data-comments-opened=\"0\" data-image-meta=\"{&quot;aperture&quot;:&quot;0&quot;,&quot;credit&quot;:&quot;&quot;,&quot;camera&quot;:&quot;&quot;,&quot;caption&quot;:&quot;&quot;,&quot;created_timestamp&quot;:&quot;0&quot;,&quot;copyright&quot;:&quot;&quot;,&quot;focal_length&quot;:&quot;0&quot;,&quot;iso&quot;:&quot;0&quot;,&quot;shutter_speed&quot;:&quot;0&quot;,&quot;title&quot;:&quot;&quot;,&quot;orientation&quot;:&quot;0&quot;}\" data-image-title=\"Fraude, Bala e Neofascismo\" data-image-description=\"\" data-image-caption=\"\" data-large-file=\"https:\/\/i0.wp.com\/pcb.org.br\/portal2\/wp-content\/uploads\/2023\/12\/Fraude-Bala-e-Neofascismo.png?fit=747%2C747&amp;ssl=1\" class=\"alignnone size-large wp-image-31184\" src=\"https:\/\/i0.wp.com\/pcb.org.br\/portal2\/wp-content\/uploads\/2023\/12\/Fraude-Bala-e-Neofascismo.png?resize=747%2C747&#038;ssl=1\" alt=\"\" width=\"747\" height=\"747\" srcset=\"https:\/\/i0.wp.com\/pcb.org.br\/portal2\/wp-content\/uploads\/2023\/12\/Fraude-Bala-e-Neofascismo.png?resize=900%2C900&amp;ssl=1 900w, https:\/\/i0.wp.com\/pcb.org.br\/portal2\/wp-content\/uploads\/2023\/12\/Fraude-Bala-e-Neofascismo.png?resize=300%2C300&amp;ssl=1 300w, https:\/\/i0.wp.com\/pcb.org.br\/portal2\/wp-content\/uploads\/2023\/12\/Fraude-Bala-e-Neofascismo.png?resize=150%2C150&amp;ssl=1 150w, https:\/\/i0.wp.com\/pcb.org.br\/portal2\/wp-content\/uploads\/2023\/12\/Fraude-Bala-e-Neofascismo.png?resize=768%2C768&amp;ssl=1 768w, https:\/\/i0.wp.com\/pcb.org.br\/portal2\/wp-content\/uploads\/2023\/12\/Fraude-Bala-e-Neofascismo.png?w=1080&amp;ssl=1 1080w\" sizes=\"auto, (max-width: 747px) 100vw, 747px\" \/><!--more-->Fraude, Bala e Neofascismo<\/p>\n<p>Enfrentando o governo Tarc\u00edsio de Freitas<\/p>\n<p>Ap\u00f3s um processo de profunda luta pol\u00edtica e embates sociais em S\u00e3o Paulo nos \u00faltimos quatro anos, o bolsonarista Tarc\u00edsio de Freitas venceu as elei\u00e7\u00f5es para o governo estadual paulista em 2022 se apoiando em muita fake news, ajuda da m\u00e1quina federal, grandes quadros pol\u00edticos do centr\u00e3o trabalhando em seu favor, e abundante suporte da grande m\u00eddia e do agroneg\u00f3cio.<\/p>\n<p>Nas v\u00e9speras de completar um ano de governo, estamos com a sensa\u00e7\u00e3o de ser um governo de quase uma d\u00e9cada, tamanha cat\u00e1strofe que \u00e9 essa gest\u00e3o para a classe trabalhadora e as camadas m\u00e9dias mais empobrecidas de S\u00e3o Paulo. Cat\u00e1strofe que diariamente \u00e9 incentivada pelos grandes ve\u00edculos de comunica\u00e7\u00e3o que buscam desesperadamente uma figura mais palat\u00e1vel e \u201ccivilizada\u201d para ocupar o lugar deixado por Bolsonaro na futura corrida presidencial.<\/p>\n<p>Buscando estabelecer as linhas gerais de uma an\u00e1lise sobre o novo governo do estado de S\u00e3o Paulo, identificamos no bolsonarista um trip\u00e9 de pol\u00edticas que estruturam o seu governo at\u00e9 o momento.<\/p>\n<p><strong>1) pol\u00edtica ultraliberal de privatiza\u00e7\u00f5es,<\/strong> uma das grandes bandeiras de campanha do governador, que vem fazendo um teste de for\u00e7a com a Sabesp. No \u00faltimo 6 de dezembro na Assembleia Legislativa foi aprovado o projeto de lei do executivo que autoriza a privatiza\u00e7\u00e3o da estatal, mesmo contrariando grande parte da popula\u00e7\u00e3o neste processo. Segundo pesquisa do instituto Datafolha de Abril, 53% dos paulistas estavam contra a privatiza\u00e7\u00e3o da Sabesp, informa\u00e7\u00e3o confirmada pelo grande plebiscito popular organizado pelo movimento sindical, em que 97% dos mais de 897 mil votos foram contra a venda da empresa.<\/p>\n<p>O processo de privatiza\u00e7\u00e3o da Sabesp envolveu uma s\u00e9rie de negociatas e esc\u00e2ndalos de corrup\u00e7\u00e3o, com libera\u00e7\u00e3o de emendas para comprar os deputados estaduais e valores diferenciados para a entrega de relat\u00f3rios t\u00e9cnicos que supostamente a embasariam (o valor para o laudo favor\u00e1vel a privatiza\u00e7\u00e3o era muito maior do que para um laudo contr\u00e1rio a venda).<\/p>\n<p>A Sabesp \u00e9 uma das melhores empresas de saneamento do mundo, recebendo muitos pr\u00eamios pela qualidade da \u00e1gua fornecida e atendendo as exig\u00eancias do marco regulat\u00f3rio do saneamento b\u00e1sico, garantindo a universaliza\u00e7\u00e3o do acesso muito antes do prazo exigido. A empresa atende mais de 300 munic\u00edpios do estado e rende cerca de 500 milh\u00f5es de reais de dividendos para os cofres p\u00fablicos por ano. Sua privatiza\u00e7\u00e3o foi claramente um esc\u00e2ndalo a base de mentiras, que vai aumentar absurdamente a tarifa (aumento admitido pelo governador) e piorar os servi\u00e7os prestados.<\/p>\n<p>O governo testa sua for\u00e7a para avan\u00e7ar sobre outras privatiza\u00e7\u00f5es: Campo de Marte, Portos de Santos e S\u00e3o Sebasti\u00e3o, linhas do Metr\u00f4 e da CPTM. \u00c9 importante frisar que as principais beneficiadas com essas privatiza\u00e7\u00f5es s\u00e3o as grandes multinacionais, algumas at\u00e9 estatais, da\u00ed podemos observar a profunda articula\u00e7\u00e3o do governo Tarc\u00edsio com o imperialismo. Esse trip\u00e9 das privatiza\u00e7\u00f5es \u00e9 o trip\u00e9 da fraude. De brinde ainda teremos aumento na tarifa do Metr\u00f4 e CPTM em janeiro de 2024.<\/p>\n<p><strong>2) Militariza\u00e7\u00e3o da seguran\u00e7a p\u00fablica e criminaliza\u00e7\u00e3o da popula\u00e7\u00e3o pobre<\/strong>, fazendo jus a tradi\u00e7\u00e3o pol\u00edtica reacion\u00e1ria e neofascista. De acordo com dados do Alma Preta jornalismo, durante o ano de 2023 foram retirados 25,9 milh\u00f5es de reais do fundo destinado para o investimento em c\u00e2meras nas fardas de policiais. A pol\u00edtica de c\u00e2meras nas fardas \u00e9 comprovadamente uma medida que contribui para a queda da letalidade policial. Como se n\u00e3o bastasse essa a\u00e7\u00e3o absurda, o governo demonstra todo seu \u00f3dio aos pobres ao incentivar tanto em declara\u00e7\u00f5es como nas a\u00e7\u00f5es concretas a letalidade policial, inclusive transformando a vingan\u00e7a em pol\u00edtica de estado.<\/p>\n<p>Durante quarenta dias entre agosto e setembro os trabalhadores perif\u00e9ricos do Guaruj\u00e1 e da Baixada Santista viveram um filme de terror com a opera\u00e7\u00e3o escudo, em articula\u00e7\u00e3o com a prefeitura da cidade e desencadeada depois de uma a\u00e7\u00e3o policial na Baixada Santista, litoral sul, em decorr\u00eancia da morte do policial da Rota, Patrick dos Reis. Al\u00e9m de ter suas casas derrubadas, 28 pessoas foram mortas, com execu\u00e7\u00f5es aleat\u00f3rias e completamente ilegais, somadas a invas\u00e3o de domic\u00edlios. Conforme atesta a Ponte Jornalismo:<\/p>\n<p>O n\u00famero de mortes cometidas pelas pol\u00edcias Civil e Militar foi maior do que o de homic\u00eddios dolosos que aconteceram no Guaruj\u00e1, cidade do litoral paulista, nos 10 primeiros meses de gest\u00e3o do governador Tarc\u00edsio de Freitas (Republicanos) e do secret\u00e1rio de Seguran\u00e7a P\u00fablica Guilherme Derrite.<br \/>\nEntre janeiro e outubro, foram 27 pessoas mortas pelo bra\u00e7o armado do Estado e 16 pessoas assassinadas em homic\u00eddios dolosos, aqueles em que se tem a inten\u00e7\u00e3o de matar, segundo os \u00faltimos dados estat\u00edsticos da Secretaria de Seguran\u00e7a P\u00fablica, divulgados nesta segunda-feira (27\/11). No mesmo per\u00edodo do ano passado, as pol\u00edcias haviam matado cinco pessoas no Guaruj\u00e1, e os criminosos, 18\u201d. <a href=\"https:\/\/ponte.org\/policia-matou-mais-do-que-criminosos-no-guaruja-sp-alvo-da-operacao-escudo\/\">(Ponte Jornalismo)<\/a><\/p>\n<p>Como bem denuncia a Alma Preta Jornalismo h\u00e1 um gritante \u201caumento da letalidade policial no estado desde a posse de Tarc\u00edsio de Freitas. Os n\u00fameros apontam para 106 mortes em decorr\u00eancia de a\u00e7\u00e3o policial entre julho e setembro de 2023, contra 56 no mesmo per\u00edodo em 2022, dados que apontam para um crescimento de 86%.\u201d<\/p>\n<p>A classe trabalhadora negra e perif\u00e9rica \u00e9 a que mais sofre com essa pol\u00edtica colonial de seguran\u00e7a p\u00fablica. Apesar de ser 40% da popula\u00e7\u00e3o no estado, os negros s\u00e3o o principal alvo de pris\u00f5es por tr\u00e1fico sem investiga\u00e7\u00e3o. De acordo com a Ponte Jornalismo os negros s\u00e3o 56% dos presos por tr\u00e1fico em \u201cenquadros\u201d pela pol\u00edcia e 52% dos detidos a partir de den\u00fancias an\u00f4nimas. Em pris\u00f5es que demandam investiga\u00e7\u00e3o pr\u00e9via, 63% s\u00e3o brancos. Dados s\u00e3o da pesquisa \u2018Liberdade Negra sob Suspeita\u2019 de Iniciativa Negra e Rede Reforma. Os negros tamb\u00e9m s\u00e3o a maioria dos mortos pela pol\u00edcia, com 63,9% das mortes em 2022. Essa pol\u00edtica de exterm\u00ednio da popula\u00e7\u00e3o negra e de guerra aos pobres ao trip\u00e9 da bala.<\/p>\n<p><strong>3) Profunda trucul\u00eancia e postura antidemocr\u00e1tica por parte do governo para com os movimentos populares, sindicatos e servidores p\u00fablicos.<\/strong> Presenciamos exemplo de toda essa viol\u00eancia no melhor estilo ditadura militar durante a vota\u00e7\u00e3o da privatiza\u00e7\u00e3o da Sabesp na Alesp no dia 06\/12, em que quatro companheiros da UP (Vivian Mendes, Ricardo Senese, Lucas Carvente e Hendryll Luiz) foram detidos de maneira completamente ilegal, com os 2 \u00faltimos (Lucas e Hendryll) sendo libertados somente no dia 13\/12, mais de uma semana depois.<\/p>\n<p>Al\u00e9m dessa trucul\u00eancia na Alesp presenciamos diversos ataques aos servidores p\u00fablicos, uma postura mais agressiva da pol\u00edcia nas manifesta\u00e7\u00f5es de rua, tentativas de intimida\u00e7\u00e3o, amea\u00e7as de agress\u00e3o e morte a dirigentes sindicais dos metrovi\u00e1rios e do Sintaema, e a tentativa de corte de 9 bilh\u00f5es de reais do or\u00e7amento para a educa\u00e7\u00e3o.<br \/>\nEssa \u00e9 a ess\u00eancia do neofascismo, pois toda essa trucul\u00eancia \u00e9 articulada com a base de massas do bolsonarismo, que age como tropa de intimida\u00e7\u00e3o dos movimentos populares e sindical que se colocam como principal obst\u00e1culo as tentativas de Tarc\u00edsio de retirar direitos e vender o patrim\u00f4nio p\u00fablico.<\/p>\n<p>E mesmo com todos estes ataques \u00e0 maioria trabalhadora da popula\u00e7\u00e3o, o governo segue sendo blindado pelos grandes meios de comunica\u00e7\u00e3o e apoiado pela maioria absoluta da direita paulista, tendo por tr\u00e1s do seu governo (at\u00e9 como esp\u00e9cie de primeiro-ministro) o estrategista Gilberto Kassab, com largo passado malufista e coligado com o que existe de pior na pol\u00edtica de S\u00e3o Paulo e que esteve junto a todos os governos federais e estaduais nos \u00faltimos 10 anos.<\/p>\n<p><strong>Uni\u00e3o da classe trabalhadora para derrotar o Tarc\u00edsio!<\/strong><\/p>\n<p>Diante de tudo isso os desafios do movimento popular e dos partidos de esquerda n\u00e3o \u00e9 pequeno. \u00c9 preciso estimular muita luta popular e enfrentamento para conseguirmos derrotar Tarc\u00edsio e sua pauta anti-povo. \u00c9 necess\u00e1ria a constitui\u00e7\u00e3o de uma robusta frente \u00fanica com sindicatos, movimentos populares e partidos de esquerda que tenha como eixo duas pautas defensivas principais:<\/p>\n<p>1 \u2013 O enfrentamento a letalidade policial, o genoc\u00eddio da popula\u00e7\u00e3o negra e a pol\u00edtica de guerra aos pobres;<\/p>\n<p>2 \u2013 A derrota da pol\u00edtica de privatiza\u00e7\u00f5es e venda do patrim\u00f4nio p\u00fablico do estado.<\/p>\n<p>Mas n\u00e3o devemos apenas nos conformar em resistir, \u00e9 fundamental estimularmos encontros da classe trabalhadora em S\u00e3o Paulo, para constitui\u00e7\u00e3o de um programa classista e anticapitalista para o estado, que tenha como base a constru\u00e7\u00e3o do poder popular, da reestatiza\u00e7\u00e3o das empresas estrat\u00e9gicas vendidas (ENEL, CPFL, estatiza\u00e7\u00e3o completa da Sabesp, das linhas entregues do Metr\u00f4 e CPTM, da revitaliza\u00e7\u00e3o da EMTU entre outras), a implementa\u00e7\u00e3o da tarifa zero nos transportes p\u00fablicos estaduais, a completa desmilitariza\u00e7\u00e3o da seguran\u00e7a p\u00fablica, uma pol\u00edtica planejada e p\u00fablica de reindustrializa\u00e7\u00e3o no estado, o fim do vestibular nas universidades estaduais, sal\u00e1rio m\u00ednimo do Dieese, Redu\u00e7\u00e3o da jornada de trabalho para 30 horas (a come\u00e7ar pelos servidores p\u00fablicos do estado), a revoga\u00e7\u00e3o do novo ensino m\u00e9dio, a amplia\u00e7\u00e3o do transporte ferrovi\u00e1rio de passageiros para o interior, reforma agr\u00e1ria popular, amplia\u00e7\u00e3o dos restaurantes populares, constru\u00e7\u00e3o de habita\u00e7\u00f5es populares entre outras medidas.<\/p>\n<p>\u00c9 preciso debater um projeto para S\u00e3o Paulo, que tenha como eixo central os interesses da classe trabalhadora!<\/p>\n<p>\u00c9 preciso questionar qual S\u00e3o Paulo queremos!<\/p>\n<p>\u00c9 preciso lutarmos por um estado e um pa\u00eds sem explora\u00e7\u00e3o nem opress\u00e3o, que funcione a base do poder popular!<\/p>\n<p><strong>Comit\u00ea Regional do PCB em S\u00e3o Paulo<\/strong><\/p>\n","protected":false},"excerpt":{"rendered":"<a class=\"moretag\" href=\"https:\/\/pcb.org.br\/portal2\/31183\"> <\/a>","protected":false},"author":8,"featured_media":0,"comment_status":"closed","ping_status":"closed","sticky":false,"template":"","format":"standard","meta":{"jetpack_post_was_ever_published":false,"_jetpack_newsletter_access":"","_jetpack_dont_email_post_to_subs":false,"_jetpack_newsletter_tier_id":0,"_jetpack_memberships_contains_paywalled_content":false,"_jetpack_memberships_contains_paid_content":false,"footnotes":"","jetpack_publicize_message":"","jetpack_publicize_feature_enabled":true,"jetpack_social_post_already_shared":true,"jetpack_social_options":{"image_generator_settings":{"template":"highway","default_image_id":0,"font":"","enabled":false},"version":2}},"categories":[207,26],"tags":[223],"class_list":["post-31183","post","type-post","status-publish","format-standard","hentry","category-lutas-nos-estados","category-c25-notas-politicas-do-pcb","tag-3a"],"jetpack_publicize_connections":[],"jetpack_featured_media_url":"","jetpack_shortlink":"https:\/\/wp.me\/p659gw-86X","jetpack-related-posts":[],"jetpack_likes_enabled":true,"jetpack_sharing_enabled":true,"_links":{"self":[{"href":"https:\/\/pcb.org.br\/portal2\/wp-json\/wp\/v2\/posts\/31183","targetHints":{"allow":["GET"]}}],"collection":[{"href":"https:\/\/pcb.org.br\/portal2\/wp-json\/wp\/v2\/posts"}],"about":[{"href":"https:\/\/pcb.org.br\/portal2\/wp-json\/wp\/v2\/types\/post"}],"author":[{"embeddable":true,"href":"https:\/\/pcb.org.br\/portal2\/wp-json\/wp\/v2\/users\/8"}],"replies":[{"embeddable":true,"href":"https:\/\/pcb.org.br\/portal2\/wp-json\/wp\/v2\/comments?post=31183"}],"version-history":[{"count":1,"href":"https:\/\/pcb.org.br\/portal2\/wp-json\/wp\/v2\/posts\/31183\/revisions"}],"predecessor-version":[{"id":31185,"href":"https:\/\/pcb.org.br\/portal2\/wp-json\/wp\/v2\/posts\/31183\/revisions\/31185"}],"wp:attachment":[{"href":"https:\/\/pcb.org.br\/portal2\/wp-json\/wp\/v2\/media?parent=31183"}],"wp:term":[{"taxonomy":"category","embeddable":true,"href":"https:\/\/pcb.org.br\/portal2\/wp-json\/wp\/v2\/categories?post=31183"},{"taxonomy":"post_tag","embeddable":true,"href":"https:\/\/pcb.org.br\/portal2\/wp-json\/wp\/v2\/tags?post=31183"}],"curies":[{"name":"wp","href":"https:\/\/api.w.org\/{rel}","templated":true}]}}