{"id":31219,"date":"2024-01-05T20:48:25","date_gmt":"2024-01-05T23:48:25","guid":{"rendered":"https:\/\/pcb.org.br\/portal2\/?p=31219"},"modified":"2024-01-05T20:48:25","modified_gmt":"2024-01-05T23:48:25","slug":"pcb-amazonas-esclarecimento-publico","status":"publish","type":"post","link":"https:\/\/pcb.org.br\/portal2\/31219","title":{"rendered":"PCB Amazonas: esclarecimento p\u00fablico"},"content":{"rendered":"<p><img data-recalc-dims=\"1\" loading=\"lazy\" decoding=\"async\" data-attachment-id=\"31220\" data-permalink=\"https:\/\/pcb.org.br\/portal2\/31219\/snapinsta-app_414468156_768980671716632_488147867340891938_n_1080\" data-orig-file=\"https:\/\/i0.wp.com\/pcb.org.br\/portal2\/wp-content\/uploads\/2024\/01\/Snapinsta.app_414468156_768980671716632_488147867340891938_n_1080.jpg?fit=1080%2C1080&amp;ssl=1\" data-orig-size=\"1080,1080\" data-comments-opened=\"0\" data-image-meta=\"{&quot;aperture&quot;:&quot;0&quot;,&quot;credit&quot;:&quot;&quot;,&quot;camera&quot;:&quot;&quot;,&quot;caption&quot;:&quot;&quot;,&quot;created_timestamp&quot;:&quot;0&quot;,&quot;copyright&quot;:&quot;&quot;,&quot;focal_length&quot;:&quot;0&quot;,&quot;iso&quot;:&quot;0&quot;,&quot;shutter_speed&quot;:&quot;0&quot;,&quot;title&quot;:&quot;&quot;,&quot;orientation&quot;:&quot;0&quot;}\" data-image-title=\"Snapinsta.app_414468156_768980671716632_488147867340891938_n_1080\" data-image-description=\"\" data-image-caption=\"\" data-large-file=\"https:\/\/i0.wp.com\/pcb.org.br\/portal2\/wp-content\/uploads\/2024\/01\/Snapinsta.app_414468156_768980671716632_488147867340891938_n_1080.jpg?fit=747%2C747&amp;ssl=1\" class=\"alignnone size-large wp-image-31220\" src=\"https:\/\/i0.wp.com\/pcb.org.br\/portal2\/wp-content\/uploads\/2024\/01\/Snapinsta.app_414468156_768980671716632_488147867340891938_n_1080.jpg?resize=747%2C747&#038;ssl=1\" alt=\"\" width=\"747\" height=\"747\" srcset=\"https:\/\/i0.wp.com\/pcb.org.br\/portal2\/wp-content\/uploads\/2024\/01\/Snapinsta.app_414468156_768980671716632_488147867340891938_n_1080.jpg?resize=900%2C900&amp;ssl=1 900w, https:\/\/i0.wp.com\/pcb.org.br\/portal2\/wp-content\/uploads\/2024\/01\/Snapinsta.app_414468156_768980671716632_488147867340891938_n_1080.jpg?resize=300%2C300&amp;ssl=1 300w, https:\/\/i0.wp.com\/pcb.org.br\/portal2\/wp-content\/uploads\/2024\/01\/Snapinsta.app_414468156_768980671716632_488147867340891938_n_1080.jpg?resize=150%2C150&amp;ssl=1 150w, https:\/\/i0.wp.com\/pcb.org.br\/portal2\/wp-content\/uploads\/2024\/01\/Snapinsta.app_414468156_768980671716632_488147867340891938_n_1080.jpg?resize=768%2C768&amp;ssl=1 768w, https:\/\/i0.wp.com\/pcb.org.br\/portal2\/wp-content\/uploads\/2024\/01\/Snapinsta.app_414468156_768980671716632_488147867340891938_n_1080.jpg?w=1080&amp;ssl=1 1080w\" sizes=\"auto, (max-width: 747px) 100vw, 747px\" \/><!--more--><\/p>\n<p>Neste ano, o Partido Comunista Brasileiro (PCB) sofreu uma crise profunda em suas fileiras, provocada por uma fra\u00e7\u00e3o que tentou a todo custo tomar o partido de assalto e miseravelmente fracassou. No Comit\u00ea Regional do Amazonas (CR-AM), mesmo com caracter\u00edsticas espec\u00edficas, n\u00e3o foi diferente.<\/p>\n<p>O PCB-AM, que h\u00e1 muito tempo vem sendo composto principalmente por jovens revolucion\u00e1rios, j\u00e1 passava por dificuldades em rela\u00e7\u00e3o \u00e0 organiza\u00e7\u00e3o e disciplina partid\u00e1ria, antes mesmo de ocorrer a crise nacional; esta, por sua vez, agravou a crise no \u00e2mbito regional.<\/p>\n<p>A Uni\u00e3o da Juventude Comunista (UJC) concentrou nos \u00faltimos anos o maior n\u00famero de militantes, simpatizantes e amigos nas frentes de massa do PCB no estado amazonense. Infelizmente, nos \u00faltimos meses, a Coordena\u00e7\u00e3o Estadual da UJC se comportava de forma contr\u00e1ria \u00e0s resolu\u00e7\u00f5es partid\u00e1rias vigentes.<br \/>\nTais atitudes podem ser resumidas na aus\u00eancia de interesse que militantes do coletivo ingressassem nas fileiras do Partido e na limita\u00e7\u00e3o do acesso \u00e0s informa\u00e7\u00f5es da UJC-AM para o PCB-AM.<\/p>\n<p>Durante a crise nacional, a Coordena\u00e7\u00e3o Estadual de Juventude j\u00e1 agia como se o coletivo fosse uma organiza\u00e7\u00e3o independente e seus militantes possu\u00edssem os mesmos direitos congressuais que os militantes do Partido. Esta afirma\u00e7\u00e3o ficou comprovada durante reuni\u00e3o organizada pelo CR-AM para debater sobre a conjuntura vivida pelo Partido.<\/p>\n<p>Desrespeitando a estrutura partid\u00e1ria, a UJC-AM redirecionou o objetivo da reuni\u00e3o, permitindo que n\u00e3o militantes do Partido, por meio do voto, deliberassem sobre pautas partid\u00e1rias. N\u00e3o satisfeitos, aprovaram uma mo\u00e7\u00e3o que atacava camaradas de diversas inst\u00e2ncias com argumentos que at\u00e9 hoje carecem de comprova\u00e7\u00e3o. Por fim, houve a exig\u00eancia de entregar tal mo\u00e7\u00e3o ao assistente nacional, com o argumento de que era a vontade e opini\u00e3o do PCB-AM e seus coletivos, um comportamento nitidamente basista, que diverge do m\u00e9todo de funcionamento da nossa organiza\u00e7\u00e3o.<br \/>\nAp\u00f3s esse acontecimento, militantes do Partido e dos coletivos que discordavam da mo\u00e7\u00e3o eram repreendidos e exclu\u00eddos dos debates. E, uma vez anunciado o \u201cRR\u201d (grupo fracionista que tentou tomar o partido), a UJC-AM logo aderiu \u00e0s pautas defendidas pelo movimento. Por essa postura, o CR-AM, seguindo as resolu\u00e7\u00f5es congressuais vigentes, desligou tais camaradas de suas tarefas como secret\u00e1rios, do coletivo e do Partido; pois, ao escolherem outra organiza\u00e7\u00e3o, os militantes se autoexclu\u00edram do Partido e de seus coletivos.<\/p>\n<p>Lamentavelmente os membros do \u201cRR\u201d se apropriaram das bandeiras do Partido e de seus coletivos, assim como usurpam as redes sociais da UJC-AM, que \u00e9 um coletivo do Partido Comunista Brasileiro (PCB). Dessa forma os perfis nas redes sociais da UJC-AM, por estarem sob o controle da antiga coordena\u00e7\u00e3o estadual, n\u00e3o possuem nenhuma liga\u00e7\u00e3o com o PCB e seus coletivos.<\/p>\n<p>O PCB-AM est\u00e1 reorganizando a UJC no Amazonas. Pedimos que todos os militantes da Juventude que n\u00e3o concordam com o posicionamento da coordena\u00e7\u00e3o estadual anterior, assim como novos membros interessados em participar deste grande coletivo, que entrem em contato conosco pelas redes do PCB-AM; pois como j\u00e1 mencionado o Instagram e demais redes da UJC-AM est\u00e3o sob o dom\u00ednio da ex-coordena\u00e7\u00e3o estadual da UJC-AM.<br \/>\nInstagram: <a href=\"https:\/\/www.instagram.com\/pcb.am\/\">@pcb.am<\/a><br \/>\nE-mail: pcb.am@protonmail.com<\/p>\n<p>Fomos, somos e seremos comunistas!<\/p>\n<p>Comit\u00ea Regional do PCB Amazonas<br \/>\n31\/12\/2023<\/p>\n","protected":false},"excerpt":{"rendered":"<a class=\"moretag\" href=\"https:\/\/pcb.org.br\/portal2\/31219\"> <\/a>","protected":false},"author":8,"featured_media":0,"comment_status":"closed","ping_status":"closed","sticky":false,"template":"","format":"standard","meta":{"jetpack_post_was_ever_published":false,"_jetpack_newsletter_access":"","_jetpack_dont_email_post_to_subs":false,"_jetpack_newsletter_tier_id":0,"_jetpack_memberships_contains_paywalled_content":false,"_jetpack_memberships_contains_paid_content":false,"footnotes":"","jetpack_publicize_message":"","jetpack_publicize_feature_enabled":true,"jetpack_social_post_already_shared":true,"jetpack_social_options":{"image_generator_settings":{"template":"highway","default_image_id":0,"font":"","enabled":false},"version":2}},"categories":[26],"tags":[225],"class_list":["post-31219","post","type-post","status-publish","format-standard","hentry","category-c25-notas-politicas-do-pcb","tag-4a"],"jetpack_publicize_connections":[],"jetpack_featured_media_url":"","jetpack_shortlink":"https:\/\/wp.me\/p659gw-87x","jetpack-related-posts":[],"jetpack_likes_enabled":true,"jetpack_sharing_enabled":true,"_links":{"self":[{"href":"https:\/\/pcb.org.br\/portal2\/wp-json\/wp\/v2\/posts\/31219","targetHints":{"allow":["GET"]}}],"collection":[{"href":"https:\/\/pcb.org.br\/portal2\/wp-json\/wp\/v2\/posts"}],"about":[{"href":"https:\/\/pcb.org.br\/portal2\/wp-json\/wp\/v2\/types\/post"}],"author":[{"embeddable":true,"href":"https:\/\/pcb.org.br\/portal2\/wp-json\/wp\/v2\/users\/8"}],"replies":[{"embeddable":true,"href":"https:\/\/pcb.org.br\/portal2\/wp-json\/wp\/v2\/comments?post=31219"}],"version-history":[{"count":1,"href":"https:\/\/pcb.org.br\/portal2\/wp-json\/wp\/v2\/posts\/31219\/revisions"}],"predecessor-version":[{"id":31221,"href":"https:\/\/pcb.org.br\/portal2\/wp-json\/wp\/v2\/posts\/31219\/revisions\/31221"}],"wp:attachment":[{"href":"https:\/\/pcb.org.br\/portal2\/wp-json\/wp\/v2\/media?parent=31219"}],"wp:term":[{"taxonomy":"category","embeddable":true,"href":"https:\/\/pcb.org.br\/portal2\/wp-json\/wp\/v2\/categories?post=31219"},{"taxonomy":"post_tag","embeddable":true,"href":"https:\/\/pcb.org.br\/portal2\/wp-json\/wp\/v2\/tags?post=31219"}],"curies":[{"name":"wp","href":"https:\/\/api.w.org\/{rel}","templated":true}]}}