{"id":31258,"date":"2024-01-16T09:38:28","date_gmt":"2024-01-16T12:38:28","guid":{"rendered":"https:\/\/pcb.org.br\/portal2\/?p=31258"},"modified":"2024-01-16T11:17:16","modified_gmt":"2024-01-16T14:17:16","slug":"opp-83-organizar-a-luta-popular-em-2024","status":"publish","type":"post","link":"https:\/\/pcb.org.br\/portal2\/31258","title":{"rendered":"OPP 83: Organizar a luta popular em 2024!"},"content":{"rendered":"<p><img decoding=\"async\" class=\"imagem\" src=\"https:\/\/lh3.googleusercontent.com\/pw\/ABLVV85D4bWc7nMKituLVA7BXaSnUAFmlBwoB2-59WcTGUvBsD7dvTSBNHkrfdz6AY_-arppiMwsoNQkOrDHHAlFrrFugFlLAfz34mpD6-D95AvX5Ic3OMLEwBQgxSa27SkGdlS6o2bC4CwzqRaRdODL7nmj=w464-h656-s-no\" \/><!--more-->O PODER POPULAR N\u00ba 83 (JANEIRO\/FEVEREIRO 2024)<\/p>\n<p>Mat\u00e9rias:<\/p>\n<p>P\u00e1gina 2: Editorial \u2013 Organizar a luta popular em 2024<\/p>\n<p>P\u00e1gina 3: Unidade Classista \u2013 sindicatos em luta pela sa\u00fade p\u00fablica \/ a explora\u00e7\u00e3o do funcionalismo p\u00fablico<\/p>\n<p>P\u00e1gina 4: Lenin \u2013 Cem anos de morte do maior revolucion\u00e1rio de todos os tempos (1924-2024)<\/p>\n<p>P\u00e1gina 5: Lutas nos Estados \u2013 Alagoas e o crime da Braskem<\/p>\n<p>P\u00e1ginas 6 e 7: As omiss\u00f5es do governo petista \u2013 O que fazer<\/p>\n<p>P\u00e1gina 8: Preparar a UJC para um novo ciclo<\/p>\n<p>P\u00e1gina 9: Se\u00e7\u00e3o Liter\u00e1ria \u2013 Poemas de Renato Queiroz<\/p>\n<p>P\u00e1gina 10: Liberdade para a l\u00edder palestina Khalida Jarrar<\/p>\n<p>P\u00e1gina 11: 65 anos da Revolu\u00e7\u00e3o Cubana<\/p>\n<p>P\u00e1gina 12: Comuna que Pariu 2024<\/p>\n<p>Conselho Editorial (Comiss\u00e3o Nacional de Comunica\u00e7\u00e3o do PCB): Edmilson Costa, Ant\u00f4nio Lima Jr., Fabio Bezerra, Lucas Silva MTB 0092795, Nath\u00e1lia Mozer, Renata Regina, Ricardo Costa, Roberto Arrais (jornalista respons\u00e1vel \u2013 985\/DRT \u2013 FENAJ).<\/p>\n<p>Colaboradores desta edi\u00e7\u00e3o: Antonio Rodriguez (Granma Cuba), Heitor C\u00e9sar, Milton Pinheiro, Renato Queiroz, Comit\u00ea Regional do PCB Alagoas, Coordena\u00e7\u00f5es Nacionais da UJC e da Unidade Classista, Secretaria de Rela\u00e7\u00f5es Internacionais do PCB<\/p>\n<hr \/>\n<div align=\"center\">\n<p>Leitura:<\/p>\n<p><a href=\"https:\/\/drive.google.com\/file\/d\/1Q3KLd78-tu74c_qJyqpxPWiSQfmdEF07\/view\" target=\"_blank\" rel=\"noopener noreferrer\"><img loading=\"lazy\" decoding=\"async\" class=\"\" src=\"https:\/\/i0.wp.com\/pcb.org.br\/portal\/images\/stories\/download1.png?resize=48%2C48\" width=\"48\" height=\"48\" \/><\/a><\/p>\n<hr \/>\n<p>Impress\u00e3o:<\/p>\n<p><a href=\"https:\/\/drive.google.com\/file\/d\/1Q3KLd78-tu74c_qJyqpxPWiSQfmdEF07\/view\" target=\" rel=\" rel=\"noopener\"><img loading=\"lazy\" decoding=\"async\" class=\"\" src=\"https:\/\/i0.wp.com\/pcb.org.br\/portal\/images\/stories\/download1.png?resize=48%2C48\" width=\"48\" height=\"48\" \/><\/a><\/p>\n<\/div>\n","protected":false},"excerpt":{"rendered":"<a class=\"moretag\" href=\"https:\/\/pcb.org.br\/portal2\/31258\"> <\/a>","protected":false},"author":1,"featured_media":0,"comment_status":"closed","ping_status":"closed","sticky":false,"template":"","format":"standard","meta":{"jetpack_post_was_ever_published":false,"_jetpack_newsletter_access":"","_jetpack_dont_email_post_to_subs":false,"_jetpack_newsletter_tier_id":0,"_jetpack_memberships_contains_paywalled_content":false,"_jetpack_memberships_contains_paid_content":false,"footnotes":"","jetpack_publicize_message":"","jetpack_publicize_feature_enabled":true,"jetpack_social_post_already_shared":true,"jetpack_social_options":{"image_generator_settings":{"template":"highway","default_image_id":0,"font":"","enabled":false},"version":2}},"categories":[140],"tags":[228,229],"class_list":["post-31258","post","type-post","status-publish","format-standard","hentry","category-c140-jornal-o-poder-popular","tag-5b","tag-opprecente"],"jetpack_publicize_connections":[],"jetpack_featured_media_url":"","jetpack_shortlink":"https:\/\/wp.me\/p659gw-88a","jetpack-related-posts":[],"jetpack_likes_enabled":true,"jetpack_sharing_enabled":true,"_links":{"self":[{"href":"https:\/\/pcb.org.br\/portal2\/wp-json\/wp\/v2\/posts\/31258","targetHints":{"allow":["GET"]}}],"collection":[{"href":"https:\/\/pcb.org.br\/portal2\/wp-json\/wp\/v2\/posts"}],"about":[{"href":"https:\/\/pcb.org.br\/portal2\/wp-json\/wp\/v2\/types\/post"}],"author":[{"embeddable":true,"href":"https:\/\/pcb.org.br\/portal2\/wp-json\/wp\/v2\/users\/1"}],"replies":[{"embeddable":true,"href":"https:\/\/pcb.org.br\/portal2\/wp-json\/wp\/v2\/comments?post=31258"}],"version-history":[{"count":6,"href":"https:\/\/pcb.org.br\/portal2\/wp-json\/wp\/v2\/posts\/31258\/revisions"}],"predecessor-version":[{"id":31264,"href":"https:\/\/pcb.org.br\/portal2\/wp-json\/wp\/v2\/posts\/31258\/revisions\/31264"}],"wp:attachment":[{"href":"https:\/\/pcb.org.br\/portal2\/wp-json\/wp\/v2\/media?parent=31258"}],"wp:term":[{"taxonomy":"category","embeddable":true,"href":"https:\/\/pcb.org.br\/portal2\/wp-json\/wp\/v2\/categories?post=31258"},{"taxonomy":"post_tag","embeddable":true,"href":"https:\/\/pcb.org.br\/portal2\/wp-json\/wp\/v2\/tags?post=31258"}],"curies":[{"name":"wp","href":"https:\/\/api.w.org\/{rel}","templated":true}]}}