{"id":31265,"date":"2024-01-17T15:52:54","date_gmt":"2024-01-17T18:52:54","guid":{"rendered":"https:\/\/pcb.org.br\/portal2\/?p=31265"},"modified":"2024-01-17T15:52:54","modified_gmt":"2024-01-17T18:52:54","slug":"sobre-as-enchentes-no-rio-de-janeiro","status":"publish","type":"post","link":"https:\/\/pcb.org.br\/portal2\/31265","title":{"rendered":"Sobre as enchentes no Rio de Janeiro"},"content":{"rendered":"<p><img data-recalc-dims=\"1\" loading=\"lazy\" decoding=\"async\" data-attachment-id=\"31266\" data-permalink=\"https:\/\/pcb.org.br\/portal2\/31265\/nota\" data-orig-file=\"https:\/\/i0.wp.com\/pcb.org.br\/portal2\/wp-content\/uploads\/2024\/01\/nota.png?fit=1080%2C1080&amp;ssl=1\" data-orig-size=\"1080,1080\" data-comments-opened=\"0\" data-image-meta=\"{&quot;aperture&quot;:&quot;0&quot;,&quot;credit&quot;:&quot;&quot;,&quot;camera&quot;:&quot;&quot;,&quot;caption&quot;:&quot;&quot;,&quot;created_timestamp&quot;:&quot;0&quot;,&quot;copyright&quot;:&quot;&quot;,&quot;focal_length&quot;:&quot;0&quot;,&quot;iso&quot;:&quot;0&quot;,&quot;shutter_speed&quot;:&quot;0&quot;,&quot;title&quot;:&quot;&quot;,&quot;orientation&quot;:&quot;0&quot;}\" data-image-title=\"nota\" data-image-description=\"\" data-image-caption=\"\" data-large-file=\"https:\/\/i0.wp.com\/pcb.org.br\/portal2\/wp-content\/uploads\/2024\/01\/nota.png?fit=747%2C747&amp;ssl=1\" class=\"alignnone size-large wp-image-31266\" src=\"https:\/\/i0.wp.com\/pcb.org.br\/portal2\/wp-content\/uploads\/2024\/01\/nota.png?resize=747%2C747&#038;ssl=1\" alt=\"\" width=\"747\" height=\"747\" srcset=\"https:\/\/i0.wp.com\/pcb.org.br\/portal2\/wp-content\/uploads\/2024\/01\/nota.png?resize=900%2C900&amp;ssl=1 900w, https:\/\/i0.wp.com\/pcb.org.br\/portal2\/wp-content\/uploads\/2024\/01\/nota.png?resize=300%2C300&amp;ssl=1 300w, https:\/\/i0.wp.com\/pcb.org.br\/portal2\/wp-content\/uploads\/2024\/01\/nota.png?resize=150%2C150&amp;ssl=1 150w, https:\/\/i0.wp.com\/pcb.org.br\/portal2\/wp-content\/uploads\/2024\/01\/nota.png?resize=768%2C768&amp;ssl=1 768w, https:\/\/i0.wp.com\/pcb.org.br\/portal2\/wp-content\/uploads\/2024\/01\/nota.png?w=1080&amp;ssl=1 1080w\" sizes=\"auto, (max-width: 747px) 100vw, 747px\" \/><!--more--><\/p>\n<p>Toda solidariedade aos trabalhadores atingidos!<\/p>\n<p>Nota Pol\u00edtica do PCB RJ<\/p>\n<p>O PCB-RJ se manifesta consternado e solid\u00e1rio ao drama vivido pela popula\u00e7\u00e3o do Rio de Janeiro em fun\u00e7\u00e3o das grandes enchentes que acometeram sobretudo a regi\u00e3o metropolitana da capital. Mais do que consequ\u00eancia das fortes chuvas, a trag\u00e9dia &#8211; que ceifou a vida de diversas pessoas e desabrigou in\u00fameras fam\u00edlias &#8211; tem como causa principal o descaso e ina\u00e7\u00e3o do poder p\u00fablico.<\/p>\n<p>N\u00e3o por acaso, as zonas atingidas, mais uma vez, s\u00e3o as periferias, os bairros e comunidades dos trabalhadores. Isso evidencia que tanto o governo do mafioso Cl\u00e1udio Castro quanto o hip\u00f3crita Eduardo Paes e demais prefeitos da Baixada e Grande Rio somente se preocupam com o bem estar dos habitantes dos bairros ricos, lembrando do povo trabalhador apenas no momento de pedir votos em elei\u00e7\u00f5es.<\/p>\n<p>Ainda h\u00e1 diversas fam\u00edlias ilhadas, com perdas materiais e humanas incalcul\u00e1veis. Enquanto houver este regime que prioriza exclusivamente o capital e despreza a vida, teremos trag\u00e9dias similares ano a ano!<\/p>\n<p>A responsabilidade \u00e9 toda do empresariado que ignora os problemas da grande maior parte da popula\u00e7\u00e3o, bem como dos pol\u00edticos que trabalham a favor desta elite! Que todo dano seja cobrado dos respons\u00e1veis e que a trag\u00e9dia nos mobilize para a\u00e7\u00f5es de base em solidariedade nos locais atingidos, mas tamb\u00e9m para organizarmos embri\u00f5es de poder em cada bairro, para arrancarmos do poder p\u00fablico melhorias das estruturas urbanas, na base da mobiliza\u00e7\u00e3o!<\/p>\n<p>Toda solidariedade aos atingidos pelas enchentes! Que as cidades sejam pensadas e reestruturadas pelos e para os trabalhadores!<\/p>\n","protected":false},"excerpt":{"rendered":"<a class=\"moretag\" href=\"https:\/\/pcb.org.br\/portal2\/31265\"> <\/a>","protected":false},"author":8,"featured_media":0,"comment_status":"closed","ping_status":"closed","sticky":false,"template":"","format":"standard","meta":{"jetpack_post_was_ever_published":false,"_jetpack_newsletter_access":"","_jetpack_dont_email_post_to_subs":false,"_jetpack_newsletter_tier_id":0,"_jetpack_memberships_contains_paywalled_content":false,"_jetpack_memberships_contains_paid_content":false,"footnotes":"","jetpack_publicize_message":"","jetpack_publicize_feature_enabled":true,"jetpack_social_post_already_shared":true,"jetpack_social_options":{"image_generator_settings":{"template":"highway","default_image_id":0,"font":"","enabled":false},"version":2}},"categories":[207],"tags":[225],"class_list":["post-31265","post","type-post","status-publish","format-standard","hentry","category-lutas-nos-estados","tag-4a"],"jetpack_publicize_connections":[],"jetpack_featured_media_url":"","jetpack_shortlink":"https:\/\/wp.me\/p659gw-88h","jetpack-related-posts":[],"jetpack_likes_enabled":true,"jetpack_sharing_enabled":true,"_links":{"self":[{"href":"https:\/\/pcb.org.br\/portal2\/wp-json\/wp\/v2\/posts\/31265","targetHints":{"allow":["GET"]}}],"collection":[{"href":"https:\/\/pcb.org.br\/portal2\/wp-json\/wp\/v2\/posts"}],"about":[{"href":"https:\/\/pcb.org.br\/portal2\/wp-json\/wp\/v2\/types\/post"}],"author":[{"embeddable":true,"href":"https:\/\/pcb.org.br\/portal2\/wp-json\/wp\/v2\/users\/8"}],"replies":[{"embeddable":true,"href":"https:\/\/pcb.org.br\/portal2\/wp-json\/wp\/v2\/comments?post=31265"}],"version-history":[{"count":1,"href":"https:\/\/pcb.org.br\/portal2\/wp-json\/wp\/v2\/posts\/31265\/revisions"}],"predecessor-version":[{"id":31267,"href":"https:\/\/pcb.org.br\/portal2\/wp-json\/wp\/v2\/posts\/31265\/revisions\/31267"}],"wp:attachment":[{"href":"https:\/\/pcb.org.br\/portal2\/wp-json\/wp\/v2\/media?parent=31265"}],"wp:term":[{"taxonomy":"category","embeddable":true,"href":"https:\/\/pcb.org.br\/portal2\/wp-json\/wp\/v2\/categories?post=31265"},{"taxonomy":"post_tag","embeddable":true,"href":"https:\/\/pcb.org.br\/portal2\/wp-json\/wp\/v2\/tags?post=31265"}],"curies":[{"name":"wp","href":"https:\/\/api.w.org\/{rel}","templated":true}]}}