{"id":31310,"date":"2024-02-02T15:01:56","date_gmt":"2024-02-02T18:01:56","guid":{"rendered":"https:\/\/pcb.org.br\/portal2\/?p=31310"},"modified":"2024-02-02T15:06:38","modified_gmt":"2024-02-02T18:06:38","slug":"derrotar-o-neofascismo-e-a-conciliacao-de-classes","status":"publish","type":"post","link":"https:\/\/pcb.org.br\/portal2\/31310","title":{"rendered":"Derrotar o neofascismo e a concilia\u00e7\u00e3o de classes"},"content":{"rendered":"<p><img data-recalc-dims=\"1\" loading=\"lazy\" decoding=\"async\" data-attachment-id=\"31311\" data-permalink=\"https:\/\/pcb.org.br\/portal2\/31310\/lula-militares-promocao-palciodoplanato-oficiaisgenerais-tomasribeiropaiva-marcossampaioolsen-joseomucio-defesa-10\" data-orig-file=\"https:\/\/i0.wp.com\/pcb.org.br\/portal2\/wp-content\/uploads\/2024\/02\/lula-militares-promocao-palciodoplanato-oficiaisgenerais-tomasribeiropaiva-marcossampaioolsen-joseomucio-defesa-10.jpg?fit=1024%2C682&amp;ssl=1\" data-orig-size=\"1024,682\" data-comments-opened=\"0\" data-image-meta=\"{&quot;aperture&quot;:&quot;0&quot;,&quot;credit&quot;:&quot;&quot;,&quot;camera&quot;:&quot;&quot;,&quot;caption&quot;:&quot;&quot;,&quot;created_timestamp&quot;:&quot;0&quot;,&quot;copyright&quot;:&quot;&quot;,&quot;focal_length&quot;:&quot;0&quot;,&quot;iso&quot;:&quot;0&quot;,&quot;shutter_speed&quot;:&quot;0&quot;,&quot;title&quot;:&quot;&quot;,&quot;orientation&quot;:&quot;0&quot;}\" data-image-title=\"lula-militares-promocao-palciodoplanato-oficiaisgenerais-tomasribeiropaiva-marcossampaioolsen-joseomucio-defesa-10\" data-image-description=\"\" data-image-caption=\"\" data-large-file=\"https:\/\/i0.wp.com\/pcb.org.br\/portal2\/wp-content\/uploads\/2024\/02\/lula-militares-promocao-palciodoplanato-oficiaisgenerais-tomasribeiropaiva-marcossampaioolsen-joseomucio-defesa-10.jpg?fit=747%2C497&amp;ssl=1\" class=\"alignnone size-large wp-image-31311\" src=\"https:\/\/i0.wp.com\/pcb.org.br\/portal2\/wp-content\/uploads\/2024\/02\/lula-militares-promocao-palciodoplanato-oficiaisgenerais-tomasribeiropaiva-marcossampaioolsen-joseomucio-defesa-10.jpg?resize=747%2C497&#038;ssl=1\" alt=\"\" width=\"747\" height=\"497\" srcset=\"https:\/\/i0.wp.com\/pcb.org.br\/portal2\/wp-content\/uploads\/2024\/02\/lula-militares-promocao-palciodoplanato-oficiaisgenerais-tomasribeiropaiva-marcossampaioolsen-joseomucio-defesa-10.jpg?resize=900%2C599&amp;ssl=1 900w, https:\/\/i0.wp.com\/pcb.org.br\/portal2\/wp-content\/uploads\/2024\/02\/lula-militares-promocao-palciodoplanato-oficiaisgenerais-tomasribeiropaiva-marcossampaioolsen-joseomucio-defesa-10.jpg?resize=300%2C200&amp;ssl=1 300w, https:\/\/i0.wp.com\/pcb.org.br\/portal2\/wp-content\/uploads\/2024\/02\/lula-militares-promocao-palciodoplanato-oficiaisgenerais-tomasribeiropaiva-marcossampaioolsen-joseomucio-defesa-10.jpg?resize=768%2C512&amp;ssl=1 768w, https:\/\/i0.wp.com\/pcb.org.br\/portal2\/wp-content\/uploads\/2024\/02\/lula-militares-promocao-palciodoplanato-oficiaisgenerais-tomasribeiropaiva-marcossampaioolsen-joseomucio-defesa-10.jpg?w=1024&amp;ssl=1 1024w\" sizes=\"auto, (max-width: 747px) 100vw, 747px\" \/><!--more--><\/p>\n<p>FOTO: S\u00c9RGIO LIMA<\/p>\n<p>Por Milton Pinheiro<\/p>\n<p>Blog da Boitempo<\/p>\n<p>\u201cVamos em um grupo cerrado por um caminho \u00edngreme e dif\u00edcil, de m\u00e3os fortemente dadas. Estamos cercados de inimigos e temos de caminhar sob seu fogo. Estamos unidos por uma decis\u00e3o tomada livremente, justamente para lutar contra os inimigos e n\u00e3o cair no p\u00e2ntano vizinho, cujos habitantes desde o in\u00edcio nos condenam por termos constitu\u00eddo um grupo \u00e0 parte e por termos escolhido o caminho da luta e n\u00e3o o caminho da concilia\u00e7\u00e3o.\u201d<br \/>\nL\u00eanin, em O que fazer?<\/p>\n<p>Estamos sediados em um per\u00edodo hist\u00f3rico marcado por uma profunda derrota estrat\u00e9gica. As massas populares e a classe trabalhadora n\u00e3o conseguem desvelar a cena pol\u00edtica da atual quadra hist\u00f3rica e sucumbem diante do projeto da direita e at\u00e9 do neofascismo que, em \u00faltima inst\u00e2ncia, apresenta-se ridiculamente como antissist\u00eamico. Existe, no tempo presente, uma sedu\u00e7\u00e3o neofascista sobre a classe trabalhadora (que foi devastada pelos ajustes fiscais) e setores empobrecidos da popula\u00e7\u00e3o.<\/p>\n<p>Em grande parte da Europa, \u00cdndia, EUA etc., o crescimento do neofascismo tem fincado ra\u00edzes obscurantistas e nefastas para se contrapor a qualquer cultura progressista, que de forma ainda muito t\u00edmida, postula defender os direitos da classe trabalhadora, levando em considera\u00e7\u00e3o o seu novo perfil: popula\u00e7\u00f5es negras, perif\u00e9ricas, mulheres, povos origin\u00e1rios e comunidades LGBTs. Isso se comprova quando a direita e o neofascismo ganham espa\u00e7o pol\u00edtico diante da capitula\u00e7\u00e3o de setores progressistas e sociais-democr\u00e1ticos \u00e0 l\u00f3gica do Estado m\u00ednimo.<\/p>\n<p>Mas n\u00e3o \u00e9 t\u00e3o somente nesses territ\u00f3rios, anteriormente citados, que a direita e o neofascismo amea\u00e7am aquilo que definimos como progressista para a humanidade. No Brasil, p\u00f3s derrota eleitoral do bolsonarismo, mesmo com o m\u00ednimo patamar de votos, o governo da coaliz\u00e3o burgo-petista segue o tr\u00e1gico caminho da capitula\u00e7\u00e3o \u00e0 ideologia neoliberal da austeridade fiscal. Essa pol\u00edtica sabota o avan\u00e7o das lutas populares e prolet\u00e1rias, trazendo refor\u00e7o ao discurso da extrema direita de perfil neofascista ou n\u00e3o.<\/p>\n<p>Com o fim do primeiro ano do terceiro governo Lula, as indica\u00e7\u00f5es da luta pol\u00edtica afirmam que nem a tradicional media\u00e7\u00e3o da concilia\u00e7\u00e3o de classes lulista teve espa\u00e7o em 2023. O projeto burgu\u00eas venceu sem a m\u00ednima presen\u00e7a de qualquer conten\u00e7\u00e3o da social-democracia tardia ou de qualquer ato mais s\u00e9rio do governo petista. \u00c9 relevante citar, para que n\u00e3o pairem d\u00favidas, que n\u00e3o \u00e9 o governo que vai representar os interesses da classe trabalhadora. Contudo, diante de um discurso difuso que \u00e9 emitido pelo PT, PC do B e segmentos importantes do PSOL, perpassa a no\u00e7\u00e3o de que o governo de Lula teria tamb\u00e9m esse papel.<\/p>\n<p>A coaliz\u00e3o burgo-petista conformou-se serenamente no poder. Por um lado, as for\u00e7as da centro-direita e a direita no parlamento est\u00e3o muito confort\u00e1veis com a postura do governo e sua forma inerte de fazer pol\u00edtica. No outro canto do governo, for\u00e7as sociais democr\u00e1ticas fingem que o pa\u00eds est\u00e1 avan\u00e7ando e que o principal \u00e9 ganhar elei\u00e7\u00f5es. Mas, tamb\u00e9m consideram, para efeito de informa\u00e7\u00e3o na esquerda da ordem, que determinantes pol\u00edticas minimamente focalizadas s\u00e3o importantes para o desenvolvimento de seus projetos pol\u00edtico-eleitorais e suas rela\u00e7\u00f5es com o povo\u2026<\/p>\n<p>A forma inerte que o governo do PT manuseia o fazer pol\u00edtica, e sua incapacidade de se dirigir ao povo para questionar os entraves feitos pela direita aliada no parlamento, tem permitido enormes desgastes diante do conjunto da popula\u00e7\u00e3o. A op\u00e7\u00e3o t\u00e1tica da base social democr\u00e1tica \u00e9 n\u00e3o fazer a disputa. Portanto, o que tem sido a pol\u00edtica do governo da coaliz\u00e3o burgo-petista? Vamos analisar alguns poucos pontos.<\/p>\n<p>O governo Lula avan\u00e7ou na oferta de espa\u00e7os para controle da direita dentro da estrutura do Estado (Minist\u00e9rios, CEF, autarquias, cargos comissionados em profus\u00e3o). No entanto, essa condescend\u00eancia fisiol\u00f3gica no balc\u00e3o de neg\u00f3cios do parlamento, n\u00e3o tem garantido ao governo qualquer apoio mais forte nas vota\u00e7\u00f5es. O papel de primeiro-ministro de prov\u00edncia, exercido pelo presidente da C\u00e2mara dos Deputados, diante da incapacidade do governo, tem colocado em risco o pa\u00eds e facilitado a a\u00e7\u00e3o pol\u00edtica do neofascismo.<\/p>\n<p>Atrav\u00e9s do aliado Artur Lira, o projeto burgu\u00eas das contrarreformas tem avan\u00e7ado no parlamento (reforma administrativa, possibilidade de nova reforma da previd\u00eancia etc.). Toda uma opera\u00e7\u00e3o articulada de ataques aos interesses p\u00fablicos tem avan\u00e7ado (marco temporal, pol\u00edtica de agrot\u00f3xicos etc.). Algum muro de conten\u00e7\u00e3o, organizado pelos instrumentos do PT, CUT, CTB, PC do B e segmentos governistas do PSOL foi levantado?<\/p>\n<p>A rela\u00e7\u00e3o do governo com a direita no parlamento (vulgarmente chamada de Centr\u00e3o) tem imposto derrotas \u00e0 classe trabalhadora e ao povo em geral. O melhor exemplo dessa rela\u00e7\u00e3o \u00e9 o or\u00e7amento aprovado para 2024, quando para preservar os interesses do Centr\u00e3o foram feitos profundos cortes no or\u00e7amento do ano corrente.<\/p>\n<p>A viol\u00eancia dos cortes fortalecer\u00e1 o discurso da extrema direita e o neofascismo quando o caos social se apresentar. Foram cortados R$6,3 bilh\u00f5es nas obras do PAC; R$4,1 bilh\u00f5es no projeto Minha Casa-Minha Vida; R$4,9 bilh\u00f5es no geral do or\u00e7amento dos Minist\u00e9rios. O sal\u00e1rio m\u00ednimo desceu do projetado R$1421 para R$1412,00, como se R$9 n\u00e3o fizessem diferen\u00e7a para essa faixa de trabalhadores\/as.<\/p>\n<p>A sa\u00fade perdeu R$851 milh\u00f5es, dentro desse corte R$336,9 milh\u00f5es eram para a Farm\u00e1cia Popular. Em um pa\u00eds de vida urbana ca\u00f3tica e acidentada, o Minist\u00e9rio das Cidades perdeu R$336 milh\u00f5es, dos quais R$49 milh\u00f5es eram para a defesa civil (mesmo com os desastres clim\u00e1ticos que estamos assistindo regularmente pela televis\u00e3o).<\/p>\n<p>A educa\u00e7\u00e3o foi atingida em R$320 milh\u00f5es, sendo que dentro desse montante houve o corte de R$40,3 milh\u00f5es para bolsas no ensino superior e R$25,9 milh\u00f5es para os livros did\u00e1ticos. Tudo isso, mesmo com o rotineiro discurso do presidente de que educa\u00e7\u00e3o n\u00e3o \u00e9 gasto e sim, investimento.<\/p>\n<p>Mesmo com toda essa l\u00f3gica de corte social e humanit\u00e1rio, com completo desrespeito ao conjunto dos interesses nacionais e as necessidades do povo em geral, o or\u00e7amento contemplou \u2013 destinando, pasmem, R$53 bilh\u00f5es para emendas parlamentares (foco ad infinitum de corrup\u00e7\u00e3o e em ano de elei\u00e7\u00f5es municipais) e quase R$5 bilh\u00f5es para o fundo eleitoral deste ano (cujos maiores beneficiados s\u00e3o o PL e o PT).<\/p>\n<p>Mas, no quadro da atual pol\u00edtica do governo ainda existem cen\u00e1rios de muitas preocupa\u00e7\u00f5es. Apesar dos militares, enquanto burocracia de Estado, serem historicamente golpistas no Brasil, o governo Lula, mesmo ap\u00f3s o 8 de janeiro de 2023, come\u00e7ou a premi\u00e1-los com cargos no governo e benesses.<\/p>\n<p>Existe um golpismo encastelado nas For\u00e7as Armadas. A forma como a mem\u00f3ria do golpe burgo-militar de 1964 \u00e9 tratada pelo governo estimula a a\u00e7\u00e3o subterr\u00e2nea dos golpistas. N\u00e3o existe enfretamento ao rebotalho militar golpista. Tem que existir a\u00e7\u00f5es que modifiquem essa realidade. Precisamos mudar nomes de pr\u00e9dios e logradouros p\u00fablicos, devemos recriar a comiss\u00e3o de mortos e desaparecidos, \u00e9 urgente rever a Lei da Anistia. Por fim, em \u00faltima inst\u00e2ncia, \u00e9 necess\u00e1rio enfrentar o neofascismo nas For\u00e7as Armadas.<\/p>\n<p>As \u00faltimas informa\u00e7\u00f5es sobre a rela\u00e7\u00e3o do neofascismo bolsonarista com a ABIN, e a cumplicidade dessa \u00faltima com o GSI, devem servir de exemplo para s\u00e9rias medidas do governo. As for\u00e7as da esquerda revolucion\u00e1ria, segmentos progressistas e democr\u00e1ticos devem denunciar no Brasil e no mundo o papel dos neofascistas dentro dos \u00f3rg\u00e3os de seguran\u00e7a. E, para al\u00e9m disso, \u00e9 importante que o governo Lula corte rela\u00e7\u00f5es com os setores de seguran\u00e7a de Israel, que estimulam os servi\u00e7os de espionagem no Brasil. Segmentos esses que sempre est\u00e3o a servi\u00e7o do neofascismo e da extrema direita.<\/p>\n<p>Enfrentar nas ruas o neofascismo \u00e9 a l\u00f3gica que deve mobilizar a esquerda revolucion\u00e1ria, suas organiza\u00e7\u00f5es e aliados. Hoje, se faz necess\u00e1rio constituir um amplo instrumento de frente \u00fanica desses setores pol\u00edtico-sociais. Mas, n\u00e3o podemos deixar de compreender que onde a social-democracia capitula \u00e0 ordem da ideologia neoliberal da austeridade fiscal, a classe trabalhadora e segmentos populares s\u00e3o seduzidos pelo projeto da extrema direita e do neofascismo.<\/p>\n<p>O mapa da desmobiliza\u00e7\u00e3o da classe trabalhadora e dos setores populares deve ser a preocupa\u00e7\u00e3o das for\u00e7as pol\u00edticas e sociais que querem colocar em movimento a classe que vive da venda do seu trabalho. Ter palavras de ordem que atinjam a subjetividade dos subalternos, organizar um programa m\u00ednimo que consiga derrotar o neofascismo e superar a concilia\u00e7\u00e3o de classes, esse deve ser o papel fundamental da vanguarda, para que, a partir de dentro da contrarrevolu\u00e7\u00e3o, possa construir os caminhos da revolu\u00e7\u00e3o brasileira.<\/p>\n<p>***<br \/>\nMilton Pinheiro \u00e9 professor titular de hist\u00f3ria pol\u00edtica da Universidade do Estado da Bahia (UNEB), autor\/organizador de diversos livros, entre eles, Partido Comunista Brasileiro: 100 anos de hist\u00f3ria e lutas (Mar\u00edlia\/SP, Lutas Anticapital, 2023) e Ditadura: o que resta da transi\u00e7\u00e3o (S\u00e3o Paulo, Boitempo, 2014).<\/p>\n<blockquote class=\"wp-embedded-content\" data-secret=\"qlLeJKXYYq\"><p><a href=\"https:\/\/blogdaboitempo.com.br\/2024\/02\/01\/derrotar-o-neofascismo-e-a-conciliacao-de-classes\/\">Derrotar o neofascismo e a concilia\u00e7\u00e3o de&nbsp;classes<\/a><\/p><\/blockquote>\n<p><iframe loading=\"lazy\" class=\"wp-embedded-content\" sandbox=\"allow-scripts\" security=\"restricted\" style=\"position: absolute; clip: rect(1px, 1px, 1px, 1px);\" title=\"&#8220;Derrotar o neofascismo e a concilia\u00e7\u00e3o de&nbsp;classes&#8221; &#8212; Blog da Boitempo\" src=\"https:\/\/blogdaboitempo.com.br\/2024\/02\/01\/derrotar-o-neofascismo-e-a-conciliacao-de-classes\/embed\/#?secret=Kdh7g8tIA4#?secret=qlLeJKXYYq\" data-secret=\"qlLeJKXYYq\" width=\"600\" height=\"338\" frameborder=\"0\" marginwidth=\"0\" marginheight=\"0\" scrolling=\"no\"><\/iframe><\/p>\n","protected":false},"excerpt":{"rendered":"<a class=\"moretag\" href=\"https:\/\/pcb.org.br\/portal2\/31310\"> <\/a>","protected":false},"author":8,"featured_media":0,"comment_status":"closed","ping_status":"closed","sticky":false,"template":"","format":"standard","meta":{"jetpack_post_was_ever_published":false,"_jetpack_newsletter_access":"","_jetpack_dont_email_post_to_subs":false,"_jetpack_newsletter_tier_id":0,"_jetpack_memberships_contains_paywalled_content":false,"_jetpack_memberships_contains_paid_content":false,"footnotes":"","jetpack_publicize_message":"","jetpack_publicize_feature_enabled":true,"jetpack_social_post_already_shared":true,"jetpack_social_options":{"image_generator_settings":{"template":"highway","default_image_id":0,"font":"","enabled":false},"version":2}},"categories":[66,10],"tags":[225],"class_list":["post-31310","post","type-post","status-publish","format-standard","hentry","category-c79-nacional","category-s19-opiniao","tag-4a"],"jetpack_publicize_connections":[],"jetpack_featured_media_url":"","jetpack_shortlink":"https:\/\/wp.me\/p659gw-890","jetpack-related-posts":[],"jetpack_likes_enabled":true,"jetpack_sharing_enabled":true,"_links":{"self":[{"href":"https:\/\/pcb.org.br\/portal2\/wp-json\/wp\/v2\/posts\/31310","targetHints":{"allow":["GET"]}}],"collection":[{"href":"https:\/\/pcb.org.br\/portal2\/wp-json\/wp\/v2\/posts"}],"about":[{"href":"https:\/\/pcb.org.br\/portal2\/wp-json\/wp\/v2\/types\/post"}],"author":[{"embeddable":true,"href":"https:\/\/pcb.org.br\/portal2\/wp-json\/wp\/v2\/users\/8"}],"replies":[{"embeddable":true,"href":"https:\/\/pcb.org.br\/portal2\/wp-json\/wp\/v2\/comments?post=31310"}],"version-history":[{"count":1,"href":"https:\/\/pcb.org.br\/portal2\/wp-json\/wp\/v2\/posts\/31310\/revisions"}],"predecessor-version":[{"id":31312,"href":"https:\/\/pcb.org.br\/portal2\/wp-json\/wp\/v2\/posts\/31310\/revisions\/31312"}],"wp:attachment":[{"href":"https:\/\/pcb.org.br\/portal2\/wp-json\/wp\/v2\/media?parent=31310"}],"wp:term":[{"taxonomy":"category","embeddable":true,"href":"https:\/\/pcb.org.br\/portal2\/wp-json\/wp\/v2\/categories?post=31310"},{"taxonomy":"post_tag","embeddable":true,"href":"https:\/\/pcb.org.br\/portal2\/wp-json\/wp\/v2\/tags?post=31310"}],"curies":[{"name":"wp","href":"https:\/\/api.w.org\/{rel}","templated":true}]}}