{"id":31317,"date":"2024-02-04T18:03:41","date_gmt":"2024-02-04T21:03:41","guid":{"rendered":"https:\/\/pcb.org.br\/portal2\/?p=31317"},"modified":"2024-02-04T18:03:41","modified_gmt":"2024-02-04T21:03:41","slug":"94-anos-do-partido-comunista-do-vietnam","status":"publish","type":"post","link":"https:\/\/pcb.org.br\/portal2\/31317","title":{"rendered":"94 anos do Partido Comunista do Vietnam"},"content":{"rendered":"<p><img data-recalc-dims=\"1\" loading=\"lazy\" decoding=\"async\" data-attachment-id=\"31319\" data-permalink=\"https:\/\/pcb.org.br\/portal2\/31317\/emblem_of_vietnam_communist_party-svg-2\" data-orig-file=\"https:\/\/i0.wp.com\/pcb.org.br\/portal2\/wp-content\/uploads\/2024\/02\/Emblem_of_Vietnam_Communist_Party.svg-2.png?fit=532%2C480&amp;ssl=1\" data-orig-size=\"532,480\" data-comments-opened=\"0\" data-image-meta=\"{&quot;aperture&quot;:&quot;0&quot;,&quot;credit&quot;:&quot;&quot;,&quot;camera&quot;:&quot;&quot;,&quot;caption&quot;:&quot;&quot;,&quot;created_timestamp&quot;:&quot;0&quot;,&quot;copyright&quot;:&quot;&quot;,&quot;focal_length&quot;:&quot;0&quot;,&quot;iso&quot;:&quot;0&quot;,&quot;shutter_speed&quot;:&quot;0&quot;,&quot;title&quot;:&quot;&quot;,&quot;orientation&quot;:&quot;0&quot;}\" data-image-title=\"Emblem_of_Vietnam_Communist_Party.svg (2)\" data-image-description=\"\" data-image-caption=\"\" data-large-file=\"https:\/\/i0.wp.com\/pcb.org.br\/portal2\/wp-content\/uploads\/2024\/02\/Emblem_of_Vietnam_Communist_Party.svg-2.png?fit=532%2C480&amp;ssl=1\" class=\"alignnone size-full wp-image-31319\" src=\"https:\/\/i0.wp.com\/pcb.org.br\/portal2\/wp-content\/uploads\/2024\/02\/Emblem_of_Vietnam_Communist_Party.svg-2.png?resize=532%2C480&#038;ssl=1\" alt=\"\" width=\"532\" height=\"480\" srcset=\"https:\/\/i0.wp.com\/pcb.org.br\/portal2\/wp-content\/uploads\/2024\/02\/Emblem_of_Vietnam_Communist_Party.svg-2.png?w=532&amp;ssl=1 532w, https:\/\/i0.wp.com\/pcb.org.br\/portal2\/wp-content\/uploads\/2024\/02\/Emblem_of_Vietnam_Communist_Party.svg-2.png?resize=300%2C271&amp;ssl=1 300w\" sizes=\"auto, (max-width: 532px) 100vw, 532px\" \/><!--more--><\/p>\n<p>Aos camaradas do Partido Comunista do Viet Nam<\/p>\n<p>Prezados camaradas<\/p>\n<p>O Partido Comunista Brasileiro &#8211; PCB &#8211; sa\u00fada os 94 anos de funda\u00e7\u00e3o do Partido Comunista do Viet Nam, ocorrido em 03\/02. Os camaradas do PC do Viet Nam lideraram a vitoriosa resist\u00eancia armada contra o imperialismo estadunidense e infligiram ao maior e mais poderoso Ex\u00e9rcito do Ocidente a maior derrota militar e pol\u00edtica de sua hist\u00f3ria.<\/p>\n<p>O PCB felicita os camaradas do PC do Viet Nam pelo anivers\u00e1rio de funda\u00e7\u00e3o de vosso Partido e expressa nosso vivo interesse em aprofundar os la\u00e7os de camaradagem, solidariedade internacionalista e interc\u00e2mbio de informa\u00e7\u00f5es, em especial acerca da experi\u00eancia da constru\u00e7\u00e3o do socialismo em vosso pa\u00eds.<\/p>\n<p>VIVA OS 94 ANOS DA FUN\u00c7\u00c3O DO PC DO VIET NAM!<\/p>\n<p>ABAIXO O IMPERIALISMO, VIVA O SOCIALISMO!<\/p>\n<p>&nbsp;<\/p>\n<p>Sauda\u00e7\u00f5es camaradas<\/p>\n<p>Partido Comunista Brasileiro &#8211; PCB<\/p>\n<p>Comit\u00ea Central &#8211; Secretaria de Rela\u00e7\u00f5es Internacionais<\/p>\n<p>=============================================================================================================================<\/p>\n<p><img data-recalc-dims=\"1\" loading=\"lazy\" decoding=\"async\" data-attachment-id=\"31320\" data-permalink=\"https:\/\/pcb.org.br\/portal2\/31317\/vietna-94-anos\" data-orig-file=\"https:\/\/i0.wp.com\/pcb.org.br\/portal2\/wp-content\/uploads\/2024\/02\/Vietna-94-anos.jpg?fit=800%2C527&amp;ssl=1\" data-orig-size=\"800,527\" data-comments-opened=\"0\" data-image-meta=\"{&quot;aperture&quot;:&quot;0&quot;,&quot;credit&quot;:&quot;&quot;,&quot;camera&quot;:&quot;&quot;,&quot;caption&quot;:&quot;&quot;,&quot;created_timestamp&quot;:&quot;0&quot;,&quot;copyright&quot;:&quot;&quot;,&quot;focal_length&quot;:&quot;0&quot;,&quot;iso&quot;:&quot;0&quot;,&quot;shutter_speed&quot;:&quot;0&quot;,&quot;title&quot;:&quot;&quot;,&quot;orientation&quot;:&quot;0&quot;}\" data-image-title=\"Vietn\u00e3 94 anos\" data-image-description=\"\" data-image-caption=\"\" data-large-file=\"https:\/\/i0.wp.com\/pcb.org.br\/portal2\/wp-content\/uploads\/2024\/02\/Vietna-94-anos.jpg?fit=747%2C492&amp;ssl=1\" class=\"alignnone size-full wp-image-31320\" src=\"https:\/\/i0.wp.com\/pcb.org.br\/portal2\/wp-content\/uploads\/2024\/02\/Vietna-94-anos.jpg?resize=747%2C492&#038;ssl=1\" alt=\"\" width=\"747\" height=\"492\" srcset=\"https:\/\/i0.wp.com\/pcb.org.br\/portal2\/wp-content\/uploads\/2024\/02\/Vietna-94-anos.jpg?w=800&amp;ssl=1 800w, https:\/\/i0.wp.com\/pcb.org.br\/portal2\/wp-content\/uploads\/2024\/02\/Vietna-94-anos.jpg?resize=300%2C198&amp;ssl=1 300w, https:\/\/i0.wp.com\/pcb.org.br\/portal2\/wp-content\/uploads\/2024\/02\/Vietna-94-anos.jpg?resize=768%2C506&amp;ssl=1 768w\" sizes=\"auto, (max-width: 747px) 100vw, 747px\" \/><\/p>\n<p>To the comrades of the Communist Party of Vietnam<\/p>\n<p>Dear comrades:<\/p>\n<p>The Brazilian Communist Party &#8211; PCB &#8211; salutes the 94th anniversary of the founding of the Communist Party of Vietnam, which took place on 02\/03 p.p. The comrades of the PC of Vietnam led the victorious armed resistance against US imperialism and inflicted on the largest and most powerful Army the West the greatest military and political defeat in its history.<\/p>\n<p>The PCB congratulates the comrades of the PC of Vietnam on the anniversary of the founding of your Party and expresses our keen interest in deepening the bonds of camaraderie, internationalist solidarity and exchange of information, especially regarding the experience of building socialism in your country.<\/p>\n<p>LONG LIVE 94 YEARS OF VIET NAM PC FUNCTION!<\/p>\n<p>DOWN WITH IMPERIALISM, LONG LIVE SOCIALISM!<\/p>\n<p>Greetings comrades<\/p>\n<p>Brazilian Communist Party &#8211; PCB<\/p>\n<p>Central Committee &#8211; Secretariat for International Relations<\/p>\n","protected":false},"excerpt":{"rendered":"<a class=\"moretag\" href=\"https:\/\/pcb.org.br\/portal2\/31317\"> <\/a>","protected":false},"author":8,"featured_media":0,"comment_status":"closed","ping_status":"closed","sticky":false,"template":"","format":"standard","meta":{"jetpack_post_was_ever_published":false,"_jetpack_newsletter_access":"","_jetpack_dont_email_post_to_subs":false,"_jetpack_newsletter_tier_id":0,"_jetpack_memberships_contains_paywalled_content":false,"_jetpack_memberships_contains_paid_content":false,"footnotes":"","jetpack_publicize_message":"","jetpack_publicize_feature_enabled":true,"jetpack_social_post_already_shared":true,"jetpack_social_options":{"image_generator_settings":{"template":"highway","default_image_id":0,"font":"","enabled":false},"version":2}},"categories":[181,37,242,9,146,26,263],"tags":[226,246],"class_list":["post-31317","post","type-post","status-publish","format-standard","hentry","category-asia","category-c42-comunistas","category-eipco","category-s10-internacional","category-internacionalismo","category-c25-notas-politicas-do-pcb","category-vietna","tag-4b","tag-np"],"jetpack_publicize_connections":[],"jetpack_featured_media_url":"","jetpack_shortlink":"https:\/\/wp.me\/p659gw-897","jetpack-related-posts":[],"jetpack_likes_enabled":true,"jetpack_sharing_enabled":true,"_links":{"self":[{"href":"https:\/\/pcb.org.br\/portal2\/wp-json\/wp\/v2\/posts\/31317","targetHints":{"allow":["GET"]}}],"collection":[{"href":"https:\/\/pcb.org.br\/portal2\/wp-json\/wp\/v2\/posts"}],"about":[{"href":"https:\/\/pcb.org.br\/portal2\/wp-json\/wp\/v2\/types\/post"}],"author":[{"embeddable":true,"href":"https:\/\/pcb.org.br\/portal2\/wp-json\/wp\/v2\/users\/8"}],"replies":[{"embeddable":true,"href":"https:\/\/pcb.org.br\/portal2\/wp-json\/wp\/v2\/comments?post=31317"}],"version-history":[{"count":1,"href":"https:\/\/pcb.org.br\/portal2\/wp-json\/wp\/v2\/posts\/31317\/revisions"}],"predecessor-version":[{"id":31321,"href":"https:\/\/pcb.org.br\/portal2\/wp-json\/wp\/v2\/posts\/31317\/revisions\/31321"}],"wp:attachment":[{"href":"https:\/\/pcb.org.br\/portal2\/wp-json\/wp\/v2\/media?parent=31317"}],"wp:term":[{"taxonomy":"category","embeddable":true,"href":"https:\/\/pcb.org.br\/portal2\/wp-json\/wp\/v2\/categories?post=31317"},{"taxonomy":"post_tag","embeddable":true,"href":"https:\/\/pcb.org.br\/portal2\/wp-json\/wp\/v2\/tags?post=31317"}],"curies":[{"name":"wp","href":"https:\/\/api.w.org\/{rel}","templated":true}]}}